{"id":40547,"date":"2013-12-11T09:19:35","date_gmt":"2013-12-11T12:19:35","guid":{"rendered":"http:\/\/www.eltrabajo.cl\/portal\/?p=40547"},"modified":"2013-12-11T09:19:35","modified_gmt":"2013-12-11T12:19:35","slug":"escandalo-en-expropiacion-para-construir-nuevo-complejo-los-libertadores","status":"publish","type":"post","link":"https:\/\/eltrabajo.cl\/portal\/escandalo-en-expropiacion-para-construir-nuevo-complejo-los-libertadores\/","title":{"rendered":"Esc\u00e1ndalo en expropiaci\u00f3n para construir nuevo complejo Los Libertadores"},"content":{"rendered":"<figure id=\"attachment_40548\" aria-describedby=\"caption-attachment-40548\" style=\"width: 529px\" class=\"wp-caption alignnone\"><a href=\"https:\/\/i0.wp.com\/www.eltrabajo.cl\/portal\/wp-content\/uploads\/2013\/12\/nuevo-complejo53.jpg\"><img data-recalc-dims=\"1\" loading=\"lazy\" decoding=\"async\" class=\"size-full wp-image-40548\" title=\"El terreno es necesario para complementar la superficie total del nuevo complejo.\" alt=\"El terreno es necesario para complementar la superficie total del nuevo complejo.\" src=\"https:\/\/i0.wp.com\/www.eltrabajo.cl\/portal\/wp-content\/uploads\/2013\/12\/nuevo-complejo53.jpg?resize=529%2C336\" width=\"529\" height=\"336\" srcset=\"https:\/\/i0.wp.com\/eltrabajo.cl\/portal\/wp-content\/uploads\/2013\/12\/nuevo-complejo53.jpg?w=529&amp;ssl=1 529w, https:\/\/i0.wp.com\/eltrabajo.cl\/portal\/wp-content\/uploads\/2013\/12\/nuevo-complejo53.jpg?resize=200%2C127&amp;ssl=1 200w, https:\/\/i0.wp.com\/eltrabajo.cl\/portal\/wp-content\/uploads\/2013\/12\/nuevo-complejo53.jpg?resize=300%2C190&amp;ssl=1 300w, https:\/\/i0.wp.com\/eltrabajo.cl\/portal\/wp-content\/uploads\/2013\/12\/nuevo-complejo53.jpg?resize=150%2C95&amp;ssl=1 150w, https:\/\/i0.wp.com\/eltrabajo.cl\/portal\/wp-content\/uploads\/2013\/12\/nuevo-complejo53.jpg?resize=400%2C254&amp;ssl=1 400w\" sizes=\"auto, (max-width: 529px) 100vw, 529px\" \/><\/a><figcaption id=\"caption-attachment-40548\" class=\"wp-caption-text\">El terreno es necesario para complementar la superficie total del nuevo complejo.<\/figcaption><\/figure>\n<ul>\n<li><strong>Se autoriz\u00f3 una indemnizaci\u00f3n de 1.600 millones de pesos por una franja de terreno cuyo aval\u00fao fiscal es de casi tres millones.<\/strong><\/li>\n<\/ul>\n<p><strong>LOS ANDES.<\/strong>&#8211; En un hecho que a lo menos merece una explicaci\u00f3n por parte de las autoridades, el Ministerio de Obras P\u00fablicas pagar\u00e1 una indemnizaci\u00f3n de 1.600 millones de pesos por un terreno de 3 mil metros cuadrados donde se pretende construir el nuevo complejo fronterizo los Libertadores.<\/p>\n<p>Se trata de una franja de terreno ubicada en el sector del Llano de Calavera y que es complementario al terreno que Bienes Nacionales ya traspas\u00f3 al Ministerio del Interior para la ejecuci\u00f3n de la obra.<\/p>\n<p>Seg\u00fan informaci\u00f3n develada por Radio B\u00edo B\u00edo, el MOP habr\u00eda autorizado el pago de estos 1.600 millones de pesos a la empresa Tangerine S.A. due\u00f1a de este terreno, cuyo aval\u00fao fiscal de acuerdo al Servicio de Impuestos Internos es de $ 2.764.339.<\/p>\n<p>Sin embargo, el decreto del Ministerio de Obras P\u00fablicas con fecha 8 de noviembre de este a\u00f1o, se habr\u00eda autorizado la cancelaci\u00f3n de $1.618.253.700 a la empresa propietaria como indemnizaci\u00f3n.<\/p>\n<p>Este pago resulta a lo menos grotesco dada la diferencia que existe entre el aval\u00fao fiscal y el dinero que se pagar\u00e1 por esta indemnizaci\u00f3n.<\/p>\n<p>Hasta el momento no existe un pronunciamiento oficial de las autoridades respecto a esta situaci\u00f3n.<\/p>\n<p>&nbsp;<\/p>\n","protected":false},"excerpt":{"rendered":"<p>Se autoriz\u00f3 una indemnizaci\u00f3n de 1.600 millones de pesos por una franja de terreno cuyo aval\u00fao fiscal es de casi tres millones. LOS ANDES.&#8211; En un hecho que a lo menos merece&#8230;<\/p>\n","protected":false},"author":482,"featured_media":40548,"comment_status":"open","ping_status":"closed","sticky":false,"template":"","format":"standard","meta":{"advanced_seo_description":"","jetpack_seo_html_title":"","jetpack_seo_noindex":false,"_jetpack_memberships_contains_paid_content":false,"footnotes":""},"categories":[1],"tags":[],"class_list":["post-40547","post","type-post","status-publish","format-standard","has-post-thumbnail","hentry","category-cronica"],"jetpack_featured_media_url":"https:\/\/i0.wp.com\/eltrabajo.cl\/portal\/wp-content\/uploads\/2013\/12\/nuevo-complejo53.jpg?fit=529%2C336&ssl=1","jetpack_sharing_enabled":true,"jetpack_likes_enabled":true,"jetpack-related-posts":[],"_links":{"self":[{"href":"https:\/\/eltrabajo.cl\/portal\/wp-json\/wp\/v2\/posts\/40547","targetHints":{"allow":["GET"]}}],"collection":[{"href":"https:\/\/eltrabajo.cl\/portal\/wp-json\/wp\/v2\/posts"}],"about":[{"href":"https:\/\/eltrabajo.cl\/portal\/wp-json\/wp\/v2\/types\/post"}],"author":[{"embeddable":true,"href":"https:\/\/eltrabajo.cl\/portal\/wp-json\/wp\/v2\/users\/482"}],"replies":[{"embeddable":true,"href":"https:\/\/eltrabajo.cl\/portal\/wp-json\/wp\/v2\/comments?post=40547"}],"version-history":[{"count":0,"href":"https:\/\/eltrabajo.cl\/portal\/wp-json\/wp\/v2\/posts\/40547\/revisions"}],"wp:featuredmedia":[{"embeddable":true,"href":"https:\/\/eltrabajo.cl\/portal\/wp-json\/wp\/v2\/media\/40548"}],"wp:attachment":[{"href":"https:\/\/eltrabajo.cl\/portal\/wp-json\/wp\/v2\/media?parent=40547"}],"wp:term":[{"taxonomy":"category","embeddable":true,"href":"https:\/\/eltrabajo.cl\/portal\/wp-json\/wp\/v2\/categories?post=40547"},{"taxonomy":"post_tag","embeddable":true,"href":"https:\/\/eltrabajo.cl\/portal\/wp-json\/wp\/v2\/tags?post=40547"}],"curies":[{"name":"wp","href":"https:\/\/api.w.org\/{rel}","templated":true}]}}