{"id":40553,"date":"2013-12-11T09:23:15","date_gmt":"2013-12-11T12:23:15","guid":{"rendered":"http:\/\/www.eltrabajo.cl\/portal\/?p=40553"},"modified":"2013-12-11T09:23:15","modified_gmt":"2013-12-11T12:23:15","slug":"colorida-gala-artistica-de-la-escuela-jose-manso-de-velasco","status":"publish","type":"post","link":"https:\/\/eltrabajo.cl\/portal\/colorida-gala-artistica-de-la-escuela-jose-manso-de-velasco\/","title":{"rendered":"Colorida Gala Art\u00edstica de la escuela Jos\u00e9 Manso de Velasco"},"content":{"rendered":"<figure id=\"attachment_40554\" aria-describedby=\"caption-attachment-40554\" style=\"width: 528px\" class=\"wp-caption alignnone\"><a href=\"https:\/\/i0.wp.com\/www.eltrabajo.cl\/portal\/wp-content\/uploads\/2013\/12\/gala-manso-velasco-2.jpg\"><img data-recalc-dims=\"1\" loading=\"lazy\" decoding=\"async\" class=\"size-full wp-image-40554\" title=\"Los mimos fueron una de las tantas personificaciones que realizaron los alumnos.\" alt=\"Los mimos fueron una de las tantas personificaciones que realizaron los alumnos.\" src=\"https:\/\/i0.wp.com\/www.eltrabajo.cl\/portal\/wp-content\/uploads\/2013\/12\/gala-manso-velasco-2.jpg?resize=528%2C397\" width=\"528\" height=\"397\" srcset=\"https:\/\/i0.wp.com\/eltrabajo.cl\/portal\/wp-content\/uploads\/2013\/12\/gala-manso-velasco-2.jpg?w=528&amp;ssl=1 528w, https:\/\/i0.wp.com\/eltrabajo.cl\/portal\/wp-content\/uploads\/2013\/12\/gala-manso-velasco-2.jpg?resize=200%2C150&amp;ssl=1 200w, https:\/\/i0.wp.com\/eltrabajo.cl\/portal\/wp-content\/uploads\/2013\/12\/gala-manso-velasco-2.jpg?resize=300%2C225&amp;ssl=1 300w, https:\/\/i0.wp.com\/eltrabajo.cl\/portal\/wp-content\/uploads\/2013\/12\/gala-manso-velasco-2.jpg?resize=150%2C112&amp;ssl=1 150w, https:\/\/i0.wp.com\/eltrabajo.cl\/portal\/wp-content\/uploads\/2013\/12\/gala-manso-velasco-2.jpg?resize=400%2C300&amp;ssl=1 400w\" sizes=\"auto, (max-width: 528px) 100vw, 528px\" \/><\/a><figcaption id=\"caption-attachment-40554\" class=\"wp-caption-text\">Los mimos fueron una de las tantas personificaciones que realizaron los alumnos.<\/figcaption><\/figure>\n<p>Como ya es tradicional, la escuela Jos\u00e9 Manso de Velasco realiz\u00f3 su tradicional gala art\u00edstica correspondiente al a\u00f1o 2013<\/p>\n<p>La actividad que se desarroll\u00f3 en el gimnasio del Liceo Dr. Roberto Humeres Oyaneder, cont\u00f3 con la participaci\u00f3n de todos los alumnos del establecimiento, de pre K\u00ednder a Octavo b\u00e1sico, quienes con una hermosa ornamentaci\u00f3n, la que recreaba el colorido y alegr\u00eda de una funci\u00f3n de circo, desarrollaron los m\u00e1s variados n\u00fameros art\u00edsticos.<\/p>\n<figure id=\"attachment_40555\" aria-describedby=\"caption-attachment-40555\" style=\"width: 422px\" class=\"wp-caption alignright\"><a href=\"https:\/\/i0.wp.com\/www.eltrabajo.cl\/portal\/wp-content\/uploads\/2013\/12\/gala-manso-velasco-3.jpg\"><img data-recalc-dims=\"1\" loading=\"lazy\" decoding=\"async\" class=\" wp-image-40555 \" title=\"Una hermosa ornamentaci\u00f3n recre\u00f3 el colorido y alegr\u00eda de una funci\u00f3n de circo donde los peque\u00f1os desarrollaron los m\u00e1s variados n\u00fameros art\u00edsticos.\" alt=\"Una hermosa ornamentaci\u00f3n recre\u00f3 el colorido y alegr\u00eda de una funci\u00f3n de circo donde los peque\u00f1os desarrollaron los m\u00e1s variados n\u00fameros art\u00edsticos.\" src=\"https:\/\/i0.wp.com\/www.eltrabajo.cl\/portal\/wp-content\/uploads\/2013\/12\/gala-manso-velasco-3.jpg?resize=422%2C318\" width=\"422\" height=\"318\" srcset=\"https:\/\/i0.wp.com\/eltrabajo.cl\/portal\/wp-content\/uploads\/2013\/12\/gala-manso-velasco-3.jpg?w=528&amp;ssl=1 528w, https:\/\/i0.wp.com\/eltrabajo.cl\/portal\/wp-content\/uploads\/2013\/12\/gala-manso-velasco-3.jpg?resize=200%2C150&amp;ssl=1 200w, https:\/\/i0.wp.com\/eltrabajo.cl\/portal\/wp-content\/uploads\/2013\/12\/gala-manso-velasco-3.jpg?resize=300%2C225&amp;ssl=1 300w, https:\/\/i0.wp.com\/eltrabajo.cl\/portal\/wp-content\/uploads\/2013\/12\/gala-manso-velasco-3.jpg?resize=150%2C112&amp;ssl=1 150w, https:\/\/i0.wp.com\/eltrabajo.cl\/portal\/wp-content\/uploads\/2013\/12\/gala-manso-velasco-3.jpg?resize=400%2C300&amp;ssl=1 400w\" sizes=\"auto, (max-width: 422px) 100vw, 422px\" \/><\/a><figcaption id=\"caption-attachment-40555\" class=\"wp-caption-text\">Una hermosa ornamentaci\u00f3n recre\u00f3 el colorido y alegr\u00eda de una funci\u00f3n de circo donde los peque\u00f1os desarrollaron los m\u00e1s variados n\u00fameros art\u00edsticos.<\/figcaption><\/figure>\n<p>Uno a uno, los cursos realizaban sus coloridas presentaciones, las que abordaban rutinas de destreza f\u00edsica, hermosos bailes, mimos, payasos, entre otros, los cuales eran seguidos atentamente por padres y apoderados, quienes orgullosos, presenciaban cada uno de los n\u00fameros art\u00edsticos.<\/p>\n<p>Con esta actividad, tambi\u00e9n se est\u00e1 poniendo t\u00e9rmino al periodo regular de clases correspondiente al a\u00f1o 2013.<\/p>\n<p>Paola Rojas Fajardo, Directora de la escuela Jos\u00e9 Manso de Velasco, destac\u00f3 que \u201cpara esta actividad participaron todos quienes participan de la comunidad educativa, logrando realizar un espect\u00e1culo maravilloso, del que participaron con mucho entusiasmo y alegr\u00eda los alumnos del establecimiento, por lo que estamos muy felices\u201d.<\/p>\n<p>Adem\u00e1s, consultada por la evaluaci\u00f3n que realiza al a\u00f1o 2013, la docente se\u00f1al\u00f3 que \u201cestamos muy contentos, porque las metas y objetivos se han cumplido a cabalidad, por tal motivo, nos planteamos metas m\u00e1s ambiciosas, las que estamos seguros que podemos cumplir, ayudando a nuestros 285 alumnos a salir adelante en materias educacionales, destacando \u00e1reas como el Programa de Integraci\u00f3n Escolar (PIE) lo que pone a disposici\u00f3n del alumnado y la comunidad en general, un equipo multidisciplinario para abordar las diversas tem\u00e1ticas en el desarrollo de los alumnos, lo que genera una interesante ventaja para quienes desean una muy buena alternativa educacional para el a\u00f1o 2014\u201d.<\/p>\n<p>&nbsp;<\/p>\n","protected":false},"excerpt":{"rendered":"<p>Como ya es tradicional, la escuela Jos\u00e9 Manso de Velasco realiz\u00f3 su tradicional gala art\u00edstica correspondiente al a\u00f1o 2013 La actividad que se desarroll\u00f3 en el gimnasio del Liceo Dr. Roberto Humeres&#8230;<\/p>\n","protected":false},"author":482,"featured_media":40554,"comment_status":"open","ping_status":"closed","sticky":false,"template":"","format":"standard","meta":{"advanced_seo_description":"","jetpack_seo_html_title":"","jetpack_seo_noindex":false,"_jetpack_memberships_contains_paid_content":false,"footnotes":""},"categories":[15],"tags":[],"class_list":["post-40553","post","type-post","status-publish","format-standard","has-post-thumbnail","hentry","category-comunidad"],"jetpack_featured_media_url":"https:\/\/i0.wp.com\/eltrabajo.cl\/portal\/wp-content\/uploads\/2013\/12\/gala-manso-velasco-2.jpg?fit=528%2C397&ssl=1","jetpack_sharing_enabled":true,"jetpack_likes_enabled":true,"jetpack-related-posts":[],"_links":{"self":[{"href":"https:\/\/eltrabajo.cl\/portal\/wp-json\/wp\/v2\/posts\/40553","targetHints":{"allow":["GET"]}}],"collection":[{"href":"https:\/\/eltrabajo.cl\/portal\/wp-json\/wp\/v2\/posts"}],"about":[{"href":"https:\/\/eltrabajo.cl\/portal\/wp-json\/wp\/v2\/types\/post"}],"author":[{"embeddable":true,"href":"https:\/\/eltrabajo.cl\/portal\/wp-json\/wp\/v2\/users\/482"}],"replies":[{"embeddable":true,"href":"https:\/\/eltrabajo.cl\/portal\/wp-json\/wp\/v2\/comments?post=40553"}],"version-history":[{"count":0,"href":"https:\/\/eltrabajo.cl\/portal\/wp-json\/wp\/v2\/posts\/40553\/revisions"}],"wp:featuredmedia":[{"embeddable":true,"href":"https:\/\/eltrabajo.cl\/portal\/wp-json\/wp\/v2\/media\/40554"}],"wp:attachment":[{"href":"https:\/\/eltrabajo.cl\/portal\/wp-json\/wp\/v2\/media?parent=40553"}],"wp:term":[{"taxonomy":"category","embeddable":true,"href":"https:\/\/eltrabajo.cl\/portal\/wp-json\/wp\/v2\/categories?post=40553"},{"taxonomy":"post_tag","embeddable":true,"href":"https:\/\/eltrabajo.cl\/portal\/wp-json\/wp\/v2\/tags?post=40553"}],"curies":[{"name":"wp","href":"https:\/\/api.w.org\/{rel}","templated":true}]}}