{"id":40561,"date":"2013-12-11T09:25:54","date_gmt":"2013-12-11T12:25:54","guid":{"rendered":"http:\/\/www.eltrabajo.cl\/portal\/?p=40561"},"modified":"2013-12-11T09:25:54","modified_gmt":"2013-12-11T12:25:54","slug":"hoy-parte-el-semillero-con-clases-de-tenis-en-club-valle-de-aconcagua","status":"publish","type":"post","link":"https:\/\/eltrabajo.cl\/portal\/hoy-parte-el-semillero-con-clases-de-tenis-en-club-valle-de-aconcagua\/","title":{"rendered":"Hoy parte el \u2018semillero\u2019 con clases de tenis en club Valle de Aconcagua"},"content":{"rendered":"<figure id=\"attachment_40562\" aria-describedby=\"caption-attachment-40562\" style=\"width: 529px\" class=\"wp-caption alignnone\"><a href=\"https:\/\/i0.wp.com\/www.eltrabajo.cl\/portal\/wp-content\/uploads\/2013\/12\/club-de-tenis.jpg\"><img data-recalc-dims=\"1\" loading=\"lazy\" decoding=\"async\" class=\"size-full wp-image-40562\" title=\"Hoy mi\u00e9rcoles comenzar\u00e1n las clases de tenis en el \u2018semillero\u2019 del Club de Tenis Valle de Aconcagua. \" alt=\"Hoy mi\u00e9rcoles comenzar\u00e1n las clases de tenis en el \u2018semillero\u2019 del Club de Tenis Valle de Aconcagua. \" src=\"https:\/\/i0.wp.com\/www.eltrabajo.cl\/portal\/wp-content\/uploads\/2013\/12\/club-de-tenis.jpg?resize=529%2C366\" width=\"529\" height=\"366\" srcset=\"https:\/\/i0.wp.com\/eltrabajo.cl\/portal\/wp-content\/uploads\/2013\/12\/club-de-tenis.jpg?w=529&amp;ssl=1 529w, https:\/\/i0.wp.com\/eltrabajo.cl\/portal\/wp-content\/uploads\/2013\/12\/club-de-tenis.jpg?resize=200%2C138&amp;ssl=1 200w, https:\/\/i0.wp.com\/eltrabajo.cl\/portal\/wp-content\/uploads\/2013\/12\/club-de-tenis.jpg?resize=300%2C207&amp;ssl=1 300w, https:\/\/i0.wp.com\/eltrabajo.cl\/portal\/wp-content\/uploads\/2013\/12\/club-de-tenis.jpg?resize=150%2C103&amp;ssl=1 150w, https:\/\/i0.wp.com\/eltrabajo.cl\/portal\/wp-content\/uploads\/2013\/12\/club-de-tenis.jpg?resize=400%2C276&amp;ssl=1 400w\" sizes=\"auto, (max-width: 529px) 100vw, 529px\" \/><\/a><figcaption id=\"caption-attachment-40562\" class=\"wp-caption-text\">Hoy mi\u00e9rcoles comenzar\u00e1n las clases de tenis en el \u2018semillero\u2019 del Club de Tenis Valle de Aconcagua.<\/figcaption><\/figure>\n<ul>\n<li><strong>Un entretenido verano practicando tenis tendr\u00e1n los ni\u00f1os de San Felipe que asistan a estas clases.<\/strong><\/li>\n<\/ul>\n<p>Este martes comenz\u00f3 a desarrollarse un nuevo programa deportivo enfocado en los ni\u00f1os de San Felipe en el Club de Tenis Valle de Aconcagua y que se extender\u00e1 hasta el 7 de febrero del 2014.<\/p>\n<p>El proyecto se est\u00e1 desarrollando a trav\u00e9s del 2% de Deporte del Gobierno Regional y contempla clases de tenis para los ni\u00f1os de la comuna, a cargo de varios profesores, que estar\u00e1n divididos por edades y que se desarrollar\u00e1n los martes, jueves y viernes.<\/p>\n<p>La inauguraci\u00f3n fue realizada este martes y a ella asistieron el Alcalde Patricio Freire, el Dideco de la Municipalidad, Pablo Silva, el director de Deportes del municipio, Danilo Pe\u00f1a y el Consejero Regional Eduardo Le\u00f3n.<\/p>\n<p>\u201cLa convocatoria es abierta a todos los ni\u00f1os de la comuna de San Felipe, para que vengan a practicar este deporte. Esta disciplina no es masiva, hoy d\u00eda la estamos haciendo masiva y significa que nosotros estamos poniendo los profesores en estas cl\u00ednicas de tenis para tener futuros \u2018Chino R\u00edos\u2019\u201d, dijo el Alcalde Freire.<\/p>\n<p>Este proyecto fue presentado al Gobierno Regional y significa una inversi\u00f3n de alrededor de siete millones de pesos, que permiten la compra de implementaci\u00f3n deportiva para los ni\u00f1os que participen en la iniciativa, entre la que se cuenta raquetas, pelotas, carros, lo que permite que los profesores realicen una buena labor con los peque\u00f1os.<\/p>\n<p>Las clases comienzan este mi\u00e9rcoles 11 de diciembre y se extender\u00e1n hasta el 7 de febrero, adem\u00e1s de dos cl\u00ednicas de tenis a cago de Guillermo Rivera.<\/p>\n<p>\u201c\u00c9l va a estar con los chicos compartiendo su experiencia y en la cancha con los ni\u00f1os y j\u00f3venes, as\u00ed que es muy atractiva esta escuela de tenis y est\u00e1 toda la comunidad invitada\u201d.<\/p>\n<p>Los ni\u00f1os interesados deben llegar directamente al club que se ubica en la avenida Yungay y las clases se dividir\u00e1n por edades. Es as\u00ed que desde las 9 y hasta las 10 de la ma\u00f1ana practicar\u00e1n los ni\u00f1os entre 5 y 10 a\u00f1os de edad, entre las 10 y las 11 horas se desarrolla la escuela para ni\u00f1os entre 11 y 14 a\u00f1os y entre las 11 y las 12 horas trabajar\u00e1n los ni\u00f1os entre 15 y 18 a\u00f1os<\/p>\n<p>La inversi\u00f3n realizada en esta oportunidad permitir\u00e1 que la pr\u00e1ctica del tenis se siga desarrollando durante el pr\u00f3ximo a\u00f1o, ya que la implementaci\u00f3n queda a disposici\u00f3n de la Municipalidad y del club para continuar las clases.<\/p>\n<p>&nbsp;<\/p>\n","protected":false},"excerpt":{"rendered":"<p>Un entretenido verano practicando tenis tendr\u00e1n los ni\u00f1os de San Felipe que asistan a estas clases. Este martes comenz\u00f3 a desarrollarse un nuevo programa deportivo enfocado en los ni\u00f1os de San Felipe&#8230;<\/p>\n","protected":false},"author":482,"featured_media":40562,"comment_status":"open","ping_status":"closed","sticky":false,"template":"","format":"standard","meta":{"advanced_seo_description":"","jetpack_seo_html_title":"","jetpack_seo_noindex":false,"_jetpack_memberships_contains_paid_content":false,"footnotes":""},"categories":[1],"tags":[],"class_list":["post-40561","post","type-post","status-publish","format-standard","has-post-thumbnail","hentry","category-cronica"],"jetpack_featured_media_url":"https:\/\/i0.wp.com\/eltrabajo.cl\/portal\/wp-content\/uploads\/2013\/12\/club-de-tenis.jpg?fit=529%2C366&ssl=1","jetpack_sharing_enabled":true,"jetpack_likes_enabled":true,"jetpack-related-posts":[],"_links":{"self":[{"href":"https:\/\/eltrabajo.cl\/portal\/wp-json\/wp\/v2\/posts\/40561","targetHints":{"allow":["GET"]}}],"collection":[{"href":"https:\/\/eltrabajo.cl\/portal\/wp-json\/wp\/v2\/posts"}],"about":[{"href":"https:\/\/eltrabajo.cl\/portal\/wp-json\/wp\/v2\/types\/post"}],"author":[{"embeddable":true,"href":"https:\/\/eltrabajo.cl\/portal\/wp-json\/wp\/v2\/users\/482"}],"replies":[{"embeddable":true,"href":"https:\/\/eltrabajo.cl\/portal\/wp-json\/wp\/v2\/comments?post=40561"}],"version-history":[{"count":0,"href":"https:\/\/eltrabajo.cl\/portal\/wp-json\/wp\/v2\/posts\/40561\/revisions"}],"wp:featuredmedia":[{"embeddable":true,"href":"https:\/\/eltrabajo.cl\/portal\/wp-json\/wp\/v2\/media\/40562"}],"wp:attachment":[{"href":"https:\/\/eltrabajo.cl\/portal\/wp-json\/wp\/v2\/media?parent=40561"}],"wp:term":[{"taxonomy":"category","embeddable":true,"href":"https:\/\/eltrabajo.cl\/portal\/wp-json\/wp\/v2\/categories?post=40561"},{"taxonomy":"post_tag","embeddable":true,"href":"https:\/\/eltrabajo.cl\/portal\/wp-json\/wp\/v2\/tags?post=40561"}],"curies":[{"name":"wp","href":"https:\/\/api.w.org\/{rel}","templated":true}]}}