{"id":40567,"date":"2013-12-11T09:28:04","date_gmt":"2013-12-11T12:28:04","guid":{"rendered":"http:\/\/www.eltrabajo.cl\/portal\/?p=40567"},"modified":"2013-12-11T09:28:04","modified_gmt":"2013-12-11T12:28:04","slug":"asociacion-de-comercio-y-turismo-llama-a-preferir-tiendas-locales-en-navidad","status":"publish","type":"post","link":"https:\/\/eltrabajo.cl\/portal\/asociacion-de-comercio-y-turismo-llama-a-preferir-tiendas-locales-en-navidad\/","title":{"rendered":"Asociaci\u00f3n de Comercio y Turismo llama a preferir tiendas locales en Navidad"},"content":{"rendered":"<figure id=\"attachment_40568\" aria-describedby=\"caption-attachment-40568\" style=\"width: 317px\" class=\"wp-caption alignleft\"><a href=\"https:\/\/i0.wp.com\/www.eltrabajo.cl\/portal\/wp-content\/uploads\/2013\/12\/Max-Navas.jpg\"><img data-recalc-dims=\"1\" loading=\"lazy\" decoding=\"async\" class=\" wp-image-40568 \" title=\"Max Navas, presidente de la Asociaci\u00f3n de Comercio y Turismo de Aconcagua, ACTA.\" alt=\"Max Navas, presidente de la Asociaci\u00f3n de Comercio y Turismo de Aconcagua, ACTA.\" src=\"https:\/\/i0.wp.com\/www.eltrabajo.cl\/portal\/wp-content\/uploads\/2013\/12\/Max-Navas.jpg?resize=317%2C403\" width=\"317\" height=\"403\" srcset=\"https:\/\/i0.wp.com\/eltrabajo.cl\/portal\/wp-content\/uploads\/2013\/12\/Max-Navas.jpg?w=529&amp;ssl=1 529w, https:\/\/i0.wp.com\/eltrabajo.cl\/portal\/wp-content\/uploads\/2013\/12\/Max-Navas.jpg?resize=118%2C150&amp;ssl=1 118w, https:\/\/i0.wp.com\/eltrabajo.cl\/portal\/wp-content\/uploads\/2013\/12\/Max-Navas.jpg?resize=236%2C300&amp;ssl=1 236w, https:\/\/i0.wp.com\/eltrabajo.cl\/portal\/wp-content\/uploads\/2013\/12\/Max-Navas.jpg?resize=400%2C508&amp;ssl=1 400w\" sizes=\"auto, (max-width: 317px) 100vw, 317px\" \/><\/a><figcaption id=\"caption-attachment-40568\" class=\"wp-caption-text\">Max Navas, presidente de la Asociaci\u00f3n de Comercio y Turismo de Aconcagua, ACTA.<\/figcaption><\/figure>\n<p>Un llamado a privilegiar, en el marco de las compras navide\u00f1as, las distintas alternativas de tiendas locales, formul\u00f3 el presidente de la Asociaci\u00f3n de Comercio y Turismo de Aconcagua, ACTA, Max Navas.<\/p>\n<p>Lo anterior no solo porque de esa manera su puede fortalecer el comercio local y hacer frente a la arremetida de las tiendas de retail, sino tambi\u00e9n porque los negocios, tiendas y bazares de la ciudad de San Felipe, tienen la caracter\u00edstica de brindar una atenci\u00f3n personalizada, de mayor preocupaci\u00f3n por el cliente y, de paso, ofreciendo las mismas garant\u00edas que cualquier otro establecimiento comercial.<\/p>\n<p>\u201cEn estas fechas el comercio y tambi\u00e9n el turismo se fortalecen, por lo que esperamos que la gente de Aconcagua compre en los locales del valle de Aconcagua. Hay que aprovechar que en v\u00edsperas de Navidad y A\u00f1o Nuevo, el comercio local abre m\u00e1s temprano, cerca de las 9 de la ma\u00f1ana, y cierra m\u00e1s tarde, a las 21.00 \u00f3 22.00 horas, adem\u00e1s muchas tiendas atienden en horario continuado, lo que facilita bastante a las personas para que puedan hacer sus compras. Eso s\u00ed, se resguardan las leyes laborales de los trabajadores, lo cual es muy importante\u201d, se\u00f1al\u00f3 Max Navas.<\/p>\n<p>A\u00f1adi\u00f3 precisamente que debido a la extensi\u00f3n horaria en la atenci\u00f3n, normalmente se contrata a m\u00e1s personas por estas fechas en las tiendas del comercio sanfelipe\u00f1o y aconcag\u00fcino en general, lo que favorece el empleo, sobre todo para los j\u00f3venes, que ven en esta instancia, la oportunidad para generar ingresos.<\/p>\n<p>El presidente de ACTA formul\u00f3 un llamado en este sentido a Carabineros, para que incremente los patrullajes preventivos y la presencia policial en las calles, dado que en esta fecha aumenta tambi\u00e9n el riesgo de delitos de robo y por lo tanto, es necesario darle garant\u00edas a la gente, en t\u00e9rminos que no tendr\u00e1 problemas para salir a comprar.<\/p>\n<p>De todos modos, el dirigente de los comerciantes y empresarios tur\u00edsticos, dijo que peri\u00f3dicamente se re\u00fanen con Carabineros, PDI y Gobernaci\u00f3n Provincial de San Felipe, a fin de plantear sus inquietudes, lo que ha permitido por ejemplo, adelantarse a estas fechas y conocer los planes de acci\u00f3n que tiene dispuesta la polic\u00eda.<\/p>\n<p>Consultado por las ventajas de comprar en el comercio establecido, se\u00f1al\u00f3 que \u201chay que destacar la atenci\u00f3n personalizada, normalmente atiende el due\u00f1o y su gente de confianza, entregando un servicio \u00edntegro, las garant\u00edas se reconocen y se entrega informaci\u00f3n detallada sobre las caracter\u00edsticas y calidad del producto que se vende\u201d.<\/p>\n<p>Max Navas finalmente formul\u00f3 un llamado a las personas a no olvidarse de que al momento de comprar, reciban la boleta que se les extiende, ya que con ese documento pueden hacer efectivos sus derechos como consumidores.<\/p>\n<p>&nbsp;<\/p>\n","protected":false},"excerpt":{"rendered":"<p>Un llamado a privilegiar, en el marco de las compras navide\u00f1as, las distintas alternativas de tiendas locales, formul\u00f3 el presidente de la Asociaci\u00f3n de Comercio y Turismo de Aconcagua, ACTA, Max Navas&#8230;.<\/p>\n","protected":false},"author":482,"featured_media":40568,"comment_status":"open","ping_status":"closed","sticky":false,"template":"","format":"standard","meta":{"advanced_seo_description":"","jetpack_seo_html_title":"","jetpack_seo_noindex":false,"_jetpack_memberships_contains_paid_content":false,"footnotes":""},"categories":[1],"tags":[],"class_list":["post-40567","post","type-post","status-publish","format-standard","has-post-thumbnail","hentry","category-cronica"],"jetpack_featured_media_url":"https:\/\/i0.wp.com\/eltrabajo.cl\/portal\/wp-content\/uploads\/2013\/12\/Max-Navas.jpg?fit=529%2C672&ssl=1","jetpack_sharing_enabled":true,"jetpack_likes_enabled":true,"jetpack-related-posts":[],"_links":{"self":[{"href":"https:\/\/eltrabajo.cl\/portal\/wp-json\/wp\/v2\/posts\/40567","targetHints":{"allow":["GET"]}}],"collection":[{"href":"https:\/\/eltrabajo.cl\/portal\/wp-json\/wp\/v2\/posts"}],"about":[{"href":"https:\/\/eltrabajo.cl\/portal\/wp-json\/wp\/v2\/types\/post"}],"author":[{"embeddable":true,"href":"https:\/\/eltrabajo.cl\/portal\/wp-json\/wp\/v2\/users\/482"}],"replies":[{"embeddable":true,"href":"https:\/\/eltrabajo.cl\/portal\/wp-json\/wp\/v2\/comments?post=40567"}],"version-history":[{"count":0,"href":"https:\/\/eltrabajo.cl\/portal\/wp-json\/wp\/v2\/posts\/40567\/revisions"}],"wp:featuredmedia":[{"embeddable":true,"href":"https:\/\/eltrabajo.cl\/portal\/wp-json\/wp\/v2\/media\/40568"}],"wp:attachment":[{"href":"https:\/\/eltrabajo.cl\/portal\/wp-json\/wp\/v2\/media?parent=40567"}],"wp:term":[{"taxonomy":"category","embeddable":true,"href":"https:\/\/eltrabajo.cl\/portal\/wp-json\/wp\/v2\/categories?post=40567"},{"taxonomy":"post_tag","embeddable":true,"href":"https:\/\/eltrabajo.cl\/portal\/wp-json\/wp\/v2\/tags?post=40567"}],"curies":[{"name":"wp","href":"https:\/\/api.w.org\/{rel}","templated":true}]}}