{"id":40571,"date":"2013-12-11T09:29:37","date_gmt":"2013-12-11T12:29:37","guid":{"rendered":"http:\/\/www.eltrabajo.cl\/portal\/?p=40571"},"modified":"2013-12-11T09:29:37","modified_gmt":"2013-12-11T12:29:37","slug":"municipio-profundizara-pozos-del-estadio-municipal-para-regar-la-cancha","status":"publish","type":"post","link":"https:\/\/eltrabajo.cl\/portal\/municipio-profundizara-pozos-del-estadio-municipal-para-regar-la-cancha\/","title":{"rendered":"Municipio profundizar\u00e1 pozos del Estadio Municipal para regar la cancha"},"content":{"rendered":"<figure id=\"attachment_40572\" aria-describedby=\"caption-attachment-40572\" style=\"width: 317px\" class=\"wp-caption alignleft\"><a href=\"https:\/\/i0.wp.com\/www.eltrabajo.cl\/portal\/wp-content\/uploads\/2013\/12\/Alcalde-Freire.jpg\"><img data-recalc-dims=\"1\" loading=\"lazy\" decoding=\"async\" class=\" wp-image-40572 \" title=\"El alcalde Patricio Freire se mostr\u00f3 decepcionado del intendente Celis porque no cumpli\u00f3 su compromiso de ayudarles con la profundizaci\u00f3n de los pozos del Estadio Municipal.\" alt=\"El alcalde Patricio Freire se mostr\u00f3 decepcionado del intendente Celis porque no cumpli\u00f3 su compromiso de ayudarles con la profundizaci\u00f3n de los pozos del Estadio Municipal.\" src=\"https:\/\/i0.wp.com\/www.eltrabajo.cl\/portal\/wp-content\/uploads\/2013\/12\/Alcalde-Freire.jpg?resize=317%2C238\" width=\"317\" height=\"238\" srcset=\"https:\/\/i0.wp.com\/eltrabajo.cl\/portal\/wp-content\/uploads\/2013\/12\/Alcalde-Freire.jpg?w=528&amp;ssl=1 528w, https:\/\/i0.wp.com\/eltrabajo.cl\/portal\/wp-content\/uploads\/2013\/12\/Alcalde-Freire.jpg?resize=200%2C150&amp;ssl=1 200w, https:\/\/i0.wp.com\/eltrabajo.cl\/portal\/wp-content\/uploads\/2013\/12\/Alcalde-Freire.jpg?resize=300%2C225&amp;ssl=1 300w, https:\/\/i0.wp.com\/eltrabajo.cl\/portal\/wp-content\/uploads\/2013\/12\/Alcalde-Freire.jpg?resize=150%2C112&amp;ssl=1 150w, https:\/\/i0.wp.com\/eltrabajo.cl\/portal\/wp-content\/uploads\/2013\/12\/Alcalde-Freire.jpg?resize=400%2C300&amp;ssl=1 400w\" sizes=\"auto, (max-width: 317px) 100vw, 317px\" \/><\/a><figcaption id=\"caption-attachment-40572\" class=\"wp-caption-text\">El alcalde Patricio Freire se mostr\u00f3 decepcionado del intendente Celis porque no cumpli\u00f3 su compromiso de ayudarles con la profundizaci\u00f3n de los pozos del Estadio Municipal.<\/figcaption><\/figure>\n<ul>\n<li><strong>Con recursos propios, la Municipalidad de San Felipe tendr\u00e1 que realizar los trabajos de profundizaci\u00f3n de los pozos con los cuales se abastece de agua para el riego de la cancha del Estadio Municipal, la que se encuentra en un deteriorado estado.<\/strong><\/li>\n<\/ul>\n<p>Fue una vez m\u00e1s motivo de cr\u00edticas en el \u00faltimo partido de Uni\u00f3n San Felipe. Y es que en realidad, ni para el p\u00fablico asistente ni para los espectadores que vieron por televisi\u00f3n el recuento de goles, pas\u00f3 desapercibido el mal estado de la cancha del Estadio Municipal, con verdaderos manchones que dejaban entrever la falta de riego y cuidados.<\/p>\n<p>Seg\u00fan explic\u00f3 el Alcalde Patricio Freire, todo esto pasa por la escasez h\u00eddrica. Ya que los pozos que abastec\u00edan de agua para regar el c\u00e9sped, se secaron, en tanto que al no estar inscritos estos pozos ante la Direcci\u00f3n de Obras Hidr\u00e1ulicas, no ha sido posible conseguir recursos para profundizarlos, por lo que la primera tarea que ha realizado la municipalidad es, precisamente, proceder al registro correspondiente.<\/p>\n<p>Es as\u00ed que hace varios meses la primera autoridad comunal se reuni\u00f3 con el Intendente Ra\u00fal Celis a fin de exponerle la problem\u00e1tica, recibiendo como respuesta, el compromiso del jefe regional, en cuanto a realizar un estudio de los pozos y colaborar en la profundizaci\u00f3n de los mismos.<\/p>\n<p>\u201cHasta el d\u00eda de hoy no hemos visto ninguna ayuda, ni intenci\u00f3n de colaborarnos en la profundizaci\u00f3n. Por lo mismo, hemos decidido realizar con recursos propios la profundizaci\u00f3n de estos pozos. Ellos vinieron, sacaron fotos, se hicieron las movidas para inscribir estos pozos, pero hasta el d\u00eda de hoy soluciones no hemos tenido. De ah\u00ed que vamos a tener que hacer, pese al elevado costo, estos trabajos nosotros\u201d, se\u00f1al\u00f3 la autoridad municipal.<\/p>\n<p>Explic\u00f3 que esperan regularizar pronto la inscripci\u00f3n de estos pozos, que de por vida han sido municipales, por lo que esperan en definitiva tener ayuda del Estado para su profundizaci\u00f3n, as\u00ed como de obras complementarias que permitan resolver este tema.<\/p>\n<p>\u201cYo lo dejo para la opini\u00f3n de la gente, pero cuando uno ve que se ha gastado una cantidad enorme de recursos para el canal\u00f3n, encuentro que es injusto no invertir en otros proyectos que son de importancia, como es este, el de profundizar los pozos que permiten dar vida a nuestro Estadio Municipal\u201d, puntualiz\u00f3 el Alcalde Freire.<\/p>\n<p>&nbsp;<\/p>\n","protected":false},"excerpt":{"rendered":"<p>Con recursos propios, la Municipalidad de San Felipe tendr\u00e1 que realizar los trabajos de profundizaci\u00f3n de los pozos con los cuales se abastece de agua para el riego de la cancha del&#8230;<\/p>\n","protected":false},"author":482,"featured_media":40572,"comment_status":"open","ping_status":"closed","sticky":false,"template":"","format":"standard","meta":{"advanced_seo_description":"","jetpack_seo_html_title":"","jetpack_seo_noindex":false,"_jetpack_memberships_contains_paid_content":false,"footnotes":""},"categories":[1],"tags":[],"class_list":["post-40571","post","type-post","status-publish","format-standard","has-post-thumbnail","hentry","category-cronica"],"jetpack_featured_media_url":"https:\/\/i0.wp.com\/eltrabajo.cl\/portal\/wp-content\/uploads\/2013\/12\/Alcalde-Freire.jpg?fit=528%2C396&ssl=1","jetpack_sharing_enabled":true,"jetpack_likes_enabled":true,"jetpack-related-posts":[],"_links":{"self":[{"href":"https:\/\/eltrabajo.cl\/portal\/wp-json\/wp\/v2\/posts\/40571","targetHints":{"allow":["GET"]}}],"collection":[{"href":"https:\/\/eltrabajo.cl\/portal\/wp-json\/wp\/v2\/posts"}],"about":[{"href":"https:\/\/eltrabajo.cl\/portal\/wp-json\/wp\/v2\/types\/post"}],"author":[{"embeddable":true,"href":"https:\/\/eltrabajo.cl\/portal\/wp-json\/wp\/v2\/users\/482"}],"replies":[{"embeddable":true,"href":"https:\/\/eltrabajo.cl\/portal\/wp-json\/wp\/v2\/comments?post=40571"}],"version-history":[{"count":0,"href":"https:\/\/eltrabajo.cl\/portal\/wp-json\/wp\/v2\/posts\/40571\/revisions"}],"wp:featuredmedia":[{"embeddable":true,"href":"https:\/\/eltrabajo.cl\/portal\/wp-json\/wp\/v2\/media\/40572"}],"wp:attachment":[{"href":"https:\/\/eltrabajo.cl\/portal\/wp-json\/wp\/v2\/media?parent=40571"}],"wp:term":[{"taxonomy":"category","embeddable":true,"href":"https:\/\/eltrabajo.cl\/portal\/wp-json\/wp\/v2\/categories?post=40571"},{"taxonomy":"post_tag","embeddable":true,"href":"https:\/\/eltrabajo.cl\/portal\/wp-json\/wp\/v2\/tags?post=40571"}],"curies":[{"name":"wp","href":"https:\/\/api.w.org\/{rel}","templated":true}]}}