{"id":40575,"date":"2013-12-11T09:25:32","date_gmt":"2013-12-11T12:25:32","guid":{"rendered":"http:\/\/www.eltrabajo.cl\/portal\/?p=40575"},"modified":"2013-12-11T09:33:08","modified_gmt":"2013-12-11T12:33:08","slug":"camara-de-comercio-rechaza-instalacion-de-ferias-en-la-plaza-de-armas","status":"publish","type":"post","link":"https:\/\/eltrabajo.cl\/portal\/camara-de-comercio-rechaza-instalacion-de-ferias-en-la-plaza-de-armas\/","title":{"rendered":"C\u00e1mara de Comercio rechaza instalaci\u00f3n de ferias en la plaza de armas"},"content":{"rendered":"<figure id=\"attachment_40576\" aria-describedby=\"caption-attachment-40576\" style=\"width: 370px\" class=\"wp-caption alignleft\"><a href=\"https:\/\/i0.wp.com\/www.eltrabajo.cl\/portal\/wp-content\/uploads\/2013\/12\/Archivo_Directiva-c%C3%A1mara-con-alcalde-Freire.jpg\"><img data-recalc-dims=\"1\" loading=\"lazy\" decoding=\"async\" class=\" wp-image-40576 \" title=\"El Tesorero y el Presidente de la C\u00e1mara de Comercio de San Felipe, Allan Guerrero y Omar Juri, a ambos extremos respectivamente, junto al Alcalde Patricio Freire.\" alt=\"El Tesorero y el Presidente de la C\u00e1mara de Comercio de San Felipe, Allan Guerrero y Omar Juri, a ambos extremos respectivamente, junto al Alcalde Patricio Freire.\" src=\"https:\/\/i0.wp.com\/www.eltrabajo.cl\/portal\/wp-content\/uploads\/2013\/12\/Archivo_Directiva-c%C3%A1mara-con-alcalde-Freire.jpg?resize=370%2C504\" width=\"370\" height=\"504\" srcset=\"https:\/\/i0.wp.com\/eltrabajo.cl\/portal\/wp-content\/uploads\/2013\/12\/Archivo_Directiva-c%C3%A1mara-con-alcalde-Freire.jpg?w=529&amp;ssl=1 529w, https:\/\/i0.wp.com\/eltrabajo.cl\/portal\/wp-content\/uploads\/2013\/12\/Archivo_Directiva-c%C3%A1mara-con-alcalde-Freire.jpg?resize=110%2C150&amp;ssl=1 110w, https:\/\/i0.wp.com\/eltrabajo.cl\/portal\/wp-content\/uploads\/2013\/12\/Archivo_Directiva-c%C3%A1mara-con-alcalde-Freire.jpg?resize=220%2C300&amp;ssl=1 220w, https:\/\/i0.wp.com\/eltrabajo.cl\/portal\/wp-content\/uploads\/2013\/12\/Archivo_Directiva-c%C3%A1mara-con-alcalde-Freire.jpg?resize=400%2C544&amp;ssl=1 400w\" sizes=\"auto, (max-width: 370px) 100vw, 370px\" \/><\/a><figcaption id=\"caption-attachment-40576\" class=\"wp-caption-text\">El Tesorero y el Presidente de la C\u00e1mara de Comercio de San Felipe, Allan Guerrero y Omar Juri, a ambos extremos respectivamente, junto al Alcalde Patricio Freire.<\/figcaption><\/figure>\n<p>Dirigentes de la C\u00e1mara de Comercio de San Felipe expresaron al Alcalde Patricio Freire su m\u00e1s profundo rechazo a las ferias itinerantes que se autorizan en la plaza de armas de la ciudad por estas \u00e9pocas del a\u00f1o.<\/p>\n<p>Lo anterior debido al elevado n\u00famero de quejas manifestadas por el comercio establecido al directorio de la C\u00e1mara, quienes consideran a este tipo de ferias como una competencia desleal y en desigualdad de condiciones para con el comercio establecido.<\/p>\n<p>As\u00ed lo manifestaron el presidente de la C\u00e1mara de Comercio, Omar Juri Cerda, junto al tesorero de la misma, Allan Guerrero. Seg\u00fan el presidente, no se debe confundir el fondo de la molestia por parte de los comerciantes, pues es y siempre ha sido el inter\u00e9s de la colectividad potenciar el emprendimiento de futuros comerciantes, pero sin perder de foco el cautelar la igualdad de condiciones del comercio en general.<\/p>\n<p>Sobre lo mismo, agreg\u00f3 que en el \u00e1mbito de estas ferias se observa un sin n\u00famero de vicios e irregularidades, como son por ejemplo el sub contrato de permisos, encontr\u00e1ndose en muchas ocasiones con autorizaciones entregadas a \u2018emprendedores\u2019 que, por mencionar un caso, no son de la zona o bien poseen m\u00faltiples negocios en esta u otras ciudades, sin dejar de omitir la p\u00e9rdida de la visual y de gran parte del espacio p\u00fablico m\u00e1s importante de la ciudad, entre otras problem\u00e1ticas.<\/p>\n<p>\u201cSe sabe que estas ferias itinerantes de temporada, m\u00e1s all\u00e1 del esp\u00edritu con el cual fueron concebidas, al no poseer un marco regulatorio claro y en l\u00ednea con el desarrollo y el emprendimiento puro, permiten un sin n\u00famero de vicios, de los cuales podemos mencionar por ejemplo, el otorgamiento de m\u00faltiples permisos a un titular y\/o el sub arriendo por parte de \u00e9stos, el uso por comerciantes consolidados, entre varios otros\u201d, sostuvo Omar Juri.<\/p>\n<p>&nbsp;<\/p>\n<p>El Alcalde Patricio Freire indic\u00f3 que el esp\u00edritu de estas ferias siempre ha sido el de entregar una alternativa a emprendedores de la zona, que ven en esta oportunidad una alternativa de apoyo a la consolidaci\u00f3n de sus innovaciones. Indic\u00f3 adem\u00e1s que no se realizar\u00e1 la feria en los t\u00e9rminos que se ha venido realizando a\u00f1os anteriores, se\u00f1alando tambi\u00e9n que solo se ha dispuesto de permisos para dos ferias puntuales en la plaza de armas, con una duraci\u00f3n total de 4 d\u00edas la primera, denominada Feria El Rastro y dirigida a artesanos, centros de madre y otras instituciones af\u00edn, y la segunda feria Del Emprendimiento.<\/p>\n<p>Por otro lado y en relaci\u00f3n al comercio ambulante en general, el edil indic\u00f3 que durante su gesti\u00f3n no se han generado nuevos permisos en este sentido, se\u00f1alando adem\u00e1s que desde hace dos meses, se han concretado cambios a los requisitos de estos permisos especiales, los cuales buscan romper con aquellos vicios antes individualizados y discutidos ampliamente en la reuni\u00f3n con la directiva representante de la C\u00e1mara de Comercio de San Felipe A.G., entre estos cambios se cuenta la exigencia de permanencia del titular del permiso en el puesto autorizado, entre otros.<\/p>\n<p>Finalmente, ambas partes reunidas se comprometieron a seguir trabajando en la l\u00ednea antes definida, aportando al desarrollo de la ciudad, la innovaci\u00f3n y el emprendimiento, siempre necesario en nuestra provincia.<\/p>\n<p>&nbsp;<\/p>\n","protected":false},"excerpt":{"rendered":"<p>Dirigentes de la C\u00e1mara de Comercio de San Felipe expresaron al Alcalde Patricio Freire su m\u00e1s profundo rechazo a las ferias itinerantes que se autorizan en la plaza de armas de la&#8230;<\/p>\n","protected":false},"author":482,"featured_media":40576,"comment_status":"open","ping_status":"closed","sticky":false,"template":"","format":"standard","meta":{"advanced_seo_description":"","jetpack_seo_html_title":"","jetpack_seo_noindex":false,"_jetpack_memberships_contains_paid_content":false,"footnotes":""},"categories":[1],"tags":[],"class_list":["post-40575","post","type-post","status-publish","format-standard","has-post-thumbnail","hentry","category-cronica"],"jetpack_featured_media_url":"https:\/\/i0.wp.com\/eltrabajo.cl\/portal\/wp-content\/uploads\/2013\/12\/Archivo_Directiva-c%C3%A1mara-con-alcalde-Freire.jpg?fit=529%2C720&ssl=1","jetpack_sharing_enabled":true,"jetpack_likes_enabled":true,"jetpack-related-posts":[],"_links":{"self":[{"href":"https:\/\/eltrabajo.cl\/portal\/wp-json\/wp\/v2\/posts\/40575","targetHints":{"allow":["GET"]}}],"collection":[{"href":"https:\/\/eltrabajo.cl\/portal\/wp-json\/wp\/v2\/posts"}],"about":[{"href":"https:\/\/eltrabajo.cl\/portal\/wp-json\/wp\/v2\/types\/post"}],"author":[{"embeddable":true,"href":"https:\/\/eltrabajo.cl\/portal\/wp-json\/wp\/v2\/users\/482"}],"replies":[{"embeddable":true,"href":"https:\/\/eltrabajo.cl\/portal\/wp-json\/wp\/v2\/comments?post=40575"}],"version-history":[{"count":0,"href":"https:\/\/eltrabajo.cl\/portal\/wp-json\/wp\/v2\/posts\/40575\/revisions"}],"wp:featuredmedia":[{"embeddable":true,"href":"https:\/\/eltrabajo.cl\/portal\/wp-json\/wp\/v2\/media\/40576"}],"wp:attachment":[{"href":"https:\/\/eltrabajo.cl\/portal\/wp-json\/wp\/v2\/media?parent=40575"}],"wp:term":[{"taxonomy":"category","embeddable":true,"href":"https:\/\/eltrabajo.cl\/portal\/wp-json\/wp\/v2\/categories?post=40575"},{"taxonomy":"post_tag","embeddable":true,"href":"https:\/\/eltrabajo.cl\/portal\/wp-json\/wp\/v2\/tags?post=40575"}],"curies":[{"name":"wp","href":"https:\/\/api.w.org\/{rel}","templated":true}]}}