{"id":40589,"date":"2013-12-12T09:19:27","date_gmt":"2013-12-12T12:19:27","guid":{"rendered":"http:\/\/www.eltrabajo.cl\/portal\/?p=40589"},"modified":"2013-12-12T10:26:27","modified_gmt":"2013-12-12T13:26:27","slug":"gendarmeria-compartio-desayuno-con-peques-de-la-mateo-cokljat","status":"publish","type":"post","link":"https:\/\/eltrabajo.cl\/portal\/gendarmeria-compartio-desayuno-con-peques-de-la-mateo-cokljat\/","title":{"rendered":"Gendarmer\u00eda comparti\u00f3 desayuno con peques de la Mateo Cokljat"},"content":{"rendered":"<figure id=\"attachment_40591\" aria-describedby=\"caption-attachment-40591\" style=\"width: 529px\" class=\"wp-caption alignnone\"><a href=\"https:\/\/i0.wp.com\/www.eltrabajo.cl\/portal\/wp-content\/uploads\/2013\/12\/Gendarmeria2.jpg\"><img data-recalc-dims=\"1\" loading=\"lazy\" decoding=\"async\" class=\"size-full wp-image-40591\" title=\"PADRINOS DE VERDE.- Gendarmes y estudiantes lo \u2018pasaron chancho\u2019 durante la jornada de juegos y desayuno en el patio principal de la Escuela Mateo Cokljat de Tierras Blancas.\" alt=\"PADRINOS DE VERDE.- Gendarmes y estudiantes lo \u2018pasaron chancho\u2019 durante la jornada de juegos y desayuno en el patio principal de la Escuela Mateo Cokljat de Tierras Blancas.\" src=\"https:\/\/i0.wp.com\/www.eltrabajo.cl\/portal\/wp-content\/uploads\/2013\/12\/Gendarmeria2.jpg?resize=529%2C391\" width=\"529\" height=\"391\" srcset=\"https:\/\/i0.wp.com\/eltrabajo.cl\/portal\/wp-content\/uploads\/2013\/12\/Gendarmeria2.jpg?w=529&amp;ssl=1 529w, https:\/\/i0.wp.com\/eltrabajo.cl\/portal\/wp-content\/uploads\/2013\/12\/Gendarmeria2.jpg?resize=200%2C147&amp;ssl=1 200w, https:\/\/i0.wp.com\/eltrabajo.cl\/portal\/wp-content\/uploads\/2013\/12\/Gendarmeria2.jpg?resize=300%2C221&amp;ssl=1 300w, https:\/\/i0.wp.com\/eltrabajo.cl\/portal\/wp-content\/uploads\/2013\/12\/Gendarmeria2.jpg?resize=150%2C110&amp;ssl=1 150w, https:\/\/i0.wp.com\/eltrabajo.cl\/portal\/wp-content\/uploads\/2013\/12\/Gendarmeria2.jpg?resize=400%2C295&amp;ssl=1 400w\" sizes=\"auto, (max-width: 529px) 100vw, 529px\" \/><\/a><figcaption id=\"caption-attachment-40591\" class=\"wp-caption-text\">PADRINOS DE VERDE.- Gendarmes y estudiantes lo \u2018pasaron chancho\u2019 durante la jornada de juegos y desayuno en el patio principal de la Escuela Mateo Cokljat de Tierras Blancas.<\/figcaption><\/figure>\n<p>Ofreciendo un delicioso desayuno a los estudiantes y profesores, as\u00ed como varios libros de cuentos y algunos regalos, personal de Gendarmer\u00eda de San Felipe, instituci\u00f3n que figura como Madrina de la Escuela Mateo Cokljat de Tierras Blancas (Mejor Simce 2012-2013), hizo acto de presencia en esa casa de estudios.<\/p>\n<figure id=\"attachment_40592\" aria-describedby=\"caption-attachment-40592\" style=\"width: 259px\" class=\"wp-caption alignright\"><a href=\"https:\/\/i0.wp.com\/www.eltrabajo.cl\/portal\/wp-content\/uploads\/2013\/12\/Gendarmeria3.jpg\"><img data-recalc-dims=\"1\" loading=\"lazy\" decoding=\"async\" class=\" wp-image-40592  \" title=\"NACE LA AMISTAD.- Varios oficiales de Gendarmer\u00eda dedicaron su rato a jugar y brindar consejos a los peque\u00f1itos de esta escuela rural, a la cual la instituci\u00f3n apadrina desde hace un a\u00f1o.\" alt=\"NACE LA AMISTAD.- Varios oficiales de Gendarmer\u00eda dedicaron su rato a jugar y brindar consejos a los peque\u00f1itos de esta escuela rural, a la cual la instituci\u00f3n apadrina desde hace un a\u00f1o.\" src=\"https:\/\/i0.wp.com\/www.eltrabajo.cl\/portal\/wp-content\/uploads\/2013\/12\/Gendarmeria3.jpg?resize=259%2C307\" width=\"259\" height=\"307\" srcset=\"https:\/\/i0.wp.com\/eltrabajo.cl\/portal\/wp-content\/uploads\/2013\/12\/Gendarmeria3.jpg?w=529&amp;ssl=1 529w, https:\/\/i0.wp.com\/eltrabajo.cl\/portal\/wp-content\/uploads\/2013\/12\/Gendarmeria3.jpg?resize=126%2C150&amp;ssl=1 126w, https:\/\/i0.wp.com\/eltrabajo.cl\/portal\/wp-content\/uploads\/2013\/12\/Gendarmeria3.jpg?resize=253%2C300&amp;ssl=1 253w, https:\/\/i0.wp.com\/eltrabajo.cl\/portal\/wp-content\/uploads\/2013\/12\/Gendarmeria3.jpg?resize=400%2C472&amp;ssl=1 400w\" sizes=\"auto, (max-width: 259px) 100vw, 259px\" \/><\/a><figcaption id=\"caption-attachment-40592\" class=\"wp-caption-text\">NACE LA AMISTAD.- Varios oficiales de Gendarmer\u00eda dedicaron su rato a jugar y brindar consejos a los peque\u00f1itos de esta escuela rural, a la cual la instituci\u00f3n apadrina desde hace un a\u00f1o.<\/figcaption><\/figure>\n<p>Durante las horas que los uniformados compartieron con los peque\u00f1itos, hubo juegos, din\u00e1micas de grupo, golosinas, m\u00fasica y palabras de agradecimiento de ambas partes. Las c\u00e1maras de Diario El Trabajo registraron el desarrollo de tan especial visita y las reacciones de los alumnos.<\/p>\n<p>\u00abUna vez m\u00e1s Gendarmer\u00eda nos visita, esta vez para compartir un desayuno y golosinas con nuestros estudiantes, recordemos que durante todo el a\u00f1o ellos est\u00e1n realizando visitas regulares, en las que dan charlas y peque\u00f1os cursos de prevenci\u00f3n a los peque\u00f1os, por lo que estamos muy agradecidos como docentes\u00bb, coment\u00f3 a Diario El Trabajo la Directora de la Mateo Cokljat, Marcia Endara.<\/p>\n<figure id=\"attachment_40646\" aria-describedby=\"caption-attachment-40646\" style=\"width: 527px\" class=\"wp-caption alignnone\"><a href=\"https:\/\/i0.wp.com\/www.eltrabajo.cl\/portal\/wp-content\/uploads\/2013\/12\/Panoramica11.jpg\"><img data-recalc-dims=\"1\" loading=\"lazy\" decoding=\"async\" class=\"size-full wp-image-40646\" title=\"ENTRE AMIGOS.- La ma\u00f1ana de este mi\u00e9rcoles apoderados y estudiantes de la Mateo Cokljat lo pasaron de maravilla disfrutando de un caliente desayuno.\" alt=\"ENTRE AMIGOS.- La ma\u00f1ana de este mi\u00e9rcoles apoderados y estudiantes de la Mateo Cokljat lo pasaron de maravilla disfrutando de un caliente desayuno.\" src=\"https:\/\/i0.wp.com\/www.eltrabajo.cl\/portal\/wp-content\/uploads\/2013\/12\/Panoramica11.jpg?resize=527%2C146\" width=\"527\" height=\"146\" srcset=\"https:\/\/i0.wp.com\/eltrabajo.cl\/portal\/wp-content\/uploads\/2013\/12\/Panoramica11.jpg?w=527&amp;ssl=1 527w, https:\/\/i0.wp.com\/eltrabajo.cl\/portal\/wp-content\/uploads\/2013\/12\/Panoramica11.jpg?resize=200%2C55&amp;ssl=1 200w, https:\/\/i0.wp.com\/eltrabajo.cl\/portal\/wp-content\/uploads\/2013\/12\/Panoramica11.jpg?resize=300%2C83&amp;ssl=1 300w, https:\/\/i0.wp.com\/eltrabajo.cl\/portal\/wp-content\/uploads\/2013\/12\/Panoramica11.jpg?resize=150%2C41&amp;ssl=1 150w, https:\/\/i0.wp.com\/eltrabajo.cl\/portal\/wp-content\/uploads\/2013\/12\/Panoramica11.jpg?resize=400%2C110&amp;ssl=1 400w\" sizes=\"auto, (max-width: 527px) 100vw, 527px\" \/><\/a><figcaption id=\"caption-attachment-40646\" class=\"wp-caption-text\">ENTRE AMIGOS.- La ma\u00f1ana de este mi\u00e9rcoles apoderados y estudiantes de la Mateo Cokljat lo pasaron de maravilla disfrutando de un caliente desayuno.<\/figcaption><\/figure>\n<p>&nbsp;<\/p>\n","protected":false},"excerpt":{"rendered":"<p>Ofreciendo un delicioso desayuno a los estudiantes y profesores, as\u00ed como varios libros de cuentos y algunos regalos, personal de Gendarmer\u00eda de San Felipe, instituci\u00f3n que figura como Madrina de la Escuela&#8230;<\/p>\n","protected":false},"author":482,"featured_media":40591,"comment_status":"open","ping_status":"closed","sticky":false,"template":"","format":"standard","meta":{"advanced_seo_description":"","jetpack_seo_html_title":"","jetpack_seo_noindex":false,"_jetpack_memberships_contains_paid_content":false,"footnotes":""},"categories":[15],"tags":[],"class_list":["post-40589","post","type-post","status-publish","format-standard","has-post-thumbnail","hentry","category-comunidad"],"jetpack_featured_media_url":"https:\/\/i0.wp.com\/eltrabajo.cl\/portal\/wp-content\/uploads\/2013\/12\/Gendarmeria2.jpg?fit=529%2C391&ssl=1","jetpack_sharing_enabled":true,"jetpack_likes_enabled":true,"jetpack-related-posts":[],"_links":{"self":[{"href":"https:\/\/eltrabajo.cl\/portal\/wp-json\/wp\/v2\/posts\/40589","targetHints":{"allow":["GET"]}}],"collection":[{"href":"https:\/\/eltrabajo.cl\/portal\/wp-json\/wp\/v2\/posts"}],"about":[{"href":"https:\/\/eltrabajo.cl\/portal\/wp-json\/wp\/v2\/types\/post"}],"author":[{"embeddable":true,"href":"https:\/\/eltrabajo.cl\/portal\/wp-json\/wp\/v2\/users\/482"}],"replies":[{"embeddable":true,"href":"https:\/\/eltrabajo.cl\/portal\/wp-json\/wp\/v2\/comments?post=40589"}],"version-history":[{"count":0,"href":"https:\/\/eltrabajo.cl\/portal\/wp-json\/wp\/v2\/posts\/40589\/revisions"}],"wp:featuredmedia":[{"embeddable":true,"href":"https:\/\/eltrabajo.cl\/portal\/wp-json\/wp\/v2\/media\/40591"}],"wp:attachment":[{"href":"https:\/\/eltrabajo.cl\/portal\/wp-json\/wp\/v2\/media?parent=40589"}],"wp:term":[{"taxonomy":"category","embeddable":true,"href":"https:\/\/eltrabajo.cl\/portal\/wp-json\/wp\/v2\/categories?post=40589"},{"taxonomy":"post_tag","embeddable":true,"href":"https:\/\/eltrabajo.cl\/portal\/wp-json\/wp\/v2\/tags?post=40589"}],"curies":[{"name":"wp","href":"https:\/\/api.w.org\/{rel}","templated":true}]}}