{"id":40631,"date":"2013-12-12T09:48:18","date_gmt":"2013-12-12T12:48:18","guid":{"rendered":"http:\/\/www.eltrabajo.cl\/portal\/?p=40631"},"modified":"2013-12-12T09:48:18","modified_gmt":"2013-12-12T12:48:18","slug":"vecinos-de-villa-juan-pablo-ii-indignados-por-quemas-ilegales-en-parrasia","status":"publish","type":"post","link":"https:\/\/eltrabajo.cl\/portal\/vecinos-de-villa-juan-pablo-ii-indignados-por-quemas-ilegales-en-parrasia\/","title":{"rendered":"Vecinos de Villa Juan Pablo II indignados por quemas ilegales en Parras\u00eda"},"content":{"rendered":"<figure id=\"attachment_40633\" aria-describedby=\"caption-attachment-40633\" style=\"width: 529px\" class=\"wp-caption alignnone\"><a href=\"https:\/\/i0.wp.com\/www.eltrabajo.cl\/portal\/wp-content\/uploads\/2013\/12\/Reunion.jpg\"><img data-recalc-dims=\"1\" loading=\"lazy\" decoding=\"async\" class=\"size-full wp-image-40633\" title=\"En la Gobernaci\u00f3n Provincial se reunieron vecinos y autoridades para evaluar el panorama que se presenta, producto de las quemas ilegales que se est\u00e1n realizando.\" alt=\"En la Gobernaci\u00f3n Provincial se reunieron vecinos y autoridades para evaluar el panorama que se presenta, producto de las quemas ilegales que se est\u00e1n realizando.\" src=\"https:\/\/i0.wp.com\/www.eltrabajo.cl\/portal\/wp-content\/uploads\/2013\/12\/Reunion.jpg?resize=529%2C397\" width=\"529\" height=\"397\" srcset=\"https:\/\/i0.wp.com\/eltrabajo.cl\/portal\/wp-content\/uploads\/2013\/12\/Reunion.jpg?w=529&amp;ssl=1 529w, https:\/\/i0.wp.com\/eltrabajo.cl\/portal\/wp-content\/uploads\/2013\/12\/Reunion.jpg?resize=200%2C150&amp;ssl=1 200w, https:\/\/i0.wp.com\/eltrabajo.cl\/portal\/wp-content\/uploads\/2013\/12\/Reunion.jpg?resize=300%2C225&amp;ssl=1 300w, https:\/\/i0.wp.com\/eltrabajo.cl\/portal\/wp-content\/uploads\/2013\/12\/Reunion.jpg?resize=150%2C112&amp;ssl=1 150w, https:\/\/i0.wp.com\/eltrabajo.cl\/portal\/wp-content\/uploads\/2013\/12\/Reunion.jpg?resize=400%2C300&amp;ssl=1 400w\" sizes=\"auto, (max-width: 529px) 100vw, 529px\" \/><\/a><figcaption id=\"caption-attachment-40633\" class=\"wp-caption-text\">En la Gobernaci\u00f3n Provincial se reunieron vecinos y autoridades para evaluar el panorama que se presenta, producto de las quemas ilegales que se est\u00e1n realizando.<\/figcaption><\/figure>\n<ul>\n<li><strong>Director de Conaf se reuni\u00f3 con los pobladores y directora del jard\u00edn infantil que ah\u00ed funciona, explic\u00e1ndoles que las quemas son ilegales, en tanto est\u00e1n a la espera de la orden judicial para acudir a inspeccionar, con el apoyo de Carabineros.<\/strong><\/li>\n<\/ul>\n<p>Indignados est\u00e1n los vecinos de la Villa Juan Pablo II de San Felipe, a ra\u00edz de la alta frecuencia -casi diaria- con la que un particular del terreno colindante a la poblaci\u00f3n, est\u00e1 realizando quemas no autorizadas de especies arb\u00f3reas taladas, como consecuencia aparentemente de la destrucci\u00f3n de un humedal en ese lugar, el \u00fanico que hab\u00eda en la comuna.<\/p>\n<figure id=\"attachment_40634\" aria-describedby=\"caption-attachment-40634\" style=\"width: 317px\" class=\"wp-caption alignleft\"><a href=\"https:\/\/i0.wp.com\/www.eltrabajo.cl\/portal\/wp-content\/uploads\/2013\/12\/Sandro-Bruzzone.jpg\"><img data-recalc-dims=\"1\" loading=\"lazy\" decoding=\"async\" class=\" wp-image-40634 \" title=\"Sandro Bruzzone, director biprovincial de Conaf.\" alt=\"Sandro Bruzzone, director biprovincial de Conaf.\" src=\"https:\/\/i0.wp.com\/www.eltrabajo.cl\/portal\/wp-content\/uploads\/2013\/12\/Sandro-Bruzzone.jpg?resize=317%2C424\" width=\"317\" height=\"424\" srcset=\"https:\/\/i0.wp.com\/eltrabajo.cl\/portal\/wp-content\/uploads\/2013\/12\/Sandro-Bruzzone.jpg?w=529&amp;ssl=1 529w, https:\/\/i0.wp.com\/eltrabajo.cl\/portal\/wp-content\/uploads\/2013\/12\/Sandro-Bruzzone.jpg?resize=112%2C150&amp;ssl=1 112w, https:\/\/i0.wp.com\/eltrabajo.cl\/portal\/wp-content\/uploads\/2013\/12\/Sandro-Bruzzone.jpg?resize=224%2C300&amp;ssl=1 224w\" sizes=\"auto, (max-width: 317px) 100vw, 317px\" \/><\/a><figcaption id=\"caption-attachment-40634\" class=\"wp-caption-text\">Sandro Bruzzone, director biprovincial de Conaf.<\/figcaption><\/figure>\n<p>Los vecinos se reunieron ayer con el director biprovincial de Conaf, Sandro Bruzzone, y con el jefe de gabinete de la Gobernadora Provincial, Germ\u00e1n Silva, con la finalidad de exponerles su preocupaci\u00f3n por esta situaci\u00f3n, la que los tiene muy complicados, por cuanto se\u00f1alan que durante ya varias semanas han tenido que convivir con el humo, de d\u00eda y de noche, lo que genera dificultades para muchos pobladores que presentan problemas de asma u otros de car\u00e1cter respiratorio, sacando la peor parte los ni\u00f1os y los adultos mayores.<\/p>\n<p>Luisa Valdebenito, presidenta de la Junta de Vecinos, se\u00f1al\u00f3 que \u201cestas son quemas ilegales que nos est\u00e1n afectando en la salud de los vecinos. Eso nos est\u00e1 complicando. Estamos desde 2007 en esta poblaci\u00f3n y llevamos cinco incendios grandes que nos han afectado bastante, pero estos no son incendios, son quemas ilegales y est\u00e1n afectando a la salud de los vecinos\u201d.<\/p>\n<figure id=\"attachment_40635\" aria-describedby=\"caption-attachment-40635\" style=\"width: 317px\" class=\"wp-caption alignright\"><a href=\"https:\/\/i0.wp.com\/www.eltrabajo.cl\/portal\/wp-content\/uploads\/2013\/12\/Alejandra-Craviolatti.jpg\"><img data-recalc-dims=\"1\" loading=\"lazy\" decoding=\"async\" class=\" wp-image-40635 \" title=\"Alejandra Craviolatti, directora del Jard\u00edn El Rinc\u00f3n de los Angelitos.\" alt=\"Alejandra Craviolatti, directora del Jard\u00edn El Rinc\u00f3n de los Angelitos.\" src=\"https:\/\/i0.wp.com\/www.eltrabajo.cl\/portal\/wp-content\/uploads\/2013\/12\/Alejandra-Craviolatti.jpg?resize=317%2C424\" width=\"317\" height=\"424\" srcset=\"https:\/\/i0.wp.com\/eltrabajo.cl\/portal\/wp-content\/uploads\/2013\/12\/Alejandra-Craviolatti.jpg?w=529&amp;ssl=1 529w, https:\/\/i0.wp.com\/eltrabajo.cl\/portal\/wp-content\/uploads\/2013\/12\/Alejandra-Craviolatti.jpg?resize=112%2C150&amp;ssl=1 112w, https:\/\/i0.wp.com\/eltrabajo.cl\/portal\/wp-content\/uploads\/2013\/12\/Alejandra-Craviolatti.jpg?resize=224%2C300&amp;ssl=1 224w\" sizes=\"auto, (max-width: 317px) 100vw, 317px\" \/><\/a><figcaption id=\"caption-attachment-40635\" class=\"wp-caption-text\">Alejandra Craviolatti, directora del Jard\u00edn El Rinc\u00f3n de los Angelitos.<\/figcaption><\/figure>\n<p>Agreg\u00f3 que \u201cllevamos cuatro meses con humo, d\u00eda a d\u00eda, los ni\u00f1os se ahogan, hay mam\u00e1s, abuelos que est\u00e1n enfermas, con problemas al pulm\u00f3n. Pero aunque no hubiera nadie enfermo, eso no debiera suceder\u201d.<\/p>\n<p>En el jard\u00edn infantil \u2018El Rinc\u00f3n de los Angelitos\u2019, la comunidad educativa tambi\u00e9n est\u00e1 cansada de estas quemas. Seg\u00fan se\u00f1al\u00f3 Alejandra Craviolatti, directora del plantel, los ni\u00f1os est\u00e1n cansados de esta situaci\u00f3n, en tanto que han existido oportunidades en que se ha debido suspender las actividades, porque el humo hace imposible trabajar con los peque\u00f1os.<\/p>\n<p>\u201cEn las \u00faltimas quemas, el humo se ha hecho insoportable, sobre todo con el viento, lo que resulta muy desagradable y malo para los ni\u00f1os, para su salud. Cuando tuvimos que suspender las actividades m\u00e1s temprano, llamamos a todos los apoderados, quienes a su vez debieron pedir permiso en sus trabajos para irse y as\u00ed venir a retirar del jard\u00edn a los ni\u00f1os\u201d.<\/p>\n<p>&nbsp;<\/p>\n<p>El jard\u00edn registra una matr\u00edcula de 157 ni\u00f1os y esta situaci\u00f3n constituye una preocupaci\u00f3n constante para los padres, apoderados, t\u00edas y comunidad educativa en general.<\/p>\n<figure id=\"attachment_40637\" aria-describedby=\"caption-attachment-40637\" style=\"width: 317px\" class=\"wp-caption alignleft\"><a href=\"https:\/\/i0.wp.com\/www.eltrabajo.cl\/portal\/wp-content\/uploads\/2013\/12\/Luisa-Valdebenito1.jpg\"><img data-recalc-dims=\"1\" loading=\"lazy\" decoding=\"async\" class=\" wp-image-40637 \" title=\"Luisa Valdebenito, presidenta de la Junta de Vecinos de la Villa Juan Pablo II.\" alt=\"Luisa Valdebenito, presidenta de la Junta de Vecinos de la Villa Juan Pablo II.\" src=\"https:\/\/i0.wp.com\/www.eltrabajo.cl\/portal\/wp-content\/uploads\/2013\/12\/Luisa-Valdebenito1.jpg?resize=317%2C424\" width=\"317\" height=\"424\" srcset=\"https:\/\/i0.wp.com\/eltrabajo.cl\/portal\/wp-content\/uploads\/2013\/12\/Luisa-Valdebenito1.jpg?w=529&amp;ssl=1 529w, https:\/\/i0.wp.com\/eltrabajo.cl\/portal\/wp-content\/uploads\/2013\/12\/Luisa-Valdebenito1.jpg?resize=112%2C150&amp;ssl=1 112w, https:\/\/i0.wp.com\/eltrabajo.cl\/portal\/wp-content\/uploads\/2013\/12\/Luisa-Valdebenito1.jpg?resize=224%2C300&amp;ssl=1 224w\" sizes=\"auto, (max-width: 317px) 100vw, 317px\" \/><\/a><figcaption id=\"caption-attachment-40637\" class=\"wp-caption-text\">Luisa Valdebenito, presidenta de la Junta de Vecinos de la Villa Juan Pablo II.<\/figcaption><\/figure>\n<p>&nbsp;<\/p>\n<p><strong>CONAF<\/strong><\/p>\n<p>En tanto, el director biprovincial de Conaf, Sandro Bruzzone, reconoci\u00f3 las dificultades que ha enfrentado la instituci\u00f3n para imponerse en el lugar y realizar las correspondientes fiscalizaciones, partiendo por la destrucci\u00f3n del humedal, la tala de bosque y ahora, las quemas que no est\u00e1n autorizadas por la entidad que \u00e9l dirige.<\/p>\n<p>CONAF ha solicitado al Juzgado de Polic\u00eda Local que se pronuncie y le conceda el apoyo de Carabineros, para poder entrar al recinto y verificar lo que est\u00e1 sucediendo, aun cuando preliminarmente ya se asegura que existe una irregularidad, ya que al menos las quemas no est\u00e1n autorizadas.<\/p>\n<p>\u201cLos vecinos de la Poblaci\u00f3n Juan Pablo II tienen una preocupaci\u00f3n real, que nos insta a tomar medidas inmediatas. Se da una acci\u00f3n por parte del propietario de este predio, en cuanto a ejecutar una corta del bosque, que no tuvo el manejo que se requiere, con t\u00e9cnica, con metodolog\u00eda, lo que genera una infracci\u00f3n a nuestra normativa. Producto de ello, genera gran cantidad de material, ya que son 25 hect\u00e1reas que fueron cortadas. Es una gran cantidad de desechos, quemados sin respetar el marco normativo, encontr\u00e1ndonos con un panorama sumamente complicado: este predio est\u00e1 dentro del \u00e1rea urbana seg\u00fan lo establece el plano regulador de San Felipe\u201d, indic\u00f3 Sandro Bruzzone.<\/p>\n<p>Al estar el predio dentro del \u00e1rea urbana, Conaf est\u00e1 impedido de permitir quemas, ya que hay una norma sanitaria que impide la generaci\u00f3n de humo dentro del radio urbano de las ciudades.<\/p>\n<p>\u201cHicimos los esfuerzos, recibimos la inscripci\u00f3n del predio, pero una vez que hicimos una visita a comunicarle que tiene una infracci\u00f3n, el propietario rompe el di\u00e1logo, no nos permite el ingreso, por lo tanto no hemos podido determinar medidas para resolver el problema\u201d, asever\u00f3 Sanndro Bruzzone.<\/p>\n<p>A\u00f1adi\u00f3 que la directiva de la Junta de Vecinos pedir\u00e1 reunirse con el propietario del predio, para ver una soluci\u00f3n especial que permita dentro de los marcos legales otorgar medidas t\u00e9cnicas para efectuar la quema y Salud determinar los lugares m\u00e1s adecuados que no afecten a los vecinos, considerando que el recinto es bastante amplio.<\/p>\n<p>Consultado si hay sanciones por realizar tala de bosques y quemas ilegales, dijo que \u00e9stas se tramitan a trav\u00e9s del Juzgado de Polic\u00eda Local, pero no se ha oficiado al tribunal, por cuanto no se ha logrado acceder al predio. De ah\u00ed que esperan que esta misma instancia judicial les conceda el apoyo de Carabineros para que as\u00ed, con la fuerza p\u00fablica, se pueda ingresar al predio y evaluar los da\u00f1os causados.<\/p>\n<p>&nbsp;<\/p>\n","protected":false},"excerpt":{"rendered":"<p>Director de Conaf se reuni\u00f3 con los pobladores y directora del jard\u00edn infantil que ah\u00ed funciona, explic\u00e1ndoles que las quemas son ilegales, en tanto est\u00e1n a la espera de la orden judicial&#8230;<\/p>\n","protected":false},"author":482,"featured_media":40633,"comment_status":"open","ping_status":"closed","sticky":false,"template":"","format":"standard","meta":{"advanced_seo_description":"","jetpack_seo_html_title":"","jetpack_seo_noindex":false,"_jetpack_memberships_contains_paid_content":false,"footnotes":""},"categories":[15],"tags":[],"class_list":["post-40631","post","type-post","status-publish","format-standard","has-post-thumbnail","hentry","category-comunidad"],"jetpack_featured_media_url":"https:\/\/i0.wp.com\/eltrabajo.cl\/portal\/wp-content\/uploads\/2013\/12\/Reunion.jpg?fit=529%2C397&ssl=1","jetpack_sharing_enabled":true,"jetpack_likes_enabled":true,"jetpack-related-posts":[],"_links":{"self":[{"href":"https:\/\/eltrabajo.cl\/portal\/wp-json\/wp\/v2\/posts\/40631","targetHints":{"allow":["GET"]}}],"collection":[{"href":"https:\/\/eltrabajo.cl\/portal\/wp-json\/wp\/v2\/posts"}],"about":[{"href":"https:\/\/eltrabajo.cl\/portal\/wp-json\/wp\/v2\/types\/post"}],"author":[{"embeddable":true,"href":"https:\/\/eltrabajo.cl\/portal\/wp-json\/wp\/v2\/users\/482"}],"replies":[{"embeddable":true,"href":"https:\/\/eltrabajo.cl\/portal\/wp-json\/wp\/v2\/comments?post=40631"}],"version-history":[{"count":0,"href":"https:\/\/eltrabajo.cl\/portal\/wp-json\/wp\/v2\/posts\/40631\/revisions"}],"wp:featuredmedia":[{"embeddable":true,"href":"https:\/\/eltrabajo.cl\/portal\/wp-json\/wp\/v2\/media\/40633"}],"wp:attachment":[{"href":"https:\/\/eltrabajo.cl\/portal\/wp-json\/wp\/v2\/media?parent=40631"}],"wp:term":[{"taxonomy":"category","embeddable":true,"href":"https:\/\/eltrabajo.cl\/portal\/wp-json\/wp\/v2\/categories?post=40631"},{"taxonomy":"post_tag","embeddable":true,"href":"https:\/\/eltrabajo.cl\/portal\/wp-json\/wp\/v2\/tags?post=40631"}],"curies":[{"name":"wp","href":"https:\/\/api.w.org\/{rel}","templated":true}]}}