{"id":40651,"date":"2013-12-13T09:40:40","date_gmt":"2013-12-13T12:40:40","guid":{"rendered":"http:\/\/www.eltrabajo.cl\/portal\/?p=40651"},"modified":"2013-12-13T09:40:40","modified_gmt":"2013-12-13T12:40:40","slug":"todo-listo-y-dispuesto-para-la-segunda-vuelta-electoral-este-domingo","status":"publish","type":"post","link":"https:\/\/eltrabajo.cl\/portal\/todo-listo-y-dispuesto-para-la-segunda-vuelta-electoral-este-domingo\/","title":{"rendered":"Todo listo y dispuesto para la segunda vuelta electoral este domingo"},"content":{"rendered":"<figure id=\"attachment_40652\" aria-describedby=\"caption-attachment-40652\" style=\"width: 529px\" class=\"wp-caption alignnone\"><a href=\"https:\/\/i0.wp.com\/www.eltrabajo.cl\/portal\/wp-content\/uploads\/2013\/12\/Elecciones.jpg\"><img data-recalc-dims=\"1\" loading=\"lazy\" decoding=\"async\" class=\"size-full wp-image-40652\" title=\"Se espera que el proceso electoral se realice en completa normalidad este domingo, disponiendo el Ministerio de Transportes, microbuses de acercamiento para los votantes.\" alt=\"Se espera que el proceso electoral se realice en completa normalidad este domingo, disponiendo el Ministerio de Transportes, microbuses de acercamiento para los votantes.\" src=\"https:\/\/i0.wp.com\/www.eltrabajo.cl\/portal\/wp-content\/uploads\/2013\/12\/Elecciones.jpg?resize=529%2C325\" width=\"529\" height=\"325\" srcset=\"https:\/\/i0.wp.com\/eltrabajo.cl\/portal\/wp-content\/uploads\/2013\/12\/Elecciones.jpg?w=529&amp;ssl=1 529w, https:\/\/i0.wp.com\/eltrabajo.cl\/portal\/wp-content\/uploads\/2013\/12\/Elecciones.jpg?resize=200%2C122&amp;ssl=1 200w, https:\/\/i0.wp.com\/eltrabajo.cl\/portal\/wp-content\/uploads\/2013\/12\/Elecciones.jpg?resize=300%2C184&amp;ssl=1 300w, https:\/\/i0.wp.com\/eltrabajo.cl\/portal\/wp-content\/uploads\/2013\/12\/Elecciones.jpg?resize=150%2C92&amp;ssl=1 150w, https:\/\/i0.wp.com\/eltrabajo.cl\/portal\/wp-content\/uploads\/2013\/12\/Elecciones.jpg?resize=400%2C245&amp;ssl=1 400w\" sizes=\"auto, (max-width: 529px) 100vw, 529px\" \/><\/a><figcaption id=\"caption-attachment-40652\" class=\"wp-caption-text\">Se espera que el proceso electoral se realice en completa normalidad este domingo, disponiendo el Ministerio de Transportes, microbuses de acercamiento para los votantes.<\/figcaption><\/figure>\n<ul>\n<li><strong>Nuevamente estar\u00e1 disponible el servicio de transporte gratuito de votantes, en Putaendo, Panquehue y Catemu.<\/strong><\/li>\n<\/ul>\n<p>Para la tarde de este viernes se espera que queden habilitados y listos para su utilizaci\u00f3n, los cinco establecimientos educacionales que funcionar\u00e1n como locales de votaci\u00f3n en la comuna de San Felipe, en la segunda vuelta electoral de este domingo 15 de diciembre.<\/p>\n<figure id=\"attachment_40653\" aria-describedby=\"caption-attachment-40653\" style=\"width: 190px\" class=\"wp-caption alignleft\"><a href=\"https:\/\/i0.wp.com\/www.eltrabajo.cl\/portal\/wp-content\/uploads\/2013\/12\/Ricardo-Leon.jpg\"><img data-recalc-dims=\"1\" loading=\"lazy\" decoding=\"async\" class=\" wp-image-40653  \" title=\"Ricardo Le\u00f3n, jefe de operaciones de la municipalidad de San Felipe.\" alt=\"Ricardo Le\u00f3n, jefe de operaciones de la municipalidad de San Felipe.\" src=\"https:\/\/i0.wp.com\/www.eltrabajo.cl\/portal\/wp-content\/uploads\/2013\/12\/Ricardo-Leon.jpg?resize=190%2C254\" width=\"190\" height=\"254\" srcset=\"https:\/\/i0.wp.com\/eltrabajo.cl\/portal\/wp-content\/uploads\/2013\/12\/Ricardo-Leon.jpg?w=529&amp;ssl=1 529w, https:\/\/i0.wp.com\/eltrabajo.cl\/portal\/wp-content\/uploads\/2013\/12\/Ricardo-Leon.jpg?resize=112%2C150&amp;ssl=1 112w, https:\/\/i0.wp.com\/eltrabajo.cl\/portal\/wp-content\/uploads\/2013\/12\/Ricardo-Leon.jpg?resize=224%2C300&amp;ssl=1 224w, https:\/\/i0.wp.com\/eltrabajo.cl\/portal\/wp-content\/uploads\/2013\/12\/Ricardo-Leon.jpg?resize=400%2C533&amp;ssl=1 400w\" sizes=\"auto, (max-width: 190px) 100vw, 190px\" \/><\/a><figcaption id=\"caption-attachment-40653\" class=\"wp-caption-text\">Ricardo Le\u00f3n, jefe de operaciones de la municipalidad de San Felipe.<\/figcaption><\/figure>\n<p>La informaci\u00f3n la entreg\u00f3 el jefe de Operaciones de la Municipalidad de San Felipe, Ricardo Le\u00f3n, quien se\u00f1al\u00f3 que la tarde de ayer jueves fueron entregados por los directores de colegio, los recintos educacionales, por lo que pasadas las 14.00 horas se inici\u00f3 el trabajo de habilitaci\u00f3n, el que result\u00f3 menos complejo por cuanto no fue necesario trasladar las urnas y c\u00e1maras secretas, ya que en la primera vuelta se dispuso dejarlos guardados en las bodegas de cada unidad educativa.<\/p>\n<p>\u201cEsperamos tener terminado todo el proceso de instalaci\u00f3n este viernes por la tarde. Cuando supimos que hab\u00eda segunda vuelta eleccionaria, nosotros dispusimos dejar guardados en cada establecimiento, las c\u00e1maras secretas y una urna por mesa de votaci\u00f3n, ya que recordemos que en primera vuelta eran tres urnas por mesa, por lo que retiramos las restantes, y eso nos significa que el trabajo de habilitaci\u00f3n de los locales ser\u00e1 m\u00e1s r\u00e1pido\u201d, se\u00f1al\u00f3 Ricardo Le\u00f3n.<\/p>\n<p>Son m\u00e1s de 35 funcionarios municipales quienes est\u00e1n realizando este trabajo de instalaci\u00f3n de c\u00e1maras secretas, urnas y se\u00f1al\u00e9tica, entre los cuales se cuenta personal de la DAEM, al que se solicit\u00f3 colaborar, dado que en paralelo, el municipio tiene contemplado para la tarde de este viernes la inauguraci\u00f3n de la ornamentaci\u00f3n navide\u00f1a, lo que significa que tambi\u00e9n requieren de funcionarios para las labores que implica esa actividad.<\/p>\n<p>Asimismo, Ricardo Le\u00f3n inform\u00f3 que para este domingo, el municipio una vez m\u00e1s har\u00e1 entrega de colaciones a los vocales de mesa, funcionarios de Ej\u00e9rcito que trabajan en los locales de votaci\u00f3n, voluntarios de Cruz Roja y de otros servicios que participan de la jornada electoral. En total, ser\u00e1n m\u00e1s de mil bolsas con colaciones que se preparar\u00e1n para el d\u00eda domingo y que si son iguales a la elecci\u00f3n pasada, consisten en dos emparedados, una fruta y una bebida.<\/p>\n<figure id=\"attachment_40654\" aria-describedby=\"caption-attachment-40654\" style=\"width: 317px\" class=\"wp-caption alignright\"><a href=\"https:\/\/i0.wp.com\/www.eltrabajo.cl\/portal\/wp-content\/uploads\/2013\/12\/Patricia-Boffa.jpg\"><img data-recalc-dims=\"1\" loading=\"lazy\" decoding=\"async\" class=\" wp-image-40654 \" title=\"Patricia Boffa, gobernadora provincial de San Felipe.\" alt=\"Patricia Boffa, gobernadora provincial de San Felipe.\" src=\"https:\/\/i0.wp.com\/www.eltrabajo.cl\/portal\/wp-content\/uploads\/2013\/12\/Patricia-Boffa.jpg?resize=317%2C238\" width=\"317\" height=\"238\" srcset=\"https:\/\/i0.wp.com\/eltrabajo.cl\/portal\/wp-content\/uploads\/2013\/12\/Patricia-Boffa.jpg?w=528&amp;ssl=1 528w, https:\/\/i0.wp.com\/eltrabajo.cl\/portal\/wp-content\/uploads\/2013\/12\/Patricia-Boffa.jpg?resize=200%2C150&amp;ssl=1 200w, https:\/\/i0.wp.com\/eltrabajo.cl\/portal\/wp-content\/uploads\/2013\/12\/Patricia-Boffa.jpg?resize=300%2C225&amp;ssl=1 300w, https:\/\/i0.wp.com\/eltrabajo.cl\/portal\/wp-content\/uploads\/2013\/12\/Patricia-Boffa.jpg?resize=150%2C112&amp;ssl=1 150w, https:\/\/i0.wp.com\/eltrabajo.cl\/portal\/wp-content\/uploads\/2013\/12\/Patricia-Boffa.jpg?resize=400%2C300&amp;ssl=1 400w\" sizes=\"auto, (max-width: 317px) 100vw, 317px\" \/><\/a><figcaption id=\"caption-attachment-40654\" class=\"wp-caption-text\">Patricia Boffa, gobernadora provincial de San Felipe.<\/figcaption><\/figure>\n<p>&nbsp;<\/p>\n<p><strong>TRANSPORTE PARA VOTANTES<\/strong><\/p>\n<p>En tanto, la gobernadora provincial Patricia Boffa, inform\u00f3 ayer jueves que el Ministerio de Transportes nuevamente ha dispuesto la contrataci\u00f3n de microbuses para el transporte de votantes, desde sectores apartados de la provincia, a los locales de votaci\u00f3n.<\/p>\n<p>Los sectores desde donde saldr\u00e1n microbuses son: Lo Vicu\u00f1a en Putaendo al centro de la comuna; El Escorial en Panquehue al local de votaci\u00f3n y desde Santa Isabel en Catemu, al sector central de esa comuna, con horarios de 08.30, 10.00 y 14.00 horas.<\/p>\n<p>La autoridad manifest\u00f3 que a la Gobernaci\u00f3n Provincial le corresponde velar por la seguridad externa de los locales de votaci\u00f3n, recordando que las elecciones propiamente tales son resorte del Servel.<\/p>\n<p>\u201cPor lo tanto, nosotros vamos a estar coordinando toda la seguridad p\u00fablica, que el tr\u00e1nsito sea expedito y todo se desarrolle con normalidad en las afueras de los locales de votaci\u00f3n y en el resto de la provincia, para lo cual contaremos con turnos de emergencia y en lo personal, estar\u00e9 en contacto permanente con Carabineros\u201d, manifest\u00f3 la gobernadora.<\/p>\n<p>&nbsp;<\/p>\n","protected":false},"excerpt":{"rendered":"<p>Nuevamente estar\u00e1 disponible el servicio de transporte gratuito de votantes, en Putaendo, Panquehue y Catemu. Para la tarde de este viernes se espera que queden habilitados y listos para su utilizaci\u00f3n, los&#8230;<\/p>\n","protected":false},"author":482,"featured_media":40652,"comment_status":"open","ping_status":"closed","sticky":false,"template":"","format":"standard","meta":{"advanced_seo_description":"","jetpack_seo_html_title":"","jetpack_seo_noindex":false,"_jetpack_memberships_contains_paid_content":false,"footnotes":""},"categories":[1],"tags":[],"class_list":["post-40651","post","type-post","status-publish","format-standard","has-post-thumbnail","hentry","category-cronica"],"jetpack_featured_media_url":"https:\/\/i0.wp.com\/eltrabajo.cl\/portal\/wp-content\/uploads\/2013\/12\/Elecciones.jpg?fit=529%2C325&ssl=1","jetpack_sharing_enabled":true,"jetpack_likes_enabled":true,"jetpack-related-posts":[],"_links":{"self":[{"href":"https:\/\/eltrabajo.cl\/portal\/wp-json\/wp\/v2\/posts\/40651","targetHints":{"allow":["GET"]}}],"collection":[{"href":"https:\/\/eltrabajo.cl\/portal\/wp-json\/wp\/v2\/posts"}],"about":[{"href":"https:\/\/eltrabajo.cl\/portal\/wp-json\/wp\/v2\/types\/post"}],"author":[{"embeddable":true,"href":"https:\/\/eltrabajo.cl\/portal\/wp-json\/wp\/v2\/users\/482"}],"replies":[{"embeddable":true,"href":"https:\/\/eltrabajo.cl\/portal\/wp-json\/wp\/v2\/comments?post=40651"}],"version-history":[{"count":0,"href":"https:\/\/eltrabajo.cl\/portal\/wp-json\/wp\/v2\/posts\/40651\/revisions"}],"wp:featuredmedia":[{"embeddable":true,"href":"https:\/\/eltrabajo.cl\/portal\/wp-json\/wp\/v2\/media\/40652"}],"wp:attachment":[{"href":"https:\/\/eltrabajo.cl\/portal\/wp-json\/wp\/v2\/media?parent=40651"}],"wp:term":[{"taxonomy":"category","embeddable":true,"href":"https:\/\/eltrabajo.cl\/portal\/wp-json\/wp\/v2\/categories?post=40651"},{"taxonomy":"post_tag","embeddable":true,"href":"https:\/\/eltrabajo.cl\/portal\/wp-json\/wp\/v2\/tags?post=40651"}],"curies":[{"name":"wp","href":"https:\/\/api.w.org\/{rel}","templated":true}]}}