{"id":40658,"date":"2013-12-13T09:42:29","date_gmt":"2013-12-13T12:42:29","guid":{"rendered":"http:\/\/www.eltrabajo.cl\/portal\/?p=40658"},"modified":"2013-12-13T09:42:29","modified_gmt":"2013-12-13T12:42:29","slug":"valor-de-terreno-para-nuevo-complejo-libertadores-seria-totalmente-normal","status":"publish","type":"post","link":"https:\/\/eltrabajo.cl\/portal\/valor-de-terreno-para-nuevo-complejo-libertadores-seria-totalmente-normal\/","title":{"rendered":"Valor de terreno para nuevo Complejo Libertadores ser\u00eda totalmente normal"},"content":{"rendered":"<figure id=\"attachment_40659\" aria-describedby=\"caption-attachment-40659\" style=\"width: 317px\" class=\"wp-caption alignleft\"><a href=\"https:\/\/i0.wp.com\/www.eltrabajo.cl\/portal\/wp-content\/uploads\/2013\/12\/pedrosariego1.jpg\"><img data-recalc-dims=\"1\" loading=\"lazy\" decoding=\"async\" class=\" wp-image-40659 \" title=\"Pedro Sariego, secretario regional ministerial de Obras P\u00fablicas.\" alt=\"Pedro Sariego, secretario regional ministerial de Obras P\u00fablicas.\" src=\"https:\/\/i0.wp.com\/www.eltrabajo.cl\/portal\/wp-content\/uploads\/2013\/12\/pedrosariego1.jpg?resize=317%2C252\" width=\"317\" height=\"252\" srcset=\"https:\/\/i0.wp.com\/eltrabajo.cl\/portal\/wp-content\/uploads\/2013\/12\/pedrosariego1.jpg?w=528&amp;ssl=1 528w, https:\/\/i0.wp.com\/eltrabajo.cl\/portal\/wp-content\/uploads\/2013\/12\/pedrosariego1.jpg?resize=188%2C150&amp;ssl=1 188w, https:\/\/i0.wp.com\/eltrabajo.cl\/portal\/wp-content\/uploads\/2013\/12\/pedrosariego1.jpg?resize=300%2C238&amp;ssl=1 300w, https:\/\/i0.wp.com\/eltrabajo.cl\/portal\/wp-content\/uploads\/2013\/12\/pedrosariego1.jpg?resize=150%2C119&amp;ssl=1 150w, https:\/\/i0.wp.com\/eltrabajo.cl\/portal\/wp-content\/uploads\/2013\/12\/pedrosariego1.jpg?resize=400%2C318&amp;ssl=1 400w\" sizes=\"auto, (max-width: 317px) 100vw, 317px\" \/><\/a><figcaption id=\"caption-attachment-40659\" class=\"wp-caption-text\">Pedro Sariego, secretario regional ministerial de Obras P\u00fablicas.<\/figcaption><\/figure>\n<ul>\n<li><strong>Seremi de OO.PP. responde a cr\u00edticas por millonaria expropiaci\u00f3n y asegura que peritos externos definieron valor comercial basados en cinco mil metros cuadrados construidos en lugar a expropiar.<\/strong><\/li>\n<\/ul>\n<p><strong>LOS ANDES.<\/strong>&#8211; Frente a los cuestionamientos por expropiaciones en el sector de Los Libertadores, el secretario regional ministerial de Obras P\u00fablicas de Valpara\u00edso, Pedro Sariego, afirm\u00f3 que constituye un agravio gratuito al Ministerio de Obras P\u00fablicas por hacer su trabajo, las insinuaciones de un pago excesivo en la expropiaci\u00f3n de un terreno para desarrollar Complejo Los Libertadores. \u201cLas personas que piden explicaciones por los medios de comunicaci\u00f3n, s\u00f3lo demuestran que no saben c\u00f3mo funciona el aparato p\u00fablico\u201d, se\u00f1al\u00f3.<\/p>\n<p>Precis\u00f3 que en este tema en espec\u00edfico, un grupo de peritos, completamente externos al MOP y \u201ccuya honorabilidad y prestigio profesional tambi\u00e9n se ve cuestionado de manera infundada, expertos y con larga trayectoria en el \u00e1mbito de las expropiaciones, ha definido un valor por un terreno que tiene una marcada diferencia al valor fiscal vigente\u201d.<\/p>\n<p>Sariego detall\u00f3 que el terreno est\u00e1 al lado de una carretera internacional y tiene una estructura construida de 5.000 metros cuadrados, \u201cen base a estos elementos y otros de inter\u00e9s los peritos definen su valor comercial, el valor fiscal a la luz de los hechos no est\u00e1 actualizado y por consiguiente es s\u00f3lo una referencia. S\u00f3lo agregar que este tipo de diferencia son comunes en el \u00e1mbito de las expropiaciones rurales\u201d, afirm\u00f3.<\/p>\n<p>Argument\u00f3 que de acuerdo a los procedimientos establecidos para las expropiaciones, y que son de p\u00fablico conocimiento, \u201ctodo resultado de los peritos se presenta al tribunal, y despu\u00e9s de un plazo de 30 d\u00edas, se ve que el Estado y el privado, aceptan o no la propuesta de los peritos\u201d.<\/p>\n<p>Indic\u00f3 que en caso que el Estado y\/o el privado no acepte la propuesta de los peritos, \u201centonces el Juez visitar el lugar, determina otra pericia expropiatoria de otros peritos y otras medidas que estime oportunas para finalmente tomar su decisi\u00f3n\u201d.<\/p>\n<p>En este caso espec\u00edfico, \u201cestamos en medio de los 30 d\u00edas, por lo tanto NO se ha pagado a la fecha. El Estado puede refutar a los peritos de la manera se\u00f1alada, y, aunque parezca paradojal, puede ser el mismo MOP, a trav\u00e9s del Consejo de Defensa del Estado, quien solicite este tr\u00e1mite. Este proceso es m\u00e1s com\u00fan de lo que se pueda pensar\u201d.<\/p>\n<p>Plante\u00f3 que este proceso ha dado seguridad a miles de expropiaciones que se han desarrollado en Chile para la construcci\u00f3n de obras p\u00fablicas y \u201cnos resulta absolutamente sorprendente que sea tema, cuando es un procedimiento conocido, transparente, con a\u00f1os de operaci\u00f3n que otorga confianza a todas las partes. No nos parece justo lo que ha ocurrido, a las instituciones como el MOP los ciudadanos deben cuidarlas\u201d, declar\u00f3 finalmente Sariego.<\/p>\n<p>&nbsp;<\/p>\n","protected":false},"excerpt":{"rendered":"<p>Seremi de OO.PP. responde a cr\u00edticas por millonaria expropiaci\u00f3n y asegura que peritos externos definieron valor comercial basados en cinco mil metros cuadrados construidos en lugar a expropiar. LOS ANDES.&#8211; Frente a&#8230;<\/p>\n","protected":false},"author":482,"featured_media":40659,"comment_status":"open","ping_status":"closed","sticky":false,"template":"","format":"standard","meta":{"advanced_seo_description":"","jetpack_seo_html_title":"","jetpack_seo_noindex":false,"_jetpack_memberships_contains_paid_content":false,"footnotes":""},"categories":[15],"tags":[],"class_list":["post-40658","post","type-post","status-publish","format-standard","has-post-thumbnail","hentry","category-comunidad"],"jetpack_featured_media_url":"https:\/\/i0.wp.com\/eltrabajo.cl\/portal\/wp-content\/uploads\/2013\/12\/pedrosariego1.jpg?fit=528%2C420&ssl=1","jetpack_sharing_enabled":true,"jetpack_likes_enabled":true,"jetpack-related-posts":[],"_links":{"self":[{"href":"https:\/\/eltrabajo.cl\/portal\/wp-json\/wp\/v2\/posts\/40658","targetHints":{"allow":["GET"]}}],"collection":[{"href":"https:\/\/eltrabajo.cl\/portal\/wp-json\/wp\/v2\/posts"}],"about":[{"href":"https:\/\/eltrabajo.cl\/portal\/wp-json\/wp\/v2\/types\/post"}],"author":[{"embeddable":true,"href":"https:\/\/eltrabajo.cl\/portal\/wp-json\/wp\/v2\/users\/482"}],"replies":[{"embeddable":true,"href":"https:\/\/eltrabajo.cl\/portal\/wp-json\/wp\/v2\/comments?post=40658"}],"version-history":[{"count":0,"href":"https:\/\/eltrabajo.cl\/portal\/wp-json\/wp\/v2\/posts\/40658\/revisions"}],"wp:featuredmedia":[{"embeddable":true,"href":"https:\/\/eltrabajo.cl\/portal\/wp-json\/wp\/v2\/media\/40659"}],"wp:attachment":[{"href":"https:\/\/eltrabajo.cl\/portal\/wp-json\/wp\/v2\/media?parent=40658"}],"wp:term":[{"taxonomy":"category","embeddable":true,"href":"https:\/\/eltrabajo.cl\/portal\/wp-json\/wp\/v2\/categories?post=40658"},{"taxonomy":"post_tag","embeddable":true,"href":"https:\/\/eltrabajo.cl\/portal\/wp-json\/wp\/v2\/tags?post=40658"}],"curies":[{"name":"wp","href":"https:\/\/api.w.org\/{rel}","templated":true}]}}