{"id":40661,"date":"2013-12-13T09:45:32","date_gmt":"2013-12-13T12:45:32","guid":{"rendered":"http:\/\/www.eltrabajo.cl\/portal\/?p=40661"},"modified":"2013-12-13T09:45:32","modified_gmt":"2013-12-13T12:45:32","slug":"estudiantes-de-santa-maria-como-locos-en-la-isla-de-pascua","status":"publish","type":"post","link":"https:\/\/eltrabajo.cl\/portal\/estudiantes-de-santa-maria-como-locos-en-la-isla-de-pascua\/","title":{"rendered":"Estudiantes de Santa Mar\u00eda como locos en la Isla de Pascua"},"content":{"rendered":"<figure id=\"attachment_40662\" aria-describedby=\"caption-attachment-40662\" style=\"width: 370px\" class=\"wp-caption alignleft\"><a href=\"https:\/\/i0.wp.com\/www.eltrabajo.cl\/portal\/wp-content\/uploads\/2013\/12\/Viajeros1.jpg\"><img data-recalc-dims=\"1\" loading=\"lazy\" decoding=\"async\" class=\"wp-image-40662 \" title=\"LA AVENTURA.- Leyendo Diario El Trabajo al pie de los gigantescos Moais (para copular) de la Isla de Pascua, posaron para nuestras c\u00e1maras Soledad Chinch\u00f3n, Alberto Araya, Helmut Kauffmann, Tito Pakomio (isle\u00f1o) y C\u00e9sar Rojas.\" alt=\"LA AVENTURA.- Leyendo Diario El Trabajo al pie de los gigantescos Moais (para copular) de la Isla de Pascua, posaron para nuestras c\u00e1maras Soledad Chinch\u00f3n, Alberto Araya, Helmut Kauffmann, Tito Pakomio (isle\u00f1o) y C\u00e9sar Rojas.\" src=\"https:\/\/i0.wp.com\/www.eltrabajo.cl\/portal\/wp-content\/uploads\/2013\/12\/Viajeros1.jpg?resize=370%2C447\" width=\"370\" height=\"447\" srcset=\"https:\/\/i0.wp.com\/eltrabajo.cl\/portal\/wp-content\/uploads\/2013\/12\/Viajeros1.jpg?w=529&amp;ssl=1 529w, https:\/\/i0.wp.com\/eltrabajo.cl\/portal\/wp-content\/uploads\/2013\/12\/Viajeros1.jpg?resize=124%2C150&amp;ssl=1 124w, https:\/\/i0.wp.com\/eltrabajo.cl\/portal\/wp-content\/uploads\/2013\/12\/Viajeros1.jpg?resize=248%2C300&amp;ssl=1 248w, https:\/\/i0.wp.com\/eltrabajo.cl\/portal\/wp-content\/uploads\/2013\/12\/Viajeros1.jpg?resize=400%2C482&amp;ssl=1 400w\" sizes=\"auto, (max-width: 370px) 100vw, 370px\" \/><\/a><figcaption id=\"caption-attachment-40662\" class=\"wp-caption-text\">LA AVENTURA.- Leyendo Diario El Trabajo al pie de los gigantescos Moais (para copular) de la Isla de Pascua, posaron para nuestras c\u00e1maras Soledad Chinch\u00f3n, Alberto Araya, Helmut Kauffmann, Tito Pakomio (isle\u00f1o) y C\u00e9sar Rojas.<\/figcaption><\/figure>\n<p>Luego de permanecer durante casi una semana en la ex\u00f3tica Isla de Pascua, ubicada a m\u00e1s de 3.800 kil\u00f3metros de nuestras costas y a lo profundo del Oc\u00e9ano Pac\u00edfico, regresaron al continente los tres estudiantes de la Escuela Mar\u00eda Esp\u00ednola de Santa Mar\u00eda. El viaje fue un regalo que ellos recibieron en funci\u00f3n del Mejor Rendimiento Escolar 2013.<\/p>\n<p>Ellos son Soledad Chinch\u00f3n, Alberto Araya y C\u00e9sar Rojas, estudiantes que terminan este a\u00f1o su educaci\u00f3n b\u00e1sica y egresan para seguir su aprendizaje en Media. Ellos fueron acompa\u00f1ados por una apoderada y el Director de la Mar\u00eda Esp\u00ednola, Helmut Kauffmann Chivano, quien aport\u00f3 la mayor parte de la inversi\u00f3n que hizo posible esta inolvidable traves\u00eda.<\/p>\n<p>\u00abFue una experiencia muy positiva para estos peque\u00f1os, hicieron nuevos amigos; conocieron una cultura diferente a la suya; jugaron y corrieron por Playa Anakena entre otros sectores famosos de la isla\u00bb, coment\u00f3 Kauffmann.<\/p>\n<p>Pero en esta aventura no s\u00f3lo viajaron los protagonistas de ella, tambi\u00e9n ellos llevaron varios ejemplares de Diario El Trabajo a fin de estar bien informados sobre el acontecer en nuestro valle, as\u00ed como dar a conocer a los isle\u00f1os cu\u00e1l es el peri\u00f3dico de mayor prestigio en San Felipe.<\/p>\n<p>\u00abAc\u00e1 todo es m\u00e1s caro y se entiende, pues aqu\u00ed estamos muy lejos de Tierra Firme, aunque la isla pertenezca a la Quinta Regi\u00f3n\u201d, agreg\u00f3 Helmut.<\/p>\n<p>Roberto Gonz\u00e1lez Short<\/p>\n<p>rgonzalez@eltrabajo.cl<\/p>\n<p>&nbsp;<\/p>\n","protected":false},"excerpt":{"rendered":"<p>Luego de permanecer durante casi una semana en la ex\u00f3tica Isla de Pascua, ubicada a m\u00e1s de 3.800 kil\u00f3metros de nuestras costas y a lo profundo del Oc\u00e9ano Pac\u00edfico, regresaron al continente&#8230;<\/p>\n","protected":false},"author":482,"featured_media":40662,"comment_status":"open","ping_status":"closed","sticky":false,"template":"","format":"standard","meta":{"advanced_seo_description":"","jetpack_seo_html_title":"","jetpack_seo_noindex":false,"_jetpack_memberships_contains_paid_content":false,"footnotes":""},"categories":[15],"tags":[],"class_list":["post-40661","post","type-post","status-publish","format-standard","has-post-thumbnail","hentry","category-comunidad"],"jetpack_featured_media_url":"https:\/\/i0.wp.com\/eltrabajo.cl\/portal\/wp-content\/uploads\/2013\/12\/Viajeros1.jpg?fit=529%2C638&ssl=1","jetpack_sharing_enabled":true,"jetpack_likes_enabled":true,"jetpack-related-posts":[],"_links":{"self":[{"href":"https:\/\/eltrabajo.cl\/portal\/wp-json\/wp\/v2\/posts\/40661","targetHints":{"allow":["GET"]}}],"collection":[{"href":"https:\/\/eltrabajo.cl\/portal\/wp-json\/wp\/v2\/posts"}],"about":[{"href":"https:\/\/eltrabajo.cl\/portal\/wp-json\/wp\/v2\/types\/post"}],"author":[{"embeddable":true,"href":"https:\/\/eltrabajo.cl\/portal\/wp-json\/wp\/v2\/users\/482"}],"replies":[{"embeddable":true,"href":"https:\/\/eltrabajo.cl\/portal\/wp-json\/wp\/v2\/comments?post=40661"}],"version-history":[{"count":0,"href":"https:\/\/eltrabajo.cl\/portal\/wp-json\/wp\/v2\/posts\/40661\/revisions"}],"wp:featuredmedia":[{"embeddable":true,"href":"https:\/\/eltrabajo.cl\/portal\/wp-json\/wp\/v2\/media\/40662"}],"wp:attachment":[{"href":"https:\/\/eltrabajo.cl\/portal\/wp-json\/wp\/v2\/media?parent=40661"}],"wp:term":[{"taxonomy":"category","embeddable":true,"href":"https:\/\/eltrabajo.cl\/portal\/wp-json\/wp\/v2\/categories?post=40661"},{"taxonomy":"post_tag","embeddable":true,"href":"https:\/\/eltrabajo.cl\/portal\/wp-json\/wp\/v2\/tags?post=40661"}],"curies":[{"name":"wp","href":"https:\/\/api.w.org\/{rel}","templated":true}]}}