{"id":40666,"date":"2013-12-13T09:47:40","date_gmt":"2013-12-13T12:47:40","guid":{"rendered":"http:\/\/www.eltrabajo.cl\/portal\/?p=40666"},"modified":"2013-12-13T09:47:40","modified_gmt":"2013-12-13T12:47:40","slug":"emotiva-licenciatura-del-centro-de-apoyo-a-la-educacion-especial-de-putaendo","status":"publish","type":"post","link":"https:\/\/eltrabajo.cl\/portal\/emotiva-licenciatura-del-centro-de-apoyo-a-la-educacion-especial-de-putaendo\/","title":{"rendered":"Emotiva licenciatura del Centro de Apoyo a la Educaci\u00f3n Especial de Putaendo"},"content":{"rendered":"<figure id=\"attachment_40667\" aria-describedby=\"caption-attachment-40667\" style=\"width: 529px\" class=\"wp-caption alignnone\"><a href=\"https:\/\/i0.wp.com\/www.eltrabajo.cl\/portal\/wp-content\/uploads\/2013\/12\/licenciatura-especial.jpg\"><img data-recalc-dims=\"1\" loading=\"lazy\" decoding=\"async\" class=\"size-full wp-image-40667\" title=\"Profesores junto a los alumnos egresados vivieron una emotiva ceremonia de licenciatura.\" alt=\"Profesores junto a los alumnos egresados vivieron una emotiva ceremonia de licenciatura.\" src=\"https:\/\/i0.wp.com\/www.eltrabajo.cl\/portal\/wp-content\/uploads\/2013\/12\/licenciatura-especial.jpg?resize=529%2C353\" width=\"529\" height=\"353\" srcset=\"https:\/\/i0.wp.com\/eltrabajo.cl\/portal\/wp-content\/uploads\/2013\/12\/licenciatura-especial.jpg?w=529&amp;ssl=1 529w, https:\/\/i0.wp.com\/eltrabajo.cl\/portal\/wp-content\/uploads\/2013\/12\/licenciatura-especial.jpg?resize=200%2C133&amp;ssl=1 200w, https:\/\/i0.wp.com\/eltrabajo.cl\/portal\/wp-content\/uploads\/2013\/12\/licenciatura-especial.jpg?resize=300%2C200&amp;ssl=1 300w, https:\/\/i0.wp.com\/eltrabajo.cl\/portal\/wp-content\/uploads\/2013\/12\/licenciatura-especial.jpg?resize=150%2C100&amp;ssl=1 150w, https:\/\/i0.wp.com\/eltrabajo.cl\/portal\/wp-content\/uploads\/2013\/12\/licenciatura-especial.jpg?resize=400%2C266&amp;ssl=1 400w\" sizes=\"auto, (max-width: 529px) 100vw, 529px\" \/><\/a><figcaption id=\"caption-attachment-40667\" class=\"wp-caption-text\">Profesores junto a los alumnos egresados vivieron una emotiva ceremonia de licenciatura.<\/figcaption><\/figure>\n<p><strong>PUTAENDO<\/strong>.- Durante estos d\u00edas los distintos establecimientos educacionales de nuestra comuna se encuentran realizando sus licenciaturas de fin de a\u00f1o, pero sin lugar a dudas la realizada por el Centro de Apoyo a la Educaci\u00f3n Especial de Putaendo estuvo marcada por un profundo significado de igualdad y una emotividad digna de destacar.<\/p>\n<p>La noche del mi\u00e9rcoles pasado, en el recinto ubicado en Calle Juan Rozas, se reunieron los estudiantes del curso laboral para despedir a Katherine Danitza Troncoso Flores y \u00d3scar Patricio Varas Castro, quienes se licenciaron despu\u00e9s de cumplir su per\u00edodo de aprendizaje en el Centro de Apoyo a la Educaci\u00f3n Especial de Putaendo.<\/p>\n<p>En la ocasi\u00f3n estuvieron presentes el alcalde Guillermo Reyes, los concejales Sergio Zamora, Julio Aravena, Carlos Gallardo y Luis Sandoval, el director del DAEM Patricio Moreno, la directora del establecimiento J\u00e9ssica N\u00fa\u00f1ez, profesores, personal no docente, padres y apoderados.<\/p>\n<p>J\u00e9ssica N\u00fa\u00f1ez Araya, directora del establecimiento, en sentidas palabras despidi\u00f3 a los dos estudiantes y destac\u00f3 el esfuerzo y trabajo de sus familias, adem\u00e1s envi\u00f3 un claro mensaje a los presentes y a la comunidad en cuanto a respetar, querer y dar los espacios necesarios para estos ni\u00f1os y j\u00f3venes, que por sus condiciones especiales merecen el apoyo de la sociedad y en especial del lugar donde viven y estudian.<\/p>\n<p>La estudiante Daniela Arancibia deslumbr\u00f3 a los presentes con un hermoso baile que dedic\u00f3 a Oscar Varas Castro, en tanto el estudiante Sebasti\u00e1n Gallardo interpret\u00f3 una hermosa canci\u00f3n dedicada a Katherine Troncoso Flores.<\/p>\n<p>Posteriormente y en un momento de mucha emoci\u00f3n fueron entregados los diplomas correspondientes, y luego el alcalde Guillermo Reyes salud\u00f3 a los presentes y felicit\u00f3 a los profesores por su importante trabajo y destac\u00f3 el apoyo del Concejo Municipal y del municipio en seguir potenciando esta escuela y como regalo de fin de a\u00f1o anunci\u00f3 que la construcci\u00f3n del patio techado para el recinto ya se encuentra un per\u00edodo de licitaci\u00f3n con una inversi\u00f3n de m\u00e1s de $20.000.000, noticia que fue aplaudida por todos los presentes.<\/p>\n<p>Luego la estudiante Katherine Troncoso tambi\u00e9n interpret\u00f3 una hermosa canci\u00f3n y posteriormente todos los profesores y personal de apoyo decidieron cantarle a los dos estudiantes que egresaban, mientras que con posterioridad hermosos globos dorados sub\u00edan hacia el cielo estrellado en un momento sencillamente maravilloso que emocion\u00f3 hasta las l\u00e1grimas a todos los presentes, y que demuestra como la comunidad educativa, los profesores y las autoridades valoran y destacan el trabajo y ense\u00f1anza del Centro de Apoyo a la Educaci\u00f3n Especial, que tambi\u00e9n, al igual que muchos colegios, se visti\u00f3 de gala en su emotiva licenciatura.<\/p>\n<p>Patricio Gallardo M.<\/p>\n","protected":false},"excerpt":{"rendered":"<p>PUTAENDO.- Durante estos d\u00edas los distintos establecimientos educacionales de nuestra comuna se encuentran realizando sus licenciaturas de fin de a\u00f1o, pero sin lugar a dudas la realizada por el Centro de Apoyo&#8230;<\/p>\n","protected":false},"author":482,"featured_media":40667,"comment_status":"open","ping_status":"closed","sticky":false,"template":"","format":"standard","meta":{"advanced_seo_description":"","jetpack_seo_html_title":"","jetpack_seo_noindex":false,"_jetpack_memberships_contains_paid_content":false,"footnotes":""},"categories":[1],"tags":[],"class_list":["post-40666","post","type-post","status-publish","format-standard","has-post-thumbnail","hentry","category-cronica"],"jetpack_featured_media_url":"https:\/\/i0.wp.com\/eltrabajo.cl\/portal\/wp-content\/uploads\/2013\/12\/licenciatura-especial.jpg?fit=529%2C353&ssl=1","jetpack_sharing_enabled":true,"jetpack_likes_enabled":true,"jetpack-related-posts":[],"_links":{"self":[{"href":"https:\/\/eltrabajo.cl\/portal\/wp-json\/wp\/v2\/posts\/40666","targetHints":{"allow":["GET"]}}],"collection":[{"href":"https:\/\/eltrabajo.cl\/portal\/wp-json\/wp\/v2\/posts"}],"about":[{"href":"https:\/\/eltrabajo.cl\/portal\/wp-json\/wp\/v2\/types\/post"}],"author":[{"embeddable":true,"href":"https:\/\/eltrabajo.cl\/portal\/wp-json\/wp\/v2\/users\/482"}],"replies":[{"embeddable":true,"href":"https:\/\/eltrabajo.cl\/portal\/wp-json\/wp\/v2\/comments?post=40666"}],"version-history":[{"count":0,"href":"https:\/\/eltrabajo.cl\/portal\/wp-json\/wp\/v2\/posts\/40666\/revisions"}],"wp:featuredmedia":[{"embeddable":true,"href":"https:\/\/eltrabajo.cl\/portal\/wp-json\/wp\/v2\/media\/40667"}],"wp:attachment":[{"href":"https:\/\/eltrabajo.cl\/portal\/wp-json\/wp\/v2\/media?parent=40666"}],"wp:term":[{"taxonomy":"category","embeddable":true,"href":"https:\/\/eltrabajo.cl\/portal\/wp-json\/wp\/v2\/categories?post=40666"},{"taxonomy":"post_tag","embeddable":true,"href":"https:\/\/eltrabajo.cl\/portal\/wp-json\/wp\/v2\/tags?post=40666"}],"curies":[{"name":"wp","href":"https:\/\/api.w.org\/{rel}","templated":true}]}}