{"id":40669,"date":"2013-12-13T09:48:54","date_gmt":"2013-12-13T12:48:54","guid":{"rendered":"http:\/\/www.eltrabajo.cl\/portal\/?p=40669"},"modified":"2013-12-13T09:48:54","modified_gmt":"2013-12-13T12:48:54","slug":"todavia-no-entregan-para-uso-publico-los-ascensores-de-la-gobernacion","status":"publish","type":"post","link":"https:\/\/eltrabajo.cl\/portal\/todavia-no-entregan-para-uso-publico-los-ascensores-de-la-gobernacion\/","title":{"rendered":"Todav\u00eda no entregan para uso p\u00fablico los ascensores de la Gobernaci\u00f3n"},"content":{"rendered":"<figure id=\"attachment_40670\" aria-describedby=\"caption-attachment-40670\" style=\"width: 422px\" class=\"wp-caption alignleft\"><a href=\"https:\/\/i0.wp.com\/www.eltrabajo.cl\/portal\/wp-content\/uploads\/2013\/12\/Ascensores-2.jpg\"><img data-recalc-dims=\"1\" loading=\"lazy\" decoding=\"async\" class=\" wp-image-40670 \" title=\"Son detalles m\u00ednimos los que restan para culminar el proyecto, el que est\u00e1 detenido y con ello se generan grandes molestias entre quienes deben subir y bajar caminando los pisos del edificio de Gobernaci\u00f3n.\" alt=\"Son detalles m\u00ednimos los que restan para culminar el proyecto, el que est\u00e1 detenido y con ello se generan grandes molestias entre quienes deben subir y bajar caminando los pisos del edificio de Gobernaci\u00f3n.\" src=\"https:\/\/i0.wp.com\/www.eltrabajo.cl\/portal\/wp-content\/uploads\/2013\/12\/Ascensores-2.jpg?resize=422%2C317\" width=\"422\" height=\"317\" srcset=\"https:\/\/i0.wp.com\/eltrabajo.cl\/portal\/wp-content\/uploads\/2013\/12\/Ascensores-2.jpg?w=528&amp;ssl=1 528w, https:\/\/i0.wp.com\/eltrabajo.cl\/portal\/wp-content\/uploads\/2013\/12\/Ascensores-2.jpg?resize=200%2C150&amp;ssl=1 200w, https:\/\/i0.wp.com\/eltrabajo.cl\/portal\/wp-content\/uploads\/2013\/12\/Ascensores-2.jpg?resize=300%2C225&amp;ssl=1 300w, https:\/\/i0.wp.com\/eltrabajo.cl\/portal\/wp-content\/uploads\/2013\/12\/Ascensores-2.jpg?resize=150%2C112&amp;ssl=1 150w, https:\/\/i0.wp.com\/eltrabajo.cl\/portal\/wp-content\/uploads\/2013\/12\/Ascensores-2.jpg?resize=400%2C300&amp;ssl=1 400w\" sizes=\"auto, (max-width: 422px) 100vw, 422px\" \/><\/a><figcaption id=\"caption-attachment-40670\" class=\"wp-caption-text\">Son detalles m\u00ednimos los que restan para culminar el proyecto, el que est\u00e1 detenido y con ello se generan grandes molestias entre quienes deben subir y bajar caminando los pisos del edificio de Gobernaci\u00f3n.<\/figcaption><\/figure>\n<p>Molesta, por decir lo menos, se mostr\u00f3 la gobernadora provincial de San Felipe, Patricia Boffa, por el significativo retraso en la entrega del proyecto terminado de renovaci\u00f3n de ascensores, el cual se adjudic\u00f3 y ejecut\u00f3 la empresa Ascensores Chile.<\/p>\n<p>El proyecto iniciado el primer semestre del a\u00f1o ten\u00eda como fecha de entrega el 28 de octubre y desde entonces, la empresa le ha dado una serie de fechas a la gobernadora acerca de la entrega definitiva de las obras.<\/p>\n<p>Como no se solicit\u00f3 una ampliaci\u00f3n en el plazo de ejecuci\u00f3n de los trabajos, se hizo cumplir el contrato, que considera el pago de multas por cada d\u00eda de retraso.<\/p>\n<p>\u201cHasta la fecha no hemos recepcionado los ascensores de la Gobernaci\u00f3n, hemos hecho todas las diligencias con la unidad t\u00e9cnica que es la municipalidad de San Felipe, hemos hablado tambi\u00e9n con el gerente general de Ascensores Chile, le hemos manifestado nuestra molestia, nuestra profunda molestia por el no cumplimiento de este contrato, por no entregar fechas precisas, perjudicando a vecinos y funcionarios, cuya molestia entendemos absolutamente\u201d, se\u00f1al\u00f3 la gobernadora.<\/p>\n<p>A\u00f1adi\u00f3 que \u201cla empresa no nos ha entregado ninguna explicaci\u00f3n satisfactoria, nos dicen que tienen algunos problemas internos, pero quiero dejar en claro que ellos est\u00e1n pagando multas diarias, desde el 28 de octubre, que era la fecha de entrega de este proyecto\u201d.<\/p>\n<p>La autoridad manifest\u00f3 que afortunadamente uno de los servicios con m\u00e1s p\u00fablico y ubicado en los pisos m\u00e1s altos del edificio, la Inspecci\u00f3n del Trabajo, se encuentra atendiendo en calle Riquelme, lo que si bien significa que el servicio est\u00e1 m\u00e1s lejos, permite por \u00faltimo evitarse el subir caminando tantas escalas, como ocurr\u00eda hasta hace un tiempo.<\/p>\n<p>Los trabajos que restan por hacer en los ascensores son m\u00ednimos y dicen relaci\u00f3n con detalles, ya que est\u00e1 todo operativo. El problema, es que no se pueden poner en marcha hasta que se realice la recepci\u00f3n de la obra por parte del municipio, que exige el cumplimiento cabal del contrato por el cual se pag\u00f3 a Ascensores Chile.<\/p>\n<p>&nbsp;<\/p>\n","protected":false},"excerpt":{"rendered":"<p>Molesta, por decir lo menos, se mostr\u00f3 la gobernadora provincial de San Felipe, Patricia Boffa, por el significativo retraso en la entrega del proyecto terminado de renovaci\u00f3n de ascensores, el cual se&#8230;<\/p>\n","protected":false},"author":482,"featured_media":40670,"comment_status":"open","ping_status":"closed","sticky":false,"template":"","format":"standard","meta":{"advanced_seo_description":"","jetpack_seo_html_title":"","jetpack_seo_noindex":false,"_jetpack_memberships_contains_paid_content":false,"footnotes":""},"categories":[1],"tags":[],"class_list":["post-40669","post","type-post","status-publish","format-standard","has-post-thumbnail","hentry","category-cronica"],"jetpack_featured_media_url":"https:\/\/i0.wp.com\/eltrabajo.cl\/portal\/wp-content\/uploads\/2013\/12\/Ascensores-2.jpg?fit=528%2C396&ssl=1","jetpack_sharing_enabled":true,"jetpack_likes_enabled":true,"jetpack-related-posts":[],"_links":{"self":[{"href":"https:\/\/eltrabajo.cl\/portal\/wp-json\/wp\/v2\/posts\/40669","targetHints":{"allow":["GET"]}}],"collection":[{"href":"https:\/\/eltrabajo.cl\/portal\/wp-json\/wp\/v2\/posts"}],"about":[{"href":"https:\/\/eltrabajo.cl\/portal\/wp-json\/wp\/v2\/types\/post"}],"author":[{"embeddable":true,"href":"https:\/\/eltrabajo.cl\/portal\/wp-json\/wp\/v2\/users\/482"}],"replies":[{"embeddable":true,"href":"https:\/\/eltrabajo.cl\/portal\/wp-json\/wp\/v2\/comments?post=40669"}],"version-history":[{"count":0,"href":"https:\/\/eltrabajo.cl\/portal\/wp-json\/wp\/v2\/posts\/40669\/revisions"}],"wp:featuredmedia":[{"embeddable":true,"href":"https:\/\/eltrabajo.cl\/portal\/wp-json\/wp\/v2\/media\/40670"}],"wp:attachment":[{"href":"https:\/\/eltrabajo.cl\/portal\/wp-json\/wp\/v2\/media?parent=40669"}],"wp:term":[{"taxonomy":"category","embeddable":true,"href":"https:\/\/eltrabajo.cl\/portal\/wp-json\/wp\/v2\/categories?post=40669"},{"taxonomy":"post_tag","embeddable":true,"href":"https:\/\/eltrabajo.cl\/portal\/wp-json\/wp\/v2\/tags?post=40669"}],"curies":[{"name":"wp","href":"https:\/\/api.w.org\/{rel}","templated":true}]}}