{"id":40673,"date":"2013-12-13T09:50:08","date_gmt":"2013-12-13T12:50:08","guid":{"rendered":"http:\/\/www.eltrabajo.cl\/portal\/?p=40673"},"modified":"2013-12-13T09:50:08","modified_gmt":"2013-12-13T12:50:08","slug":"presentan-diagnostico-sobre-distintos-temas-a-las-autoridades-comunales","status":"publish","type":"post","link":"https:\/\/eltrabajo.cl\/portal\/presentan-diagnostico-sobre-distintos-temas-a-las-autoridades-comunales\/","title":{"rendered":"Presentan diagn\u00f3stico sobre distintos temas a las autoridades comunales"},"content":{"rendered":"<figure id=\"attachment_40674\" aria-describedby=\"caption-attachment-40674\" style=\"width: 529px\" class=\"wp-caption alignnone\"><a href=\"https:\/\/i0.wp.com\/www.eltrabajo.cl\/portal\/wp-content\/uploads\/2013\/12\/presentacion-al-concejo.jpg\"><img data-recalc-dims=\"1\" loading=\"lazy\" decoding=\"async\" class=\"size-full wp-image-40674\" title=\"Los integrantes del Consejo Consultivo de Ni\u00f1os, Ni\u00f1as y Adolescentes de San Felipe, entregaron al alcalde Freire y concejales su propio diagn\u00f3stico sobre distintos temas relacionados con la comuna. \" alt=\"Los integrantes del Consejo Consultivo de Ni\u00f1os, Ni\u00f1as y Adolescentes de San Felipe, entregaron al alcalde Freire y concejales su propio diagn\u00f3stico sobre distintos temas relacionados con la comuna. \" src=\"https:\/\/i0.wp.com\/www.eltrabajo.cl\/portal\/wp-content\/uploads\/2013\/12\/presentacion-al-concejo.jpg?resize=529%2C355\" width=\"529\" height=\"355\" srcset=\"https:\/\/i0.wp.com\/eltrabajo.cl\/portal\/wp-content\/uploads\/2013\/12\/presentacion-al-concejo.jpg?w=529&amp;ssl=1 529w, https:\/\/i0.wp.com\/eltrabajo.cl\/portal\/wp-content\/uploads\/2013\/12\/presentacion-al-concejo.jpg?resize=200%2C134&amp;ssl=1 200w, https:\/\/i0.wp.com\/eltrabajo.cl\/portal\/wp-content\/uploads\/2013\/12\/presentacion-al-concejo.jpg?resize=300%2C201&amp;ssl=1 300w, https:\/\/i0.wp.com\/eltrabajo.cl\/portal\/wp-content\/uploads\/2013\/12\/presentacion-al-concejo.jpg?resize=150%2C100&amp;ssl=1 150w, https:\/\/i0.wp.com\/eltrabajo.cl\/portal\/wp-content\/uploads\/2013\/12\/presentacion-al-concejo.jpg?resize=400%2C268&amp;ssl=1 400w\" sizes=\"auto, (max-width: 529px) 100vw, 529px\" \/><\/a><figcaption id=\"caption-attachment-40674\" class=\"wp-caption-text\">Los integrantes del Consejo Consultivo de Ni\u00f1os, Ni\u00f1as y Adolescentes de San Felipe, entregaron al alcalde Freire y concejales su propio diagn\u00f3stico sobre distintos temas relacionados con la comuna.<\/figcaption><\/figure>\n<p>Este martes los integrantes del Consejo Consultivo de Ni\u00f1os, Ni\u00f1as y Adolescentes de San Felipe, participaron en una sesi\u00f3n del Concejo Municipal, con el objetivo de entregar a las autoridades comunales un diagn\u00f3stico preparado por ellos sobre distintos temas relacionados con la comuna.<\/p>\n<p>Los ni\u00f1os que participaron del Concejo Municipal pertenecen a distintos establecimientos educacionales de la comuna, tienen diferentes edades y plantearon a las autoridades comunales temas de su inter\u00e9s, entre los que se encontraban la cultura, los espacios p\u00fablicos, medio ambiente y discriminaci\u00f3n.<\/p>\n<p>Junto con este an\u00e1lisis realizado por los ni\u00f1os, presentaron tambi\u00e9n sus propuestas, entre las que destacaron, por ejemplo en cultura, mejorar la promoci\u00f3n y difusi\u00f3n de actividades culturales haciendo uso de la pantalla gigante y entregando informaci\u00f3n sistem\u00e1tica en los establecimientos educacionales, incorporar la visi\u00f3n y los intereses de los ni\u00f1os y j\u00f3venes en la planificaci\u00f3n de eventos masivos, ejecutar talleres de cultura y recreaci\u00f3n al interior de los colegios, entre otras acciones.<\/p>\n<p>Asimismo a juicio de los ni\u00f1os, en el tema de medio ambiente se hace necesario la creaci\u00f3n un parque para San Felipe, el que sea forestado con la participaci\u00f3n de todos los ni\u00f1os y ni\u00f1as de la comuna; el inicio de una campa\u00f1a de reciclaje, liderada por el municipio y a su vez promocionar buenas pr\u00e1cticas de reciclaje, adem\u00e1s de realizar una campa\u00f1a de sensibilizaci\u00f3n de tenencia responsable de los animales y fiscalizar las tiendas de venta de animales.<\/p>\n<p>Y en el tema de discriminaci\u00f3n, los ni\u00f1os plantearon la necesidad de generar una campa\u00f1a comunicacional contra el bullying, que contemple lo que significa y a donde se puede acudir en caso de sufrir esta situaci\u00f3n y que las autoridades visiten los establecimientos educacionales, a fin de que conversen con los ni\u00f1os y ni\u00f1as para conocer su opini\u00f3n y realidad en los establecimientos educacionales.<\/p>\n<p>\u201cLa idea nace desde un grupo de j\u00f3venes con los que hicimos un Concejo Municipal, donde florecieron bastantes ideas, estas ideas fueron organizadas y discutidas en la OPD donde escogimos distintos puntos para tratar con el Concejo Municipal este martes y el objetivo es hacernos notar como Consejo Consultivo, ya que somos un organismo bastante estructurado y quer\u00edamos presentar nuestra opini\u00f3n respecto de distintos puntos\u201d, se\u00f1al\u00f3 Javier Garc\u00eda, vocero del Consejo Consultivo.<\/p>\n<p>Cultura, medio ambiente y discriminaci\u00f3n son algunos de los principales temas que a los ni\u00f1os y adolescentes de San Felipe les interesan, y al ser prioridad han discutido sobre ellos y quisieron realizar esos planteamientos a las autoridades.<\/p>\n<p>Garc\u00eda destac\u00f3 la buena acogida de parte de las autoridades, especialmente del Alcalde Patricio Freire, quien se ha mostrado siempre interesado en los temas de inter\u00e9s de los ni\u00f1os y adolescentes de la comuna<\/p>\n<p>El jefe comunal destac\u00f3 la realizaci\u00f3n de esta actividad, se\u00f1alando que fue una instancia para conocer de parte de los ni\u00f1os de San Felipe sus inquietudes sobre distintos temas y sobre todo sus propuestas, con ideas concretas.<\/p>\n<p>El consejo consultivo de ni\u00f1os, ni\u00f1as y adolescentes de San Felipe, fue creado en el a\u00f1o 2012 y su objetivo central es fomentar la participaci\u00f3n sustantiva y la generaci\u00f3n de espacios reales para que puedan expresar su opini\u00f3n, en relaci\u00f3n a sus temas de inter\u00e9s, visibilizando su condici\u00f3n de ciudadanos portadores de derechos.<\/p>\n<p>&nbsp;<\/p>\n","protected":false},"excerpt":{"rendered":"<p>Este martes los integrantes del Consejo Consultivo de Ni\u00f1os, Ni\u00f1as y Adolescentes de San Felipe, participaron en una sesi\u00f3n del Concejo Municipal, con el objetivo de entregar a las autoridades comunales un&#8230;<\/p>\n","protected":false},"author":482,"featured_media":40674,"comment_status":"open","ping_status":"closed","sticky":false,"template":"","format":"standard","meta":{"advanced_seo_description":"","jetpack_seo_html_title":"","jetpack_seo_noindex":false,"_jetpack_memberships_contains_paid_content":false,"footnotes":""},"categories":[1],"tags":[],"class_list":["post-40673","post","type-post","status-publish","format-standard","has-post-thumbnail","hentry","category-cronica"],"jetpack_featured_media_url":"https:\/\/i0.wp.com\/eltrabajo.cl\/portal\/wp-content\/uploads\/2013\/12\/presentacion-al-concejo.jpg?fit=529%2C355&ssl=1","jetpack_sharing_enabled":true,"jetpack_likes_enabled":true,"jetpack-related-posts":[],"_links":{"self":[{"href":"https:\/\/eltrabajo.cl\/portal\/wp-json\/wp\/v2\/posts\/40673","targetHints":{"allow":["GET"]}}],"collection":[{"href":"https:\/\/eltrabajo.cl\/portal\/wp-json\/wp\/v2\/posts"}],"about":[{"href":"https:\/\/eltrabajo.cl\/portal\/wp-json\/wp\/v2\/types\/post"}],"author":[{"embeddable":true,"href":"https:\/\/eltrabajo.cl\/portal\/wp-json\/wp\/v2\/users\/482"}],"replies":[{"embeddable":true,"href":"https:\/\/eltrabajo.cl\/portal\/wp-json\/wp\/v2\/comments?post=40673"}],"version-history":[{"count":0,"href":"https:\/\/eltrabajo.cl\/portal\/wp-json\/wp\/v2\/posts\/40673\/revisions"}],"wp:featuredmedia":[{"embeddable":true,"href":"https:\/\/eltrabajo.cl\/portal\/wp-json\/wp\/v2\/media\/40674"}],"wp:attachment":[{"href":"https:\/\/eltrabajo.cl\/portal\/wp-json\/wp\/v2\/media?parent=40673"}],"wp:term":[{"taxonomy":"category","embeddable":true,"href":"https:\/\/eltrabajo.cl\/portal\/wp-json\/wp\/v2\/categories?post=40673"},{"taxonomy":"post_tag","embeddable":true,"href":"https:\/\/eltrabajo.cl\/portal\/wp-json\/wp\/v2\/tags?post=40673"}],"curies":[{"name":"wp","href":"https:\/\/api.w.org\/{rel}","templated":true}]}}