{"id":40679,"date":"2013-12-13T09:52:29","date_gmt":"2013-12-13T12:52:29","guid":{"rendered":"http:\/\/www.eltrabajo.cl\/portal\/?p=40679"},"modified":"2013-12-13T09:52:29","modified_gmt":"2013-12-13T12:52:29","slug":"productores-de-paltas-piden-ayuda-a-asociacion-de-alcaldes-quinta-cordillera","status":"publish","type":"post","link":"https:\/\/eltrabajo.cl\/portal\/productores-de-paltas-piden-ayuda-a-asociacion-de-alcaldes-quinta-cordillera\/","title":{"rendered":"Productores de paltas piden ayuda a Asociaci\u00f3n de Alcaldes Quinta Cordillera"},"content":{"rendered":"<figure id=\"attachment_40680\" aria-describedby=\"caption-attachment-40680\" style=\"width: 528px\" class=\"wp-caption alignnone\"><a href=\"https:\/\/i0.wp.com\/www.eltrabajo.cl\/portal\/wp-content\/uploads\/2013\/12\/paltas.jpg\"><img data-recalc-dims=\"1\" loading=\"lazy\" decoding=\"async\" class=\"size-full wp-image-40680\" title=\"El temor de los productores locales, dice relaci\u00f3n con la afectaci\u00f3n del viroide sunblotch en la producci\u00f3n de paltas nacionales, como consecuencia del eventual ingreso al mercado de la palta peruana.\" alt=\"El temor de los productores locales, dice relaci\u00f3n con la afectaci\u00f3n del viroide sunblotch en la producci\u00f3n de paltas nacionales, como consecuencia del eventual ingreso al mercado de la palta peruana.\" src=\"https:\/\/i0.wp.com\/www.eltrabajo.cl\/portal\/wp-content\/uploads\/2013\/12\/paltas.jpg?resize=528%2C297\" width=\"528\" height=\"297\" srcset=\"https:\/\/i0.wp.com\/eltrabajo.cl\/portal\/wp-content\/uploads\/2013\/12\/paltas.jpg?w=528&amp;ssl=1 528w, https:\/\/i0.wp.com\/eltrabajo.cl\/portal\/wp-content\/uploads\/2013\/12\/paltas.jpg?resize=200%2C112&amp;ssl=1 200w, https:\/\/i0.wp.com\/eltrabajo.cl\/portal\/wp-content\/uploads\/2013\/12\/paltas.jpg?resize=300%2C168&amp;ssl=1 300w, https:\/\/i0.wp.com\/eltrabajo.cl\/portal\/wp-content\/uploads\/2013\/12\/paltas.jpg?resize=150%2C84&amp;ssl=1 150w, https:\/\/i0.wp.com\/eltrabajo.cl\/portal\/wp-content\/uploads\/2013\/12\/paltas.jpg?resize=400%2C225&amp;ssl=1 400w\" sizes=\"auto, (max-width: 528px) 100vw, 528px\" \/><\/a><figcaption id=\"caption-attachment-40680\" class=\"wp-caption-text\">El temor de los productores locales, dice relaci\u00f3n con la afectaci\u00f3n del viroide sunblotch en la producci\u00f3n de paltas nacionales, como consecuencia del eventual ingreso al mercado de la palta peruana.<\/figcaption><\/figure>\n<p>El apoyo de la Asociaci\u00f3n de Municipalidades Quinta Cordillera pidi\u00f3 la Asociaci\u00f3n de Exportadores de Fruta, para proteger el producto local ante el cuestionado ingreso al mercado de palta peruana, la que presenta un serio problema fitosanitario.<\/p>\n<p>As\u00ed lo dio a conocer el Alcalde Patricio Freire, quien particip\u00f3 en la \u00faltima reuni\u00f3n de la asociaci\u00f3n donde expusieron representantes de los palteros, oportunidad en la que se manifest\u00f3 que Fedefruta los dej\u00f3 indefensos frente a esta verdadera invasi\u00f3n del producto peruano, lo que redundar\u00eda en un enorme perjuicio para los productores nacionales y espec\u00edficamente aquellos de la Regi\u00f3n de Valpara\u00edso.<\/p>\n<p>\u201cLa directiva y la asociaci\u00f3n en general de municipalidades, dio su pleno apoyo a los palteros de la Quinta regi\u00f3n. Ellos nos vinieron a plantear esta inquietud, porque la Asociaci\u00f3n de Exportadores de Fruta, ha dejado indefensos a los palteros al abrir el mercado a los peruanos, que traen paltas con un serio problema fitosanitario. Vamos a mandar cartas tanto al Ministerio de Agricultura como a la Asociaci\u00f3n de Exportadores y tambi\u00e9n haremos insertos en los diarios\u201d, se\u00f1al\u00f3 el Alcalde Patricio Freire.<\/p>\n<p>A la fecha, a nuestro pa\u00eds no hab\u00eda entrado el virus sunblotch presente en las paltas peruanas, el cual si bien no tiene efectos en las personas, s\u00ed los tiene en la producci\u00f3n, ya que atrofia al fruto y lo hace menos rentable.<\/p>\n<p>En el Portal Frut\u00edcola, la acad\u00e9mica Sof\u00eda Boza, del Departamento de Econom\u00eda Agraria de la Facultad de Ciencias Agron\u00f3micas de la Universidad de Chile, se\u00f1al\u00f3 que \u201clo que nos muestran las cifras es que las importaciones de palta desde cualquier pa\u00eds -dentro de lo que es el consumo interno chileno- corresponden a un porcentaje marginal, en torno al 1% en los \u00faltimos a\u00f1os. La mayor parte de ese porcentaje es palta peruana, pero representa muy pocas toneladas anuales. De hecho, hoy en d\u00eda para Per\u00fa, Chile no es un mercado objetivo para su palta\u201d.<\/p>\n<p>A\u00f1adi\u00f3 que \u201ccomo economista, no me aventuro a decir qui\u00e9n gana en esta situaci\u00f3n porque hace falta una premisa, tiene que haber un an\u00e1lisis de riesgo oportuno desde el punto de vista t\u00e9cnico y en base a eso podemos hacer un an\u00e1lisis econ\u00f3mico de cu\u00e1les ser\u00edan las consecuencias de la posibilidad de que el viroide (suhnblotch) entrara a Chile y qu\u00e9 podr\u00eda pasar con eso (\u2026) hay que saber la parte t\u00e9cnica, hay que tenerla muy clara, muy consensuada y en base a eso podr\u00edamos hacer la suma y la resta econ\u00f3mica\u201d.<\/p>\n<p>&nbsp;<\/p>\n","protected":false},"excerpt":{"rendered":"<p>El apoyo de la Asociaci\u00f3n de Municipalidades Quinta Cordillera pidi\u00f3 la Asociaci\u00f3n de Exportadores de Fruta, para proteger el producto local ante el cuestionado ingreso al mercado de palta peruana, la que&#8230;<\/p>\n","protected":false},"author":482,"featured_media":40680,"comment_status":"open","ping_status":"closed","sticky":false,"template":"","format":"standard","meta":{"advanced_seo_description":"","jetpack_seo_html_title":"","jetpack_seo_noindex":false,"_jetpack_memberships_contains_paid_content":false,"footnotes":""},"categories":[1],"tags":[],"class_list":["post-40679","post","type-post","status-publish","format-standard","has-post-thumbnail","hentry","category-cronica"],"jetpack_featured_media_url":"https:\/\/i0.wp.com\/eltrabajo.cl\/portal\/wp-content\/uploads\/2013\/12\/paltas.jpg?fit=528%2C297&ssl=1","jetpack_sharing_enabled":true,"jetpack_likes_enabled":true,"jetpack-related-posts":[],"_links":{"self":[{"href":"https:\/\/eltrabajo.cl\/portal\/wp-json\/wp\/v2\/posts\/40679","targetHints":{"allow":["GET"]}}],"collection":[{"href":"https:\/\/eltrabajo.cl\/portal\/wp-json\/wp\/v2\/posts"}],"about":[{"href":"https:\/\/eltrabajo.cl\/portal\/wp-json\/wp\/v2\/types\/post"}],"author":[{"embeddable":true,"href":"https:\/\/eltrabajo.cl\/portal\/wp-json\/wp\/v2\/users\/482"}],"replies":[{"embeddable":true,"href":"https:\/\/eltrabajo.cl\/portal\/wp-json\/wp\/v2\/comments?post=40679"}],"version-history":[{"count":0,"href":"https:\/\/eltrabajo.cl\/portal\/wp-json\/wp\/v2\/posts\/40679\/revisions"}],"wp:featuredmedia":[{"embeddable":true,"href":"https:\/\/eltrabajo.cl\/portal\/wp-json\/wp\/v2\/media\/40680"}],"wp:attachment":[{"href":"https:\/\/eltrabajo.cl\/portal\/wp-json\/wp\/v2\/media?parent=40679"}],"wp:term":[{"taxonomy":"category","embeddable":true,"href":"https:\/\/eltrabajo.cl\/portal\/wp-json\/wp\/v2\/categories?post=40679"},{"taxonomy":"post_tag","embeddable":true,"href":"https:\/\/eltrabajo.cl\/portal\/wp-json\/wp\/v2\/tags?post=40679"}],"curies":[{"name":"wp","href":"https:\/\/api.w.org\/{rel}","templated":true}]}}