{"id":40683,"date":"2013-12-13T09:55:00","date_gmt":"2013-12-13T12:55:00","guid":{"rendered":"http:\/\/www.eltrabajo.cl\/portal\/?p=40683"},"modified":"2013-12-13T09:55:00","modified_gmt":"2013-12-13T12:55:00","slug":"sujeto-es-detenido-por-amenazar-transeuntes-con-una-pistola-de-juguete","status":"publish","type":"post","link":"https:\/\/eltrabajo.cl\/portal\/sujeto-es-detenido-por-amenazar-transeuntes-con-una-pistola-de-juguete\/","title":{"rendered":"Sujeto es detenido por amenazar transe\u00fantes con una pistola de juguete"},"content":{"rendered":"<figure id=\"attachment_40684\" aria-describedby=\"caption-attachment-40684\" style=\"width: 317px\" class=\"wp-caption alignleft\"><a href=\"https:\/\/i0.wp.com\/www.eltrabajo.cl\/portal\/wp-content\/uploads\/2013\/12\/pistolabiro5.jpg\"><img data-recalc-dims=\"1\" loading=\"lazy\" decoding=\"async\" class=\" wp-image-40684 \" title=\"Aunque parezca real, la pistola es de juguete. El detenido portaba adem\u00e1s un cuchillo de 16 cent\u00edmetros de hoja.\" alt=\"Aunque parezca real, la pistola es de juguete. El detenido portaba adem\u00e1s un cuchillo de 16 cent\u00edmetros de hoja.\" src=\"https:\/\/i0.wp.com\/www.eltrabajo.cl\/portal\/wp-content\/uploads\/2013\/12\/pistolabiro5.jpg?resize=317%2C238\" width=\"317\" height=\"238\" srcset=\"https:\/\/i0.wp.com\/eltrabajo.cl\/portal\/wp-content\/uploads\/2013\/12\/pistolabiro5.jpg?w=528&amp;ssl=1 528w, https:\/\/i0.wp.com\/eltrabajo.cl\/portal\/wp-content\/uploads\/2013\/12\/pistolabiro5.jpg?resize=200%2C150&amp;ssl=1 200w, https:\/\/i0.wp.com\/eltrabajo.cl\/portal\/wp-content\/uploads\/2013\/12\/pistolabiro5.jpg?resize=300%2C225&amp;ssl=1 300w, https:\/\/i0.wp.com\/eltrabajo.cl\/portal\/wp-content\/uploads\/2013\/12\/pistolabiro5.jpg?resize=150%2C112&amp;ssl=1 150w, https:\/\/i0.wp.com\/eltrabajo.cl\/portal\/wp-content\/uploads\/2013\/12\/pistolabiro5.jpg?resize=400%2C300&amp;ssl=1 400w\" sizes=\"auto, (max-width: 317px) 100vw, 317px\" \/><\/a><figcaption id=\"caption-attachment-40684\" class=\"wp-caption-text\">Aunque parezca real, la pistola es de juguete. El detenido portaba adem\u00e1s un cuchillo de 16 cent\u00edmetros de hoja.<\/figcaption><\/figure>\n<p>&nbsp;<\/p>\n<p><strong>LOS ANDES.<\/strong>&#8211; Un sujeto que era requerido por la justicia por porte y consumo de drogas fue detenido por oficiales de la PDI en momentos en que amenazaba peatones con una pistola de juguete.<\/p>\n<p>El antisocial, identificado como Carlos Gald\u00e1mez Villarroel, se encontraba la tarde del martes en la esquina de calles Papudo con Freire cuando se trab\u00f3 en una discusi\u00f3n con el conductor de un veh\u00edculo.<\/p>\n<p>Gald\u00e1mez extrajo de entre sus vestimentas una pistola de juguete similar a una real, causando p\u00e1nico entre las personas que circulaban por ese lugar, ya que comenz\u00f3 a proferir amenazas contra quien se le pusiera por delante.<\/p>\n<p>Testigos llamaron de inmediato al fono 134 de la PDI concurriendo al lugar un carro institucional con oficiales de la Brigada de Investigaci\u00f3n Criminal (Bicrim).<\/p>\n<p>El Jefe de esa unidad, Comisario Francisco Guzm\u00e1n, indic\u00f3 que gracias a las caracter\u00edsticas f\u00edsicas aportadas por los testigos pudieron identificar al sujeto quien no s\u00f3lo manten\u00eda entre sus ropas la pistola de juguete, sino adem\u00e1s un cuchillo de 16 cent\u00edmetros de hoja.<\/p>\n<p>El oficial inform\u00f3 que tras revisar los antecedentes del sujeto se comprob\u00f3 que presentaba una orden de detenci\u00f3n pendiente del Tribunal de Garant\u00eda de Los Andes por el delito de porte y consumo de drogas.<\/p>\n<p>El Comisario Guzm\u00e1n dijo que en primera instancia el sujeto trat\u00f3 de eludir la acci\u00f3n policial, pero luego fue arrestado y conducido al cuartel de la PDI.<\/p>\n<p>Por instrucciones del fiscal de turno pas\u00f3 a control de detenci\u00f3n siendo formalizado por infracci\u00f3n a la ley de control de armas y tambi\u00e9n por porte de sustancias il\u00edcitas.<\/p>\n<p>&nbsp;<\/p>\n","protected":false},"excerpt":{"rendered":"<p>&nbsp; LOS ANDES.&#8211; Un sujeto que era requerido por la justicia por porte y consumo de drogas fue detenido por oficiales de la PDI en momentos en que amenazaba peatones con una&#8230;<\/p>\n","protected":false},"author":482,"featured_media":40684,"comment_status":"open","ping_status":"closed","sticky":false,"template":"","format":"standard","meta":{"advanced_seo_description":"","jetpack_seo_html_title":"","jetpack_seo_noindex":false,"_jetpack_memberships_contains_paid_content":false,"footnotes":""},"categories":[21],"tags":[],"class_list":["post-40683","post","type-post","status-publish","format-standard","has-post-thumbnail","hentry","category-policial"],"jetpack_featured_media_url":"https:\/\/i0.wp.com\/eltrabajo.cl\/portal\/wp-content\/uploads\/2013\/12\/pistolabiro5.jpg?fit=528%2C396&ssl=1","jetpack_sharing_enabled":true,"jetpack_likes_enabled":true,"jetpack-related-posts":[],"_links":{"self":[{"href":"https:\/\/eltrabajo.cl\/portal\/wp-json\/wp\/v2\/posts\/40683","targetHints":{"allow":["GET"]}}],"collection":[{"href":"https:\/\/eltrabajo.cl\/portal\/wp-json\/wp\/v2\/posts"}],"about":[{"href":"https:\/\/eltrabajo.cl\/portal\/wp-json\/wp\/v2\/types\/post"}],"author":[{"embeddable":true,"href":"https:\/\/eltrabajo.cl\/portal\/wp-json\/wp\/v2\/users\/482"}],"replies":[{"embeddable":true,"href":"https:\/\/eltrabajo.cl\/portal\/wp-json\/wp\/v2\/comments?post=40683"}],"version-history":[{"count":0,"href":"https:\/\/eltrabajo.cl\/portal\/wp-json\/wp\/v2\/posts\/40683\/revisions"}],"wp:featuredmedia":[{"embeddable":true,"href":"https:\/\/eltrabajo.cl\/portal\/wp-json\/wp\/v2\/media\/40684"}],"wp:attachment":[{"href":"https:\/\/eltrabajo.cl\/portal\/wp-json\/wp\/v2\/media?parent=40683"}],"wp:term":[{"taxonomy":"category","embeddable":true,"href":"https:\/\/eltrabajo.cl\/portal\/wp-json\/wp\/v2\/categories?post=40683"},{"taxonomy":"post_tag","embeddable":true,"href":"https:\/\/eltrabajo.cl\/portal\/wp-json\/wp\/v2\/tags?post=40683"}],"curies":[{"name":"wp","href":"https:\/\/api.w.org\/{rel}","templated":true}]}}