{"id":40690,"date":"2013-12-13T09:59:33","date_gmt":"2013-12-13T12:59:33","guid":{"rendered":"http:\/\/www.eltrabajo.cl\/portal\/?p=40690"},"modified":"2013-12-13T09:59:33","modified_gmt":"2013-12-13T12:59:33","slug":"con-una-motosierra-minero-trato-de-matar-a-su-mujer-e-hijos","status":"publish","type":"post","link":"https:\/\/eltrabajo.cl\/portal\/con-una-motosierra-minero-trato-de-matar-a-su-mujer-e-hijos\/","title":{"rendered":"Con una motosierra minero trat\u00f3 de matar a su mujer e hijos"},"content":{"rendered":"<figure id=\"attachment_40691\" aria-describedby=\"caption-attachment-40691\" style=\"width: 317px\" class=\"wp-caption alignleft\"><a href=\"https:\/\/i0.wp.com\/www.eltrabajo.cl\/portal\/wp-content\/uploads\/2013\/12\/carmelo-de-la-cruz2.jpg\"><img data-recalc-dims=\"1\" loading=\"lazy\" decoding=\"async\" class=\" wp-image-40691 \" title=\"Debido a la gravedad de los hechos y los constantes malos tratos, el acusado qued\u00f3 con Prohibici\u00f3n de acercarse a su familia.\" alt=\"Debido a la gravedad de los hechos y los constantes malos tratos, el acusado qued\u00f3 con Prohibici\u00f3n de acercarse a su familia.\" src=\"https:\/\/i0.wp.com\/www.eltrabajo.cl\/portal\/wp-content\/uploads\/2013\/12\/carmelo-de-la-cruz2.jpg?resize=317%2C260\" width=\"317\" height=\"260\" srcset=\"https:\/\/i0.wp.com\/eltrabajo.cl\/portal\/wp-content\/uploads\/2013\/12\/carmelo-de-la-cruz2.jpg?w=529&amp;ssl=1 529w, https:\/\/i0.wp.com\/eltrabajo.cl\/portal\/wp-content\/uploads\/2013\/12\/carmelo-de-la-cruz2.jpg?resize=183%2C150&amp;ssl=1 183w, https:\/\/i0.wp.com\/eltrabajo.cl\/portal\/wp-content\/uploads\/2013\/12\/carmelo-de-la-cruz2.jpg?resize=300%2C245&amp;ssl=1 300w, https:\/\/i0.wp.com\/eltrabajo.cl\/portal\/wp-content\/uploads\/2013\/12\/carmelo-de-la-cruz2.jpg?resize=150%2C122&amp;ssl=1 150w, https:\/\/i0.wp.com\/eltrabajo.cl\/portal\/wp-content\/uploads\/2013\/12\/carmelo-de-la-cruz2.jpg?resize=400%2C327&amp;ssl=1 400w\" sizes=\"auto, (max-width: 317px) 100vw, 317px\" \/><\/a><figcaption id=\"caption-attachment-40691\" class=\"wp-caption-text\">Debido a la gravedad de los hechos y los constantes malos tratos, el acusado qued\u00f3 con Prohibici\u00f3n de acercarse a su familia.<\/figcaption><\/figure>\n<p><strong>LOS ANDES.<\/strong>&#8211; Con Prohibici\u00f3n de acercarse a las v\u00edctimas qued\u00f3 un minero que trat\u00f3 de matar a su conviviente y a uno de sus hijos utilizando una motosierra.<\/p>\n<p>Este episodio de violencia intrafamiliar ocurri\u00f3 al interior de un inmueble del sector Los Chacayes en el camino internacional.<\/p>\n<p>Cerca de las 5 de la ma\u00f1ana del mi\u00e9rcoles, el imputado Carmelo de la Cruz A.C., de 39 a\u00f1os, lleg\u00f3 ebrio a su casa y comenz\u00f3 a insultar a su pareja con quien tiene tres hijos en com\u00fan.<\/p>\n<p>Acto seguido el hombre se qued\u00f3 dormido despertando a eso de las 15:00 horas, a\u00fan bajo los efectos del alcohol.<\/p>\n<p>Nuevamente comenz\u00f3 a insultar a su mujer con ep\u00edtetos de grueso calibre y luego de ello tom\u00f3 una motosierra.<\/p>\n<p>La mujer logr\u00f3 tomarle un brazo y comenzar a forcejear con el sujeto, siendo ayudada por su hijo mayor de 15 a\u00f1os que trat\u00f3 de evitar la agresi\u00f3n.<\/p>\n<p>Durante la disputa por el control de la herramienta, tanto la mujer como su hijo resultaron lesionados, vi\u00e9ndose obligados a salir de la casa para no ser cortados.<\/p>\n<p>Luego llamaron a Carabineros, concurriendo r\u00e1pidamente a la vivienda el personal policial que detuvo al minero.<\/p>\n<p>Carmelo fue puesto a disposici\u00f3n del Tribunal de Garant\u00eda de Los Andes y requerido en Procedimiento Simplificado por el delito de Lesiones menos graves en contexto de la Ley de Violencia Intrafamiliar.<\/p>\n<p>Tras ello se fij\u00f3 una audiencia donde deber\u00e1 responder si acepta o no su responsabilidad en los hechos, arriesgando una pena de multa de 11 unidades tributarias si reconoce participaci\u00f3n.<\/p>\n<p>En el intertanto qued\u00f3 con Prohibici\u00f3n de acercarse a su mujer e hijo, ya que seg\u00fan la v\u00edctima, son constantes los malos tratos y golpizas que sufre a manos de su pareja, pero por temor no lo hab\u00eda denunciado.<\/p>\n<p>&nbsp;<\/p>\n","protected":false},"excerpt":{"rendered":"<p>LOS ANDES.&#8211; Con Prohibici\u00f3n de acercarse a las v\u00edctimas qued\u00f3 un minero que trat\u00f3 de matar a su conviviente y a uno de sus hijos utilizando una motosierra. Este episodio de violencia&#8230;<\/p>\n","protected":false},"author":482,"featured_media":40691,"comment_status":"open","ping_status":"closed","sticky":false,"template":"","format":"standard","meta":{"advanced_seo_description":"","jetpack_seo_html_title":"","jetpack_seo_noindex":false,"_jetpack_memberships_contains_paid_content":false,"footnotes":""},"categories":[21],"tags":[],"class_list":["post-40690","post","type-post","status-publish","format-standard","has-post-thumbnail","hentry","category-policial"],"jetpack_featured_media_url":"https:\/\/i0.wp.com\/eltrabajo.cl\/portal\/wp-content\/uploads\/2013\/12\/carmelo-de-la-cruz2.jpg?fit=529%2C433&ssl=1","jetpack_sharing_enabled":true,"jetpack_likes_enabled":true,"jetpack-related-posts":[],"_links":{"self":[{"href":"https:\/\/eltrabajo.cl\/portal\/wp-json\/wp\/v2\/posts\/40690","targetHints":{"allow":["GET"]}}],"collection":[{"href":"https:\/\/eltrabajo.cl\/portal\/wp-json\/wp\/v2\/posts"}],"about":[{"href":"https:\/\/eltrabajo.cl\/portal\/wp-json\/wp\/v2\/types\/post"}],"author":[{"embeddable":true,"href":"https:\/\/eltrabajo.cl\/portal\/wp-json\/wp\/v2\/users\/482"}],"replies":[{"embeddable":true,"href":"https:\/\/eltrabajo.cl\/portal\/wp-json\/wp\/v2\/comments?post=40690"}],"version-history":[{"count":0,"href":"https:\/\/eltrabajo.cl\/portal\/wp-json\/wp\/v2\/posts\/40690\/revisions"}],"wp:featuredmedia":[{"embeddable":true,"href":"https:\/\/eltrabajo.cl\/portal\/wp-json\/wp\/v2\/media\/40691"}],"wp:attachment":[{"href":"https:\/\/eltrabajo.cl\/portal\/wp-json\/wp\/v2\/media?parent=40690"}],"wp:term":[{"taxonomy":"category","embeddable":true,"href":"https:\/\/eltrabajo.cl\/portal\/wp-json\/wp\/v2\/categories?post=40690"},{"taxonomy":"post_tag","embeddable":true,"href":"https:\/\/eltrabajo.cl\/portal\/wp-json\/wp\/v2\/tags?post=40690"}],"curies":[{"name":"wp","href":"https:\/\/api.w.org\/{rel}","templated":true}]}}