{"id":40701,"date":"2013-12-16T09:19:48","date_gmt":"2013-12-16T12:19:48","guid":{"rendered":"http:\/\/www.eltrabajo.cl\/portal\/?p=40701"},"modified":"2013-12-16T09:20:31","modified_gmt":"2013-12-16T12:20:31","slug":"festival-teatro-a-mil-llega-a-san-felipe-con-obra-de-aline-kuppenheim","status":"publish","type":"post","link":"https:\/\/eltrabajo.cl\/portal\/festival-teatro-a-mil-llega-a-san-felipe-con-obra-de-aline-kuppenheim\/","title":{"rendered":"Festival Teatro a Mil llega a San Felipe con obra de Aline Kuppenheim"},"content":{"rendered":"<figure id=\"attachment_40702\" aria-describedby=\"caption-attachment-40702\" style=\"width: 529px\" class=\"wp-caption alignnone\"><a href=\"https:\/\/i0.wp.com\/www.eltrabajo.cl\/portal\/wp-content\/uploads\/2013\/12\/Sobre-la-Cuerda-Floja.jpg\"><img data-recalc-dims=\"1\" loading=\"lazy\" decoding=\"async\" class=\"size-full wp-image-40702\" title=\"La muerte de un ser querido, visto con la mirada de los ni\u00f1os, aborda \u2018Sobre la Cuerda Floja\u2019, obra que dirige Aline Kuppenheim y que se exhibir\u00e1 en San Felipe el 26 y 27 de diciembre.\" alt=\"La muerte de un ser querido, visto con la mirada de los ni\u00f1os, aborda \u2018Sobre la Cuerda Floja\u2019, obra que dirige Aline Kuppenheim y que se exhibir\u00e1 en San Felipe el 26 y 27 de diciembre.\" src=\"https:\/\/i0.wp.com\/www.eltrabajo.cl\/portal\/wp-content\/uploads\/2013\/12\/Sobre-la-Cuerda-Floja.jpg?resize=529%2C439\" width=\"529\" height=\"439\" srcset=\"https:\/\/i0.wp.com\/eltrabajo.cl\/portal\/wp-content\/uploads\/2013\/12\/Sobre-la-Cuerda-Floja.jpg?w=529&amp;ssl=1 529w, https:\/\/i0.wp.com\/eltrabajo.cl\/portal\/wp-content\/uploads\/2013\/12\/Sobre-la-Cuerda-Floja.jpg?resize=180%2C150&amp;ssl=1 180w, https:\/\/i0.wp.com\/eltrabajo.cl\/portal\/wp-content\/uploads\/2013\/12\/Sobre-la-Cuerda-Floja.jpg?resize=300%2C248&amp;ssl=1 300w, https:\/\/i0.wp.com\/eltrabajo.cl\/portal\/wp-content\/uploads\/2013\/12\/Sobre-la-Cuerda-Floja.jpg?resize=150%2C124&amp;ssl=1 150w, https:\/\/i0.wp.com\/eltrabajo.cl\/portal\/wp-content\/uploads\/2013\/12\/Sobre-la-Cuerda-Floja.jpg?resize=400%2C331&amp;ssl=1 400w\" sizes=\"auto, (max-width: 529px) 100vw, 529px\" \/><\/a><figcaption id=\"caption-attachment-40702\" class=\"wp-caption-text\">La muerte de un ser querido, visto con la mirada de los ni\u00f1os, aborda \u2018Sobre la Cuerda Floja\u2019, obra que dirige Aline Kuppenheim y que se exhibir\u00e1 en San Felipe el 26 y 27 de diciembre.<\/figcaption><\/figure>\n<p>Tras varias gestiones realizadas por la Municipalidad de San Felipe, se logr\u00f3 programar tres fechas del Festival Teatro a Mil (Fitam), de la obra \u2018Sobre la Cuerda Floja\u2019, la que se ofrecer\u00e1 gratuitamente en la comuna de San Felipe.<\/p>\n<p>La informaci\u00f3n la entreg\u00f3 el encargado de Cultura de la Municipalidad, Ricardo Ruiz Herrera, quien se\u00f1al\u00f3 se logr\u00f3 suscribir un convenio con Fitam, lo que permitir\u00e1 que la comuna est\u00e9 inserta en el calendario 2014, de esta instancia teatral, que considera la presentaci\u00f3n de atractivas obras al p\u00fablico.<\/p>\n<p>\u00abDurante enero, se van a hacer dos presentaciones internacionales al aire libre en San Felipe, uno peruano y otro chino, adem\u00e1s de estas tres fechas de \u2018Sobre la Cuerda Floja\u2019, que dirige Aline Kuppenheim, una obra de marionetas que est\u00e1 destinada a la familia\u00bb, se\u00f1al\u00f3 Ruiz.<\/p>\n<p>Los interesados en presenciar esta obra dirigida por la destacada actriz nacional, pueden acercarse a la municipalidad a retirar sus invitaciones, ya que los cupos son limitados para estas tres funciones, el 26 a las 19:30 horas, as\u00ed como el 27 a las 10:00 y a las 12:00 horas.<\/p>\n<p>El Alcalde Patricio Freire, manifest\u00f3 que \u00abestamos muy contentos de hacer este aporte a la cultura, ya que adem\u00e1s estamos rescatando un teatro importante como el que se ubica en el Liceo Roberto Humeres, que esperamos convertirlo en uno de los mejores teatros del valle de Aconcagua\u00bb.<\/p>\n<p>&nbsp;<\/p>\n<p><strong>LA OBRA<\/strong><\/p>\n<p>\u2018Sobre la Cuerda Floja\u2019 ha recibido varios premios internacionales como el Premio Mayor de Espect\u00e1culo Extranjero en Argentina, el 2012; es una entretenida obra hecha con marionetas, que seguramente ser\u00e1 del gusto de los ni\u00f1os y de los adultos. Cuenta la historia de una ni\u00f1a que visitaba verano a verano a sus abuelos, sin embargo, su abuela muere y su abuelo, para no apenarla por su fallecimiento, le dice que se hab\u00eda ido a trabajar al circo, sobre la cuerda floja, gener\u00e1ndose un hermoso relato que habla sobre la p\u00e9rdida de los seres queridos, con la mirada de un ni\u00f1o.<\/p>\n<p>\u00abPor eso es que ser\u00eda muy bonito que a esta obra asistan padres e hijos, abuelos y nietos, porque permite abordar este tipo de temas que no siempre son tratados por las familias y que ac\u00e1 se tocan de una manera muy linda, especialmente pensada en los ni\u00f1os\u00bb, manifest\u00f3 Ricardo Ruiz.<\/p>\n<p>&nbsp;<\/p>\n","protected":false},"excerpt":{"rendered":"<p>Tras varias gestiones realizadas por la Municipalidad de San Felipe, se logr\u00f3 programar tres fechas del Festival Teatro a Mil (Fitam), de la obra \u2018Sobre la Cuerda Floja\u2019, la que se ofrecer\u00e1&#8230;<\/p>\n","protected":false},"author":482,"featured_media":40702,"comment_status":"open","ping_status":"closed","sticky":false,"template":"","format":"standard","meta":{"advanced_seo_description":"","jetpack_seo_html_title":"","jetpack_seo_noindex":false,"_jetpack_memberships_contains_paid_content":false,"footnotes":""},"categories":[15],"tags":[],"class_list":["post-40701","post","type-post","status-publish","format-standard","has-post-thumbnail","hentry","category-comunidad"],"jetpack_featured_media_url":"https:\/\/i0.wp.com\/eltrabajo.cl\/portal\/wp-content\/uploads\/2013\/12\/Sobre-la-Cuerda-Floja.jpg?fit=529%2C439&ssl=1","jetpack_sharing_enabled":true,"jetpack_likes_enabled":true,"jetpack-related-posts":[],"_links":{"self":[{"href":"https:\/\/eltrabajo.cl\/portal\/wp-json\/wp\/v2\/posts\/40701","targetHints":{"allow":["GET"]}}],"collection":[{"href":"https:\/\/eltrabajo.cl\/portal\/wp-json\/wp\/v2\/posts"}],"about":[{"href":"https:\/\/eltrabajo.cl\/portal\/wp-json\/wp\/v2\/types\/post"}],"author":[{"embeddable":true,"href":"https:\/\/eltrabajo.cl\/portal\/wp-json\/wp\/v2\/users\/482"}],"replies":[{"embeddable":true,"href":"https:\/\/eltrabajo.cl\/portal\/wp-json\/wp\/v2\/comments?post=40701"}],"version-history":[{"count":0,"href":"https:\/\/eltrabajo.cl\/portal\/wp-json\/wp\/v2\/posts\/40701\/revisions"}],"wp:featuredmedia":[{"embeddable":true,"href":"https:\/\/eltrabajo.cl\/portal\/wp-json\/wp\/v2\/media\/40702"}],"wp:attachment":[{"href":"https:\/\/eltrabajo.cl\/portal\/wp-json\/wp\/v2\/media?parent=40701"}],"wp:term":[{"taxonomy":"category","embeddable":true,"href":"https:\/\/eltrabajo.cl\/portal\/wp-json\/wp\/v2\/categories?post=40701"},{"taxonomy":"post_tag","embeddable":true,"href":"https:\/\/eltrabajo.cl\/portal\/wp-json\/wp\/v2\/tags?post=40701"}],"curies":[{"name":"wp","href":"https:\/\/api.w.org\/{rel}","templated":true}]}}