{"id":40706,"date":"2013-12-16T09:21:48","date_gmt":"2013-12-16T12:21:48","guid":{"rendered":"http:\/\/www.eltrabajo.cl\/portal\/?p=40706"},"modified":"2013-12-16T09:21:48","modified_gmt":"2013-12-16T12:21:48","slug":"entregan-certificados-del-programa-yo-emprendo-basico-y-joven","status":"publish","type":"post","link":"https:\/\/eltrabajo.cl\/portal\/entregan-certificados-del-programa-yo-emprendo-basico-y-joven\/","title":{"rendered":"Entregan certificados del programa \u2018Yo emprendo B\u00e1sico y Joven\u2019"},"content":{"rendered":"<figure id=\"attachment_40707\" aria-describedby=\"caption-attachment-40707\" style=\"width: 528px\" class=\"wp-caption alignnone\"><a href=\"https:\/\/i0.wp.com\/www.eltrabajo.cl\/portal\/wp-content\/uploads\/2013\/12\/Entrega11.jpg\"><img data-recalc-dims=\"1\" loading=\"lazy\" decoding=\"async\" class=\"size-full wp-image-40707\" title=\"La ceremonia cont\u00f3 adem\u00e1s con la asistencia del Alcalde de Putaendo Guillermo Reyes, el Concejal Patricio Duran y el Administrador Municipal de Catemu, Guillermo Quiroga.\" alt=\"La ceremonia cont\u00f3 adem\u00e1s con la asistencia del Alcalde de Putaendo Guillermo Reyes, el Concejal Patricio Duran y el Administrador Municipal de Catemu, Guillermo Quiroga.\" src=\"https:\/\/i0.wp.com\/www.eltrabajo.cl\/portal\/wp-content\/uploads\/2013\/12\/Entrega11.jpg?resize=528%2C303\" width=\"528\" height=\"303\" srcset=\"https:\/\/i0.wp.com\/eltrabajo.cl\/portal\/wp-content\/uploads\/2013\/12\/Entrega11.jpg?w=528&amp;ssl=1 528w, https:\/\/i0.wp.com\/eltrabajo.cl\/portal\/wp-content\/uploads\/2013\/12\/Entrega11.jpg?resize=200%2C114&amp;ssl=1 200w, https:\/\/i0.wp.com\/eltrabajo.cl\/portal\/wp-content\/uploads\/2013\/12\/Entrega11.jpg?resize=300%2C172&amp;ssl=1 300w, https:\/\/i0.wp.com\/eltrabajo.cl\/portal\/wp-content\/uploads\/2013\/12\/Entrega11.jpg?resize=150%2C86&amp;ssl=1 150w, https:\/\/i0.wp.com\/eltrabajo.cl\/portal\/wp-content\/uploads\/2013\/12\/Entrega11.jpg?resize=400%2C229&amp;ssl=1 400w\" sizes=\"auto, (max-width: 528px) 100vw, 528px\" \/><\/a><figcaption id=\"caption-attachment-40707\" class=\"wp-caption-text\">La ceremonia cont\u00f3 adem\u00e1s con la asistencia del Alcalde de Putaendo Guillermo Reyes, el Concejal Patricio Duran y el Administrador Municipal de Catemu, Guillermo Quiroga.<\/figcaption><\/figure>\n<p>El Fondo de Solidaridad e Inversi\u00f3n Social (Fosis), hizo entrega de 96 certificados a un grupo de mujeres y hombres de la provincia de San Felipe, que fueron capacitados a trav\u00e9s del programa Yo Emprendo B\u00e1sico. Se trata de un proyecto ejecutado en esta provincia por Sur Quinta Regi\u00f3n Consultores Limitada. El Programa yo Emprendo, est\u00e1 dirigido a personas que deseen fortalecer sus respectivos emprendimientos, con el fin de potenciar condiciones empresariales en los participantes y que les permitan asimismo mejorar sus ingresos, y con ello, superar su situaci\u00f3n de pobreza o vulnerabilidad.<\/p>\n<p>Se trata de un programa donde las usuarias y usuarios asistieron a talleres de emprendimiento, de alfabetizaci\u00f3n digital, asesor\u00edas comerciales, as\u00ed como la obtenci\u00f3n de recursos para la adquisici\u00f3n de maquinarias o insumos para el desarrollo de su unidad de negocio. El proyecto en esta oportunidad, benefici\u00f3 a 96 personas de las comunas de Llay LLay, Catemu, Panquehue, San Felipe, Santa Mar\u00eda y Putaendo.<\/p>\n<p>La entrega de los certificados se realiz\u00f3 por parte de la Gobernadora Patricia Boffa y el Director Regional de Fosis, Rodrigo Jarufe. Este \u00faltimo explic\u00f3 que este el resultado de un esfuerzo individual de este grupo de personas.<\/p>\n<p>\u00abSe trata de personas que con esfuerzo y perseverancia, han finalizado este curso, recibiendo el certificado que los acredita con su participaci\u00f3n en el programa Yo Emprendo B\u00e1sico y Yo Trabajo J\u00f3venes. El Fosis tiene como misi\u00f3n trabajar con sentido de urgencia para erradicar la pobreza y disminuir la vulnerabilidad. En este sentido, programas como estos buscan que a partir de sus propias capacidades y habilidades, generar oportunidades, que permitan salir adelante a trav\u00e9s del emprendimiento\u00bb.<\/p>\n<p>En tanto, la Gobernadora Patricia Boffa afirm\u00f3 que \u2018Yo trabajo J\u00f3venes\u2019, est\u00e1 dirigido a hombres y mujeres de una edad entre 17 y 29 a\u00f1os, en vulnerabilidad social, que est\u00e9n sin empleo o con empleos precarios y que buscan insertarse en un trabajo de manera independiente. El Programa Yo Trabajo J\u00f3venes capacita en competencias de empleabilidad, es decir, en preparar los aspectos que se requieren para la b\u00fasqueda de un empleo, a su vez entrega un peque\u00f1o apoyo monetario para el plan de inserci\u00f3n laboral, con el fin de establecer la forma de ocupar los recursos en base a las necesidades m\u00e1s importantes.<\/p>\n<p>Se detiene el alza de la pobreza, la extrema pobreza y la desigualdad. Se ha impulsado el Ministerio de Desarrollo Social y creado una nueva pol\u00edtica, el Ingreso \u00c9tico Familiar, que no solo brinda apoyo, sino que tambi\u00e9n premia el esfuerzo de quienes trabajan por salir adelante.<\/p>\n","protected":false},"excerpt":{"rendered":"<p>El Fondo de Solidaridad e Inversi\u00f3n Social (Fosis), hizo entrega de 96 certificados a un grupo de mujeres y hombres de la provincia de San Felipe, que fueron capacitados a trav\u00e9s del&#8230;<\/p>\n","protected":false},"author":482,"featured_media":40707,"comment_status":"open","ping_status":"closed","sticky":false,"template":"","format":"standard","meta":{"advanced_seo_description":"","jetpack_seo_html_title":"","jetpack_seo_noindex":false,"_jetpack_memberships_contains_paid_content":false,"footnotes":""},"categories":[15],"tags":[],"class_list":["post-40706","post","type-post","status-publish","format-standard","has-post-thumbnail","hentry","category-comunidad"],"jetpack_featured_media_url":"https:\/\/i0.wp.com\/eltrabajo.cl\/portal\/wp-content\/uploads\/2013\/12\/Entrega11.jpg?fit=528%2C303&ssl=1","jetpack_sharing_enabled":true,"jetpack_likes_enabled":true,"jetpack-related-posts":[],"_links":{"self":[{"href":"https:\/\/eltrabajo.cl\/portal\/wp-json\/wp\/v2\/posts\/40706","targetHints":{"allow":["GET"]}}],"collection":[{"href":"https:\/\/eltrabajo.cl\/portal\/wp-json\/wp\/v2\/posts"}],"about":[{"href":"https:\/\/eltrabajo.cl\/portal\/wp-json\/wp\/v2\/types\/post"}],"author":[{"embeddable":true,"href":"https:\/\/eltrabajo.cl\/portal\/wp-json\/wp\/v2\/users\/482"}],"replies":[{"embeddable":true,"href":"https:\/\/eltrabajo.cl\/portal\/wp-json\/wp\/v2\/comments?post=40706"}],"version-history":[{"count":0,"href":"https:\/\/eltrabajo.cl\/portal\/wp-json\/wp\/v2\/posts\/40706\/revisions"}],"wp:featuredmedia":[{"embeddable":true,"href":"https:\/\/eltrabajo.cl\/portal\/wp-json\/wp\/v2\/media\/40707"}],"wp:attachment":[{"href":"https:\/\/eltrabajo.cl\/portal\/wp-json\/wp\/v2\/media?parent=40706"}],"wp:term":[{"taxonomy":"category","embeddable":true,"href":"https:\/\/eltrabajo.cl\/portal\/wp-json\/wp\/v2\/categories?post=40706"},{"taxonomy":"post_tag","embeddable":true,"href":"https:\/\/eltrabajo.cl\/portal\/wp-json\/wp\/v2\/tags?post=40706"}],"curies":[{"name":"wp","href":"https:\/\/api.w.org\/{rel}","templated":true}]}}