{"id":40710,"date":"2013-12-16T09:26:58","date_gmt":"2013-12-16T12:26:58","guid":{"rendered":"http:\/\/www.eltrabajo.cl\/portal\/?p=40710"},"modified":"2013-12-16T09:26:58","modified_gmt":"2013-12-16T12:26:58","slug":"miles-disfrutaron-con-el-show-que-inauguro-la-iluminacion-navidena","status":"publish","type":"post","link":"https:\/\/eltrabajo.cl\/portal\/miles-disfrutaron-con-el-show-que-inauguro-la-iluminacion-navidena\/","title":{"rendered":"Miles disfrutaron con el show que inaugur\u00f3 la iluminaci\u00f3n navide\u00f1a"},"content":{"rendered":"<figure id=\"attachment_40711\" aria-describedby=\"caption-attachment-40711\" style=\"width: 529px\" class=\"wp-caption alignnone\"><a href=\"https:\/\/i0.wp.com\/www.eltrabajo.cl\/portal\/wp-content\/uploads\/2013\/12\/Arbolito2.jpg\"><img data-recalc-dims=\"1\" loading=\"lazy\" decoding=\"async\" class=\"size-full wp-image-40711\" title=\"J\u00daBILO.- Hubo gran actividad art\u00edstica en las principales calles de nuestra ciudad, la gente se lanz\u00f3 a las calles y se confundieron por un momento, con los alegres artistas.\" alt=\"J\u00daBILO.- Hubo gran actividad art\u00edstica en las principales calles de nuestra ciudad, la gente se lanz\u00f3 a las calles y se confundieron por un momento, con los alegres artistas.\" src=\"https:\/\/i0.wp.com\/www.eltrabajo.cl\/portal\/wp-content\/uploads\/2013\/12\/Arbolito2.jpg?resize=529%2C406\" width=\"529\" height=\"406\" srcset=\"https:\/\/i0.wp.com\/eltrabajo.cl\/portal\/wp-content\/uploads\/2013\/12\/Arbolito2.jpg?w=529&amp;ssl=1 529w, https:\/\/i0.wp.com\/eltrabajo.cl\/portal\/wp-content\/uploads\/2013\/12\/Arbolito2.jpg?resize=195%2C150&amp;ssl=1 195w, https:\/\/i0.wp.com\/eltrabajo.cl\/portal\/wp-content\/uploads\/2013\/12\/Arbolito2.jpg?resize=300%2C230&amp;ssl=1 300w, https:\/\/i0.wp.com\/eltrabajo.cl\/portal\/wp-content\/uploads\/2013\/12\/Arbolito2.jpg?resize=150%2C115&amp;ssl=1 150w, https:\/\/i0.wp.com\/eltrabajo.cl\/portal\/wp-content\/uploads\/2013\/12\/Arbolito2.jpg?resize=400%2C306&amp;ssl=1 400w\" sizes=\"auto, (max-width: 529px) 100vw, 529px\" \/><\/a><figcaption id=\"caption-attachment-40711\" class=\"wp-caption-text\">J\u00daBILO.- Hubo gran actividad art\u00edstica en las principales calles de nuestra ciudad, la gente se lanz\u00f3 a las calles y se confundieron por un momento, con los alegres artistas.<\/figcaption><\/figure>\n<ul>\n<li><strong>El centro de la comuna se viste de luz y color desde este viernes 13 de diciembre y un inmenso \u00e1rbol de Navidad hace renacer el esp\u00edritu navide\u00f1o.<\/strong><\/li>\n<\/ul>\n<p>Con la presencia de miles de vecinos de la comuna, este viernes 13 de diciembre fue inaugurad el acto de la iluminaci\u00f3n navide\u00f1a, quienes adem\u00e1s disfrutaron de un entretenido show organizado por la Municipalidad de San Felipe. La fiesta comenz\u00f3 cerca de las 20:00 horas, cuando el Orfe\u00f3n Municipal deleit\u00f3 a los cientos de vecinos que ya se congregaban a esa hora en el centro con villancicos navide\u00f1os. Cuando el cielo comenzaba a oscurecer, los trajes iluminados de la diablada de Rinconada se tomaron Calle Salinas, agrupaci\u00f3n que bail\u00f3 entre los asistentes que se hab\u00edan reunido en esa arteria, llenando de color, m\u00fasica y alegr\u00eda el lugar.<\/p>\n<figure id=\"attachment_40712\" aria-describedby=\"caption-attachment-40712\" style=\"width: 423px\" class=\"wp-caption alignleft\"><a href=\"https:\/\/i0.wp.com\/www.eltrabajo.cl\/portal\/wp-content\/uploads\/2013\/12\/Freire1.jpg\"><img data-recalc-dims=\"1\" loading=\"lazy\" decoding=\"async\" class=\" wp-image-40712 \" title=\"Patricio Freire, alcalde de la ciudad, invit\u00f3 a las familias sanfelipe\u00f1as a disfrutar de una alegre y sana navidad.\" alt=\"Patricio Freire, alcalde de la ciudad, invit\u00f3 a las familias sanfelipe\u00f1as a disfrutar de una alegre y sana navidad.\" src=\"https:\/\/i0.wp.com\/www.eltrabajo.cl\/portal\/wp-content\/uploads\/2013\/12\/Freire1.jpg?resize=423%2C330\" width=\"423\" height=\"330\" srcset=\"https:\/\/i0.wp.com\/eltrabajo.cl\/portal\/wp-content\/uploads\/2013\/12\/Freire1.jpg?w=529&amp;ssl=1 529w, https:\/\/i0.wp.com\/eltrabajo.cl\/portal\/wp-content\/uploads\/2013\/12\/Freire1.jpg?resize=192%2C150&amp;ssl=1 192w, https:\/\/i0.wp.com\/eltrabajo.cl\/portal\/wp-content\/uploads\/2013\/12\/Freire1.jpg?resize=300%2C233&amp;ssl=1 300w, https:\/\/i0.wp.com\/eltrabajo.cl\/portal\/wp-content\/uploads\/2013\/12\/Freire1.jpg?resize=150%2C116&amp;ssl=1 150w, https:\/\/i0.wp.com\/eltrabajo.cl\/portal\/wp-content\/uploads\/2013\/12\/Freire1.jpg?resize=400%2C311&amp;ssl=1 400w\" sizes=\"auto, (max-width: 423px) 100vw, 423px\" \/><\/a><figcaption id=\"caption-attachment-40712\" class=\"wp-caption-text\">Patricio Freire, alcalde de la ciudad, invit\u00f3 a las familias sanfelipe\u00f1as a disfrutar de una alegre y sana navidad.<\/figcaption><\/figure>\n<p>Por alrededor de media hora, los vecinos disfrutaron de la m\u00fasica del norte de nuestro pa\u00eds, viendo los coloridos trajes de los bailarines. Luego fue el turno de los j\u00f3venes integrantes de \u2018Talento San Felipe\u2019, quienes prepararon por varios d\u00edas una entretenida presentaci\u00f3n, recordando dibujos animados, un show que fue disfrutado por los asistentes.<\/p>\n<p>Y as\u00ed lleg\u00f3 el minuto que todos esperaban, cuando las luces del sector c\u00e9ntrico bajaron su intensidad y permitieron que por etapas las luces navide\u00f1as fueron encendiendo, primeros los \u00e1rboles ubicados en los postes, luego luces en distintos lugares de la plaza, m\u00e1s tarde el trineo del viejito pascuero y finalmente el inmenso \u00e1rbol de navidad ubicado en el centro del principal paseo peatonal, adornado con hermosas luces, dando alegr\u00eda a la plaza de armas.<\/p>\n<figure id=\"attachment_40713\" aria-describedby=\"caption-attachment-40713\" style=\"width: 423px\" class=\"wp-caption alignright\"><a href=\"https:\/\/i0.wp.com\/www.eltrabajo.cl\/portal\/wp-content\/uploads\/2013\/12\/Arbolito1.jpg\"><img data-recalc-dims=\"1\" loading=\"lazy\" decoding=\"async\" class=\" wp-image-40713 \" title=\"\u00a1ES NAVIDAD!.- Miles de sanfelipe\u00f1os acudieron masivamente para ver c\u00f3mo se iluminaba nuestra plaza de armas con las luces y aires navide\u00f1os.\" alt=\"\u00a1ES NAVIDAD!.- Miles de sanfelipe\u00f1os acudieron masivamente para ver c\u00f3mo se iluminaba nuestra plaza de armas con las luces y aires navide\u00f1os.\" src=\"https:\/\/i0.wp.com\/www.eltrabajo.cl\/portal\/wp-content\/uploads\/2013\/12\/Arbolito1.jpg?resize=423%2C322\" width=\"423\" height=\"322\" srcset=\"https:\/\/i0.wp.com\/eltrabajo.cl\/portal\/wp-content\/uploads\/2013\/12\/Arbolito1.jpg?w=529&amp;ssl=1 529w, https:\/\/i0.wp.com\/eltrabajo.cl\/portal\/wp-content\/uploads\/2013\/12\/Arbolito1.jpg?resize=196%2C150&amp;ssl=1 196w, https:\/\/i0.wp.com\/eltrabajo.cl\/portal\/wp-content\/uploads\/2013\/12\/Arbolito1.jpg?resize=300%2C228&amp;ssl=1 300w, https:\/\/i0.wp.com\/eltrabajo.cl\/portal\/wp-content\/uploads\/2013\/12\/Arbolito1.jpg?resize=150%2C114&amp;ssl=1 150w, https:\/\/i0.wp.com\/eltrabajo.cl\/portal\/wp-content\/uploads\/2013\/12\/Arbolito1.jpg?resize=400%2C304&amp;ssl=1 400w\" sizes=\"auto, (max-width: 423px) 100vw, 423px\" \/><\/a><figcaption id=\"caption-attachment-40713\" class=\"wp-caption-text\">\u00a1ES NAVIDAD!.- Miles de sanfelipe\u00f1os acudieron masivamente para ver c\u00f3mo se iluminaba nuestra plaza de armas con las luces y aires navide\u00f1os.<\/figcaption><\/figure>\n<p>\u00abEstamos muy felices con la inmensa cantidad de vecinos que llegaron a disfrutar de la inauguraci\u00f3n de las luces en la Plaza de Armas, con un show especialmente preparado para todos los sanfelipe\u00f1os, donde pudimos disfrutar de villancicos con el Orfe\u00f3n Municipal y de m\u00fasica de distintos estilos. Este a\u00f1o quer\u00edamos que la iluminaci\u00f3n que se instalara no afectara los \u00e1rboles de la plaza y por eso hoy d\u00eda podemos disfrutar de un espect\u00e1culo de luces y color en el principal paseo p\u00fablico de nuestra comuna, que nos invita a vivir el esp\u00edritu navide\u00f1o\u00bb, indic\u00f3 el Alcalde Patricio Freire a Diario El Trabajo.<\/p>\n<p>La fiesta termin\u00f3 con la presentaci\u00f3n del grupo P.A.P.A., (Por Aqu\u00ed Pasan Aviones), quienes interpretaron los mejores \u00e9xitos de la cumbia, haciendo bailar y cantar a los miles de asistentes que se reunieron en el centro.<\/p>\n","protected":false},"excerpt":{"rendered":"<p>El centro de la comuna se viste de luz y color desde este viernes 13 de diciembre y un inmenso \u00e1rbol de Navidad hace renacer el esp\u00edritu navide\u00f1o. Con la presencia de&#8230;<\/p>\n","protected":false},"author":482,"featured_media":40711,"comment_status":"open","ping_status":"closed","sticky":false,"template":"","format":"standard","meta":{"advanced_seo_description":"","jetpack_seo_html_title":"","jetpack_seo_noindex":false,"_jetpack_memberships_contains_paid_content":false,"footnotes":""},"categories":[15],"tags":[],"class_list":["post-40710","post","type-post","status-publish","format-standard","has-post-thumbnail","hentry","category-comunidad"],"jetpack_featured_media_url":"https:\/\/i0.wp.com\/eltrabajo.cl\/portal\/wp-content\/uploads\/2013\/12\/Arbolito2.jpg?fit=529%2C406&ssl=1","jetpack_sharing_enabled":true,"jetpack_likes_enabled":true,"jetpack-related-posts":[],"_links":{"self":[{"href":"https:\/\/eltrabajo.cl\/portal\/wp-json\/wp\/v2\/posts\/40710","targetHints":{"allow":["GET"]}}],"collection":[{"href":"https:\/\/eltrabajo.cl\/portal\/wp-json\/wp\/v2\/posts"}],"about":[{"href":"https:\/\/eltrabajo.cl\/portal\/wp-json\/wp\/v2\/types\/post"}],"author":[{"embeddable":true,"href":"https:\/\/eltrabajo.cl\/portal\/wp-json\/wp\/v2\/users\/482"}],"replies":[{"embeddable":true,"href":"https:\/\/eltrabajo.cl\/portal\/wp-json\/wp\/v2\/comments?post=40710"}],"version-history":[{"count":0,"href":"https:\/\/eltrabajo.cl\/portal\/wp-json\/wp\/v2\/posts\/40710\/revisions"}],"wp:featuredmedia":[{"embeddable":true,"href":"https:\/\/eltrabajo.cl\/portal\/wp-json\/wp\/v2\/media\/40711"}],"wp:attachment":[{"href":"https:\/\/eltrabajo.cl\/portal\/wp-json\/wp\/v2\/media?parent=40710"}],"wp:term":[{"taxonomy":"category","embeddable":true,"href":"https:\/\/eltrabajo.cl\/portal\/wp-json\/wp\/v2\/categories?post=40710"},{"taxonomy":"post_tag","embeddable":true,"href":"https:\/\/eltrabajo.cl\/portal\/wp-json\/wp\/v2\/tags?post=40710"}],"curies":[{"name":"wp","href":"https:\/\/api.w.org\/{rel}","templated":true}]}}