{"id":40716,"date":"2013-12-16T09:29:17","date_gmt":"2013-12-16T12:29:17","guid":{"rendered":"http:\/\/www.eltrabajo.cl\/portal\/?p=40716"},"modified":"2013-12-16T09:29:17","modified_gmt":"2013-12-16T12:29:17","slug":"alcalde-patricio-freire-responde-a-julio-hardoy-a-mi-lo-que-no-me-gustan-son-este-tipo-de-amenazas","status":"publish","type":"post","link":"https:\/\/eltrabajo.cl\/portal\/alcalde-patricio-freire-responde-a-julio-hardoy-a-mi-lo-que-no-me-gustan-son-este-tipo-de-amenazas\/","title":{"rendered":"Alcalde Patricio Freire responde a Julio Hardoy: \u00ab\u2026A m\u00ed lo que no me gustan son este tipo de amenazas\u2026\u00bb"},"content":{"rendered":"<figure id=\"attachment_40717\" aria-describedby=\"caption-attachment-40717\" style=\"width: 317px\" class=\"wp-caption alignleft\"><a href=\"https:\/\/i0.wp.com\/www.eltrabajo.cl\/portal\/wp-content\/uploads\/2013\/12\/Alcalde-Freire1.jpg\"><img data-recalc-dims=\"1\" loading=\"lazy\" decoding=\"async\" class=\" wp-image-40717 \" title=\"El Alcalde Freire, se\u00f1al\u00f3 que el pr\u00f3ximo a\u00f1o se pondr\u00e1n al d\u00eda en la deuda por subvenciones que se mantiene con Bomberos.\" alt=\"El Alcalde Freire, se\u00f1al\u00f3 que el pr\u00f3ximo a\u00f1o se pondr\u00e1n al d\u00eda en la deuda por subvenciones que se mantiene con Bomberos.\" src=\"https:\/\/i0.wp.com\/www.eltrabajo.cl\/portal\/wp-content\/uploads\/2013\/12\/Alcalde-Freire1.jpg?resize=317%2C271\" width=\"317\" height=\"271\" srcset=\"https:\/\/i0.wp.com\/eltrabajo.cl\/portal\/wp-content\/uploads\/2013\/12\/Alcalde-Freire1.jpg?w=529&amp;ssl=1 529w, https:\/\/i0.wp.com\/eltrabajo.cl\/portal\/wp-content\/uploads\/2013\/12\/Alcalde-Freire1.jpg?resize=175%2C150&amp;ssl=1 175w, https:\/\/i0.wp.com\/eltrabajo.cl\/portal\/wp-content\/uploads\/2013\/12\/Alcalde-Freire1.jpg?resize=300%2C256&amp;ssl=1 300w, https:\/\/i0.wp.com\/eltrabajo.cl\/portal\/wp-content\/uploads\/2013\/12\/Alcalde-Freire1.jpg?resize=150%2C128&amp;ssl=1 150w, https:\/\/i0.wp.com\/eltrabajo.cl\/portal\/wp-content\/uploads\/2013\/12\/Alcalde-Freire1.jpg?resize=400%2C341&amp;ssl=1 400w\" sizes=\"auto, (max-width: 317px) 100vw, 317px\" \/><\/a><figcaption id=\"caption-attachment-40717\" class=\"wp-caption-text\">El Alcalde Freire, se\u00f1al\u00f3 que el pr\u00f3ximo a\u00f1o se pondr\u00e1n al d\u00eda en la deuda por subvenciones que se mantiene con Bomberos.<\/figcaption><\/figure>\n<ul>\n<li><strong>Edil sanfelipe\u00f1o asegura que \u00e9l ya hab\u00eda acordado un sistema de pago con el m\u00e1ximo representante de Bomberos.<\/strong><\/li>\n<\/ul>\n<p>Junto con lamentar profundamente las declaraciones formuladas por el superintendente del Cuerpo de Bomberos, quien dio un ultim\u00e1tum al municipio para que les pague de aqu\u00ed al mi\u00e9rcoles el saldo de la subvenci\u00f3n 2012 ($5 millones) y el total de la subvenci\u00f3n 2013 ($20 millones), el Alcalde Patricio Freire aclar\u00f3 que ha cumplido los acuerdos suscritos con la instituci\u00f3n a trav\u00e9s de su m\u00e1ximo representante, Julio Hardoy.<\/p>\n<p>Lo anterior, por cuanto si bien el alcalde reconoce que se mantiene un saldo impago, correspondiente a 2012, advirti\u00f3 que oportunamente convers\u00f3 con el Superintendente del Cuerpo de Bomberos, con quien acord\u00f3 pagarle $5 millones en noviembre y otros $5 millones en diciembre, lo que se cumpli\u00f3 como corresponde.<\/p>\n<p>A\u00f1adi\u00f3 Freire, que \u00abnos preocupa mucho esta determinaci\u00f3n, sin tomar una antesala de conversaci\u00f3n. Es muy lamentable\u00bb.<\/p>\n<p>Junto con hacer p\u00fablico la autoridad que pr\u00f3ximamente, a inicios de 2014 se pagar\u00e1 el saldo pendiente de 2012, manifest\u00f3 que ha sido casi normal que exista una suerte de deuda de arrastres y, por ejemplo, la deuda de un a\u00f1o se pague al a\u00f1o siguiente. De ah\u00ed entonces, que no les resulta descabellado cancelar los $20 millones comprometidos por el Concejo Municipal, por concepto de subvenci\u00f3n 2013, en el transcurso de este pr\u00f3ximo a\u00f1o.<\/p>\n<p>\u00abDesgraciadamente esta deuda de arrastre es hist\u00f3rica. Siempre se ha arrastrado la deuda del a\u00f1o anterior. Nosotros este a\u00f1o con la voluntad del Concejo subimos la subvenci\u00f3n, porque creemos que se lo merecen. Los bomberos para nosotros son un aliado, es una instituci\u00f3n bastante respetable, que no tiene fines de lucro, por lo tanto queremos abrir el di\u00e1logo y buscar una soluci\u00f3n\u00bb, manifest\u00f3 la autoridad comunal.<\/p>\n<p>Consultado el alcalde si en lo que resta de 2013 se pagar\u00e1 algo m\u00e1s a los Bomberos, se\u00f1al\u00f3 que \u00abnosotros cumplimos con un acuerdo que hicimos con el superintendente, en el contexto de una conversaci\u00f3n telef\u00f3nica que tuve con don Julio Hardoy. Dentro del a\u00f1o 2014 vamos a ponernos al d\u00eda, esa es nuestra voluntad\u00bb.<\/p>\n<p>M\u00e1s adelante, la autoridad asever\u00f3 que \u00aba m\u00ed lo que no me gustan son este tipo de amenazas, que no corresponden, ya que nuestros compromisos los cumplimos y las deudas las estamos pagando\u00bb.<\/p>\n<p>&nbsp;<\/p>\n<p><strong>CONCEJAL MUENA<\/strong><\/p>\n<p>En este mismo sentido el Concejal Basilio Muena, respald\u00f3 al Alcalde Patricio Freire, se\u00f1alando que el pasado martes en la sesi\u00f3n ordinaria del Concejo Municipal, se realiz\u00f3 la intervenci\u00f3n del Superintendente del Cuerpo de Bomberos, donde se tomaron otros acuerdos, entre los que se cuentan sacar adelante algunos proyectos en beneficio de la instituci\u00f3n.<\/p>\n<p>\u00abEn relaci\u00f3n a las subvenciones, tambi\u00e9n se pudo conversar ese tema, existe un acuerdo que el municipio ha respetado, por lo tanto nos llama poderosamente la atenci\u00f3n las declaraciones formuladas en el Diario El Trabajo, donde se manifiesta cierto malestar, eso no fue lo que conversamos. Por lo tanto es lamentable, el Concejo ha manifestado su intenci\u00f3n de avanzar en los temas con el Cuerpo de Bomberos, pero vamos a seguir trabajando para concretar los acuerdos alcanzados en el Concejo del martes pasado\u00bb, puntualiz\u00f3 Muena.<\/p>\n","protected":false},"excerpt":{"rendered":"<p>Edil sanfelipe\u00f1o asegura que \u00e9l ya hab\u00eda acordado un sistema de pago con el m\u00e1ximo representante de Bomberos. Junto con lamentar profundamente las declaraciones formuladas por el superintendente del Cuerpo de Bomberos,&#8230;<\/p>\n","protected":false},"author":482,"featured_media":40717,"comment_status":"open","ping_status":"closed","sticky":false,"template":"","format":"standard","meta":{"advanced_seo_description":"","jetpack_seo_html_title":"","jetpack_seo_noindex":false,"_jetpack_memberships_contains_paid_content":false,"footnotes":""},"categories":[1],"tags":[],"class_list":["post-40716","post","type-post","status-publish","format-standard","has-post-thumbnail","hentry","category-cronica"],"jetpack_featured_media_url":"https:\/\/i0.wp.com\/eltrabajo.cl\/portal\/wp-content\/uploads\/2013\/12\/Alcalde-Freire1.jpg?fit=529%2C452&ssl=1","jetpack_sharing_enabled":true,"jetpack_likes_enabled":true,"jetpack-related-posts":[],"_links":{"self":[{"href":"https:\/\/eltrabajo.cl\/portal\/wp-json\/wp\/v2\/posts\/40716","targetHints":{"allow":["GET"]}}],"collection":[{"href":"https:\/\/eltrabajo.cl\/portal\/wp-json\/wp\/v2\/posts"}],"about":[{"href":"https:\/\/eltrabajo.cl\/portal\/wp-json\/wp\/v2\/types\/post"}],"author":[{"embeddable":true,"href":"https:\/\/eltrabajo.cl\/portal\/wp-json\/wp\/v2\/users\/482"}],"replies":[{"embeddable":true,"href":"https:\/\/eltrabajo.cl\/portal\/wp-json\/wp\/v2\/comments?post=40716"}],"version-history":[{"count":0,"href":"https:\/\/eltrabajo.cl\/portal\/wp-json\/wp\/v2\/posts\/40716\/revisions"}],"wp:featuredmedia":[{"embeddable":true,"href":"https:\/\/eltrabajo.cl\/portal\/wp-json\/wp\/v2\/media\/40717"}],"wp:attachment":[{"href":"https:\/\/eltrabajo.cl\/portal\/wp-json\/wp\/v2\/media?parent=40716"}],"wp:term":[{"taxonomy":"category","embeddable":true,"href":"https:\/\/eltrabajo.cl\/portal\/wp-json\/wp\/v2\/categories?post=40716"},{"taxonomy":"post_tag","embeddable":true,"href":"https:\/\/eltrabajo.cl\/portal\/wp-json\/wp\/v2\/tags?post=40716"}],"curies":[{"name":"wp","href":"https:\/\/api.w.org\/{rel}","templated":true}]}}