{"id":40719,"date":"2013-12-16T09:31:21","date_gmt":"2013-12-16T12:31:21","guid":{"rendered":"http:\/\/www.eltrabajo.cl\/portal\/?p=40719"},"modified":"2013-12-16T09:31:21","modified_gmt":"2013-12-16T12:31:21","slug":"inauguran-centro-de-emprendimiento-en-la-ciudad-de-san-felipe","status":"publish","type":"post","link":"https:\/\/eltrabajo.cl\/portal\/inauguran-centro-de-emprendimiento-en-la-ciudad-de-san-felipe\/","title":{"rendered":"Inauguran Centro de Emprendimiento en la ciudad de San Felipe"},"content":{"rendered":"<figure id=\"attachment_40720\" aria-describedby=\"caption-attachment-40720\" style=\"width: 529px\" class=\"wp-caption alignnone\"><a href=\"https:\/\/i0.wp.com\/www.eltrabajo.cl\/portal\/wp-content\/uploads\/2013\/12\/Corfo1.jpg\"><img data-recalc-dims=\"1\" loading=\"lazy\" decoding=\"async\" class=\"size-full wp-image-40720\" title=\"La tarde de este jueves en San Felipe y como parte de las medidas del A\u00f1o de la Innovaci\u00f3n, fue inaugurado el tercero de los dos centros con que la Regi\u00f3n contar\u00e1.\" alt=\"La tarde de este jueves en San Felipe y como parte de las medidas del A\u00f1o de la Innovaci\u00f3n, fue inaugurado el tercero de los dos centros con que la Regi\u00f3n contar\u00e1.\" src=\"https:\/\/i0.wp.com\/www.eltrabajo.cl\/portal\/wp-content\/uploads\/2013\/12\/Corfo1.jpg?resize=529%2C399\" width=\"529\" height=\"399\" srcset=\"https:\/\/i0.wp.com\/eltrabajo.cl\/portal\/wp-content\/uploads\/2013\/12\/Corfo1.jpg?w=529&amp;ssl=1 529w, https:\/\/i0.wp.com\/eltrabajo.cl\/portal\/wp-content\/uploads\/2013\/12\/Corfo1.jpg?resize=200%2C150&amp;ssl=1 200w, https:\/\/i0.wp.com\/eltrabajo.cl\/portal\/wp-content\/uploads\/2013\/12\/Corfo1.jpg?resize=300%2C226&amp;ssl=1 300w, https:\/\/i0.wp.com\/eltrabajo.cl\/portal\/wp-content\/uploads\/2013\/12\/Corfo1.jpg?resize=150%2C113&amp;ssl=1 150w, https:\/\/i0.wp.com\/eltrabajo.cl\/portal\/wp-content\/uploads\/2013\/12\/Corfo1.jpg?resize=400%2C301&amp;ssl=1 400w\" sizes=\"auto, (max-width: 529px) 100vw, 529px\" \/><\/a><figcaption id=\"caption-attachment-40720\" class=\"wp-caption-text\">La tarde de este jueves en San Felipe y como parte de las medidas del A\u00f1o de la Innovaci\u00f3n, fue inaugurado el tercero de los dos centros con que la Regi\u00f3n contar\u00e1.<\/figcaption><\/figure>\n<p>La tarde de este jueves en San Felipe y como parte de las medidas del A\u00f1o de la Innovaci\u00f3n, el Seremi de Econom\u00eda, Mauricio Silva y el Director Regional de Corfo, V\u00edctor Fuentes, inauguraron el tercero de los dos centros con que la Regi\u00f3n contar\u00e1, y que son parte de los 24 Centros Chile Emprende del pa\u00eds, iniciativa del Gobierno que \u2013en el A\u00f1o de la Innovaci\u00f3n- se pone al servicio de las y los emprendedores y empresarios que requieran orientaci\u00f3n para crear o hacer crecer sus negocios.<\/p>\n<p>Los Centros de Emprendimiento, que suman un total de 24 en todo el pa\u00eds, comprometen un presupuesto de $2.000 millones para este a\u00f1o y estar\u00e1n en una primera etapa ubicados en las ciudades de Antofagasta, Vi\u00f1a del Mar, Quillota, Curic\u00f3, Ca\u00f1ete, Los \u00c1ngeles, Valdivia, Osorno y Coyhaique.<\/p>\n<p>Su objetivo, tal como fue anunciado durante la celebraci\u00f3n del primer D\u00eda Nacional del Emprendimiento el pasado 29 de abril, es \u00abconcretar el gran sue\u00f1o de tener una ventanilla \u00fanica para todos aquellos chilenos que tengan ganas de emprender o hacer crecer su negocio. La idea es que, por primera vez, ellos puedan encontrar en un solo lugar toda la oferta p\u00fablica y privada de apoyo al emprendimiento, adem\u00e1s de asesor\u00edas, informaci\u00f3n, apoyo y capacitaci\u00f3n\u00bb, indic\u00f3 el Seremi de Econom\u00eda, Mauricio Silva.<\/p>\n<p>\u00abA trav\u00e9s de Chile Emprende, buscamos promover la creaci\u00f3n de m\u00e1s y mejores empresas y as\u00ed avanzar en nuestro objetivo de hacer de Chile un polo regional de emprendimiento e innovaci\u00f3n, potenciando iniciativas emprendedoras con una mirada global e impulsando en el pa\u00eds una cultura de emprendimiento\u00bb, agreg\u00f3 el Vicepresidente Director Regional de Corfo, V\u00edctor Fuentes.<\/p>\n<p>Finalmente, Fuentes indic\u00f3 que \u00abesta es una iniciativa que se pone al servicio de los emprendedores y empresarios que requieren de orientaci\u00f3n para crear o contribuir al crecimiento de sus negocios. Por eso llamo a todos quienes tengan cualquier tipo de inquietud- desde c\u00f3mo empezar un negocio, hasta c\u00f3mo optimizar los recursos y generar m\u00e1s ganancias- a que se acerquen a los centros de Vi\u00f1a del Mar y Quillota, y se encaminen hacia un nuevo futuro para ustedes y sus familias, mediante el emprendimiento\u00bb.<\/p>\n<p>Los Centros Chile Emprende son una iniciativa del Ministerio de Econom\u00eda, ejecutada por Corfo, que ser\u00e1n administrados por agentes operadores de esta entidad, bajo criterios y est\u00e1ndares comunes que permitir\u00e1n asegurar una atenci\u00f3n de calidad personalizada. Adem\u00e1s, se realizar\u00e1n jornadas peri\u00f3dicas de capacitaci\u00f3n sobre materias de emprendimiento y competitividad, seg\u00fan las necesidades de cada localidad.<\/p>\n<p>&nbsp;<\/p>\n","protected":false},"excerpt":{"rendered":"<p>La tarde de este jueves en San Felipe y como parte de las medidas del A\u00f1o de la Innovaci\u00f3n, el Seremi de Econom\u00eda, Mauricio Silva y el Director Regional de Corfo, V\u00edctor&#8230;<\/p>\n","protected":false},"author":482,"featured_media":40720,"comment_status":"open","ping_status":"closed","sticky":false,"template":"","format":"standard","meta":{"advanced_seo_description":"","jetpack_seo_html_title":"","jetpack_seo_noindex":false,"_jetpack_memberships_contains_paid_content":false,"footnotes":""},"categories":[1],"tags":[],"class_list":["post-40719","post","type-post","status-publish","format-standard","has-post-thumbnail","hentry","category-cronica"],"jetpack_featured_media_url":"https:\/\/i0.wp.com\/eltrabajo.cl\/portal\/wp-content\/uploads\/2013\/12\/Corfo1.jpg?fit=529%2C399&ssl=1","jetpack_sharing_enabled":true,"jetpack_likes_enabled":true,"jetpack-related-posts":[],"_links":{"self":[{"href":"https:\/\/eltrabajo.cl\/portal\/wp-json\/wp\/v2\/posts\/40719","targetHints":{"allow":["GET"]}}],"collection":[{"href":"https:\/\/eltrabajo.cl\/portal\/wp-json\/wp\/v2\/posts"}],"about":[{"href":"https:\/\/eltrabajo.cl\/portal\/wp-json\/wp\/v2\/types\/post"}],"author":[{"embeddable":true,"href":"https:\/\/eltrabajo.cl\/portal\/wp-json\/wp\/v2\/users\/482"}],"replies":[{"embeddable":true,"href":"https:\/\/eltrabajo.cl\/portal\/wp-json\/wp\/v2\/comments?post=40719"}],"version-history":[{"count":0,"href":"https:\/\/eltrabajo.cl\/portal\/wp-json\/wp\/v2\/posts\/40719\/revisions"}],"wp:featuredmedia":[{"embeddable":true,"href":"https:\/\/eltrabajo.cl\/portal\/wp-json\/wp\/v2\/media\/40720"}],"wp:attachment":[{"href":"https:\/\/eltrabajo.cl\/portal\/wp-json\/wp\/v2\/media?parent=40719"}],"wp:term":[{"taxonomy":"category","embeddable":true,"href":"https:\/\/eltrabajo.cl\/portal\/wp-json\/wp\/v2\/categories?post=40719"},{"taxonomy":"post_tag","embeddable":true,"href":"https:\/\/eltrabajo.cl\/portal\/wp-json\/wp\/v2\/tags?post=40719"}],"curies":[{"name":"wp","href":"https:\/\/api.w.org\/{rel}","templated":true}]}}