{"id":40729,"date":"2013-12-16T09:36:04","date_gmt":"2013-12-16T12:36:04","guid":{"rendered":"http:\/\/www.eltrabajo.cl\/portal\/?p=40729"},"modified":"2013-12-16T09:36:04","modified_gmt":"2013-12-16T12:36:04","slug":"poca-asistencia-de-votantes-marco-las-elecciones-presidenciales","status":"publish","type":"post","link":"https:\/\/eltrabajo.cl\/portal\/poca-asistencia-de-votantes-marco-las-elecciones-presidenciales\/","title":{"rendered":"Poca asistencia de votantes marc\u00f3 las elecciones presidenciales"},"content":{"rendered":"<figure id=\"attachment_40730\" aria-describedby=\"caption-attachment-40730\" style=\"width: 529px\" class=\"wp-caption alignnone\"><a href=\"https:\/\/i0.wp.com\/www.eltrabajo.cl\/portal\/wp-content\/uploads\/2013\/12\/Votacion1.jpg\"><img data-recalc-dims=\"1\" loading=\"lazy\" decoding=\"async\" class=\"size-full wp-image-40730\" title=\"PERDIERON INTER\u00c9S.- En ambos locales se pod\u00eda apreciar la poca concurrencia de votantes y prueba de ello es que a las 11:00 horas en la mesa 1 del Liceo Manuel Mar\u00edn Fritis s\u00f3lo hab\u00edan votado 52 personas.\" alt=\"PERDIERON INTER\u00c9S.- En ambos locales se pod\u00eda apreciar la poca concurrencia de votantes y prueba de ello es que a las 11:00 horas en la mesa 1 del Liceo Manuel Mar\u00edn Fritis s\u00f3lo hab\u00edan votado 52 personas.\" src=\"https:\/\/i0.wp.com\/www.eltrabajo.cl\/portal\/wp-content\/uploads\/2013\/12\/Votacion1.jpg?resize=529%2C392\" width=\"529\" height=\"392\" srcset=\"https:\/\/i0.wp.com\/eltrabajo.cl\/portal\/wp-content\/uploads\/2013\/12\/Votacion1.jpg?w=529&amp;ssl=1 529w, https:\/\/i0.wp.com\/eltrabajo.cl\/portal\/wp-content\/uploads\/2013\/12\/Votacion1.jpg?resize=200%2C148&amp;ssl=1 200w, https:\/\/i0.wp.com\/eltrabajo.cl\/portal\/wp-content\/uploads\/2013\/12\/Votacion1.jpg?resize=300%2C222&amp;ssl=1 300w, https:\/\/i0.wp.com\/eltrabajo.cl\/portal\/wp-content\/uploads\/2013\/12\/Votacion1.jpg?resize=150%2C111&amp;ssl=1 150w, https:\/\/i0.wp.com\/eltrabajo.cl\/portal\/wp-content\/uploads\/2013\/12\/Votacion1.jpg?resize=400%2C296&amp;ssl=1 400w\" sizes=\"auto, (max-width: 529px) 100vw, 529px\" \/><\/a><figcaption id=\"caption-attachment-40730\" class=\"wp-caption-text\">PERDIERON INTER\u00c9S.- En ambos locales se pod\u00eda apreciar la poca concurrencia de votantes y prueba de ello es que a las 11:00 horas en la mesa 1 del Liceo Manuel Mar\u00edn Fritis s\u00f3lo hab\u00edan votado 52 personas.<\/figcaption><\/figure>\n<p><strong>PUTAENDO<\/strong>.- Comparativamente con la elecci\u00f3n en primera vuelta, las primeras horas de este domingo en esta segunda vuelta presidencial han estado marcadas por la poca asistencia de votantes que han llegado hasta los dos locales de votaci\u00f3n de nuestra comuna. En el Liceo Manuel Mar\u00edn Fritis, las mesas 3 y la 16 fueron las \u00faltimas en constituirse. Todas las mesas operativas estuvieron operativas a las 08:50 horas al igual que las 17 mesas del local del Colegio Marie Poussepin.<\/p>\n<p>En ambos locales se pod\u00eda apreciar la poca concurrencia de votantes y prueba de ello es que a las 11:00 horas en la mesa 1 del Liceo Manuel Mar\u00edn Fritis s\u00f3lo hab\u00edan votado 52 personas y en las primeras cinco mesas no se apreciaban filas que a la misma hora se registraban en el proceso anterior. Otro punto no menor es que varios vecinos de Lo Vicu\u00f1a, El T\u00e1rtaro y Casablanca, han manifestado su descontento por la poca informaci\u00f3n relacionada con los buses de acercamiento, los que hasta el momento no han funcionado, a lo menos en Putaendo.<\/p>\n<p>Erika Reyes Eizaguirre, encargada del local del Liceo Manuel Mar\u00edn Fritis, confirm\u00f3 que ese local de votaci\u00f3n fue seleccionado por Televisi\u00f3n Nacional de Chile para realizar despachos en directo, por lo que se espera que en las pr\u00f3ximas horas un helic\u00f3ptero llegue al Estadio Municipal donde vendr\u00edan los equipos de TVN para realizar este importante trabajo. Pese a la baja cantidad de votantes, hasta el momento y como es habitual, la plaza de la comuna re\u00fane a varios vecinos que aprovechan el buen clima reinante hasta este momento, con una temperatura m\u00e1s que agradable para ir a sufragar.<\/p>\n<p>&nbsp;<\/p>\n","protected":false},"excerpt":{"rendered":"<p>PUTAENDO.- Comparativamente con la elecci\u00f3n en primera vuelta, las primeras horas de este domingo en esta segunda vuelta presidencial han estado marcadas por la poca asistencia de votantes que han llegado hasta&#8230;<\/p>\n","protected":false},"author":482,"featured_media":40730,"comment_status":"open","ping_status":"closed","sticky":false,"template":"","format":"standard","meta":{"advanced_seo_description":"","jetpack_seo_html_title":"","jetpack_seo_noindex":false,"_jetpack_memberships_contains_paid_content":false,"footnotes":""},"categories":[1],"tags":[],"class_list":["post-40729","post","type-post","status-publish","format-standard","has-post-thumbnail","hentry","category-cronica"],"jetpack_featured_media_url":"https:\/\/i0.wp.com\/eltrabajo.cl\/portal\/wp-content\/uploads\/2013\/12\/Votacion1.jpg?fit=529%2C392&ssl=1","jetpack_sharing_enabled":true,"jetpack_likes_enabled":true,"jetpack-related-posts":[],"_links":{"self":[{"href":"https:\/\/eltrabajo.cl\/portal\/wp-json\/wp\/v2\/posts\/40729","targetHints":{"allow":["GET"]}}],"collection":[{"href":"https:\/\/eltrabajo.cl\/portal\/wp-json\/wp\/v2\/posts"}],"about":[{"href":"https:\/\/eltrabajo.cl\/portal\/wp-json\/wp\/v2\/types\/post"}],"author":[{"embeddable":true,"href":"https:\/\/eltrabajo.cl\/portal\/wp-json\/wp\/v2\/users\/482"}],"replies":[{"embeddable":true,"href":"https:\/\/eltrabajo.cl\/portal\/wp-json\/wp\/v2\/comments?post=40729"}],"version-history":[{"count":0,"href":"https:\/\/eltrabajo.cl\/portal\/wp-json\/wp\/v2\/posts\/40729\/revisions"}],"wp:featuredmedia":[{"embeddable":true,"href":"https:\/\/eltrabajo.cl\/portal\/wp-json\/wp\/v2\/media\/40730"}],"wp:attachment":[{"href":"https:\/\/eltrabajo.cl\/portal\/wp-json\/wp\/v2\/media?parent=40729"}],"wp:term":[{"taxonomy":"category","embeddable":true,"href":"https:\/\/eltrabajo.cl\/portal\/wp-json\/wp\/v2\/categories?post=40729"},{"taxonomy":"post_tag","embeddable":true,"href":"https:\/\/eltrabajo.cl\/portal\/wp-json\/wp\/v2\/tags?post=40729"}],"curies":[{"name":"wp","href":"https:\/\/api.w.org\/{rel}","templated":true}]}}