{"id":40736,"date":"2013-12-16T09:42:16","date_gmt":"2013-12-16T12:42:16","guid":{"rendered":"http:\/\/www.eltrabajo.cl\/portal\/?p=40736"},"modified":"2013-12-16T09:42:16","modified_gmt":"2013-12-16T12:42:16","slug":"alta-abstencion-en-segunda-vuelta-pone-en-duda-el-voto-voluntario","status":"publish","type":"post","link":"https:\/\/eltrabajo.cl\/portal\/alta-abstencion-en-segunda-vuelta-pone-en-duda-el-voto-voluntario\/","title":{"rendered":"Alta abstenci\u00f3n en segunda vuelta pone en duda el voto voluntario"},"content":{"rendered":"<figure id=\"attachment_40738\" aria-describedby=\"caption-attachment-40738\" style=\"width: 529px\" class=\"wp-caption alignnone\"><a href=\"https:\/\/i0.wp.com\/www.eltrabajo.cl\/portal\/wp-content\/uploads\/2013\/12\/FOTO-3-elecciones.jpg\"><img data-recalc-dims=\"1\" loading=\"lazy\" decoding=\"async\" class=\"size-full wp-image-40738\" title=\"EXPEDITO.- M\u00e1s expedito fue el trabajo de los vocales de mesa, dado que en esta ocasi\u00f3n s\u00f3lo deb\u00edan contar votos de una sola elecci\u00f3n.\" alt=\"EXPEDITO.- M\u00e1s expedito fue el trabajo de los vocales de mesa, dado que en esta ocasi\u00f3n s\u00f3lo deb\u00edan contar votos de una sola elecci\u00f3n.\" src=\"https:\/\/i0.wp.com\/www.eltrabajo.cl\/portal\/wp-content\/uploads\/2013\/12\/FOTO-3-elecciones.jpg?resize=529%2C397\" width=\"529\" height=\"397\" srcset=\"https:\/\/i0.wp.com\/eltrabajo.cl\/portal\/wp-content\/uploads\/2013\/12\/FOTO-3-elecciones.jpg?w=529&amp;ssl=1 529w, https:\/\/i0.wp.com\/eltrabajo.cl\/portal\/wp-content\/uploads\/2013\/12\/FOTO-3-elecciones.jpg?resize=200%2C150&amp;ssl=1 200w, https:\/\/i0.wp.com\/eltrabajo.cl\/portal\/wp-content\/uploads\/2013\/12\/FOTO-3-elecciones.jpg?resize=300%2C225&amp;ssl=1 300w, https:\/\/i0.wp.com\/eltrabajo.cl\/portal\/wp-content\/uploads\/2013\/12\/FOTO-3-elecciones.jpg?resize=150%2C112&amp;ssl=1 150w, https:\/\/i0.wp.com\/eltrabajo.cl\/portal\/wp-content\/uploads\/2013\/12\/FOTO-3-elecciones.jpg?resize=400%2C300&amp;ssl=1 400w\" sizes=\"auto, (max-width: 529px) 100vw, 529px\" \/><\/a><figcaption id=\"caption-attachment-40738\" class=\"wp-caption-text\">EXPEDITO.- M\u00e1s expedito fue el trabajo de los vocales de mesa, dado que en esta ocasi\u00f3n s\u00f3lo deb\u00edan contar votos de una sola elecci\u00f3n.<\/figcaption><\/figure>\n<p>La alta abstenci\u00f3n en la jornada electoral de segunda vuelta presidencial realizada ayer en nuestro pa\u00eds, puso en duda \u2013al menos en Aconcagua- el voto voluntario implementado desde la elecci\u00f3n municipal de 2012. As\u00ed al menos lo dejaron de manifiesto varios personeros pol\u00edticos, tanto de derecha como de la Nueva Mayor\u00eda, partiendo en este \u00faltimo caso por el expresidente Ricardo Lagos, quien reconoci\u00f3 a los medios de comunicaci\u00f3n, que no fue una buena medida la implementaci\u00f3n del voto voluntario.<\/p>\n<figure id=\"attachment_40737\" aria-describedby=\"caption-attachment-40737\" style=\"width: 370px\" class=\"wp-caption alignright\"><a href=\"https:\/\/i0.wp.com\/www.eltrabajo.cl\/portal\/wp-content\/uploads\/2013\/12\/FOTO-2-elecciones.jpg\"><img data-recalc-dims=\"1\" loading=\"lazy\" decoding=\"async\" class=\" wp-image-40737 \" title=\"Recuento.- Pasadas las 18:05 horas, ya se hab\u00eda iniciado el recuento de votos en el Liceo Roberto Humeres.\" alt=\"Recuento.- Pasadas las 18:05 horas, ya se hab\u00eda iniciado el recuento de votos en el Liceo Roberto Humeres.\" src=\"https:\/\/i0.wp.com\/www.eltrabajo.cl\/portal\/wp-content\/uploads\/2013\/12\/FOTO-2-elecciones.jpg?resize=370%2C494\" width=\"370\" height=\"494\" srcset=\"https:\/\/i0.wp.com\/eltrabajo.cl\/portal\/wp-content\/uploads\/2013\/12\/FOTO-2-elecciones.jpg?w=529&amp;ssl=1 529w, https:\/\/i0.wp.com\/eltrabajo.cl\/portal\/wp-content\/uploads\/2013\/12\/FOTO-2-elecciones.jpg?resize=112%2C150&amp;ssl=1 112w, https:\/\/i0.wp.com\/eltrabajo.cl\/portal\/wp-content\/uploads\/2013\/12\/FOTO-2-elecciones.jpg?resize=224%2C300&amp;ssl=1 224w, https:\/\/i0.wp.com\/eltrabajo.cl\/portal\/wp-content\/uploads\/2013\/12\/FOTO-2-elecciones.jpg?resize=400%2C533&amp;ssl=1 400w\" sizes=\"auto, (max-width: 370px) 100vw, 370px\" \/><\/a><figcaption id=\"caption-attachment-40737\" class=\"wp-caption-text\">Recuento.- Pasadas las 18:05 horas, ya se hab\u00eda iniciado el recuento de votos en el Liceo Roberto Humeres.<\/figcaption><\/figure>\n<p>En este sentido, el Consejero Regional Iv\u00e1n Reyes, manifest\u00f3 que \u00e9l desde siempre ha estado a favor de la obligatoriedad del voto, por cuanto debiese ser un deber de los mayores de 18 a\u00f1os, participar de este proceso democr\u00e1tico.<\/p>\n<p>\u00abHoy con el voto voluntario, hemos tenido muy poca gente votando. Eso le hace mal a la democracia, porque este debiera ser uno de los deberes c\u00edvicos m\u00e1s importantes, sobre todo si se trata de elegir a nuestras autoridades\u00bb, se\u00f1al\u00f3 Reyes.<\/p>\n<p>&nbsp;<\/p>\n<p><strong>JORNADA ELECTORAL<\/strong><\/p>\n<p>Una vez m\u00e1s, la demora en la constituci\u00f3n de mesas, marc\u00f3 el inicio de la jornada electoral en el Valle de Aconcagua, donde debi\u00f3 apelarse a votantes en algunos casos, para lograr el inicio del funcionamiento de la totalidad de las mesas, pese a que hubo excepciones: se registraron mesas donde los vocales llegaron temprano a iniciar su labor para la recepci\u00f3n de votos.<\/p>\n<p>El alto porcentaje de abstenci\u00f3n qued\u00f3 de manifiesto, ya que durante la jornada fue bastante bajo el n\u00famero de personas que acudi\u00f3 a sufragar, lo que se reflej\u00f3 por ejemplo, en el hecho que pr\u00e1cticamente fueron m\u00ednimos los espacios de tiempo en que hubo filas largas de gente esperando para votar.<\/p>\n<p>En este plano, destaca el trabajo realizado por la Municipalidad de San Felipe que adem\u00e1s del trabajo de log\u00edstica, dispuso la entrega de mil colaciones, para los vocales de mesa, funcionarios de Ej\u00e9rcito y de Cruz Roja; asimismo, destaca la labor del personal militar, que estuvo resguardando el orden y la seguridad en los locales de votaci\u00f3n.<\/p>\n<figure id=\"attachment_40739\" aria-describedby=\"caption-attachment-40739\" style=\"width: 370px\" class=\"wp-caption alignleft\"><a href=\"https:\/\/i0.wp.com\/www.eltrabajo.cl\/portal\/wp-content\/uploads\/2013\/12\/FOTO-1-elecciones.jpg\"><img data-recalc-dims=\"1\" loading=\"lazy\" decoding=\"async\" class=\" wp-image-40739 \" title=\"LENTO.- Bastante lento fue el movimiento de p\u00fablico en los locales de votaci\u00f3n, lo que en todo caso permiti\u00f3 que la gente pudiese sufragar r\u00e1pidamente.\" alt=\"LENTO.- Bastante lento fue el movimiento de p\u00fablico en los locales de votaci\u00f3n, lo que en todo caso permiti\u00f3 que la gente pudiese sufragar r\u00e1pidamente.\" src=\"https:\/\/i0.wp.com\/www.eltrabajo.cl\/portal\/wp-content\/uploads\/2013\/12\/FOTO-1-elecciones.jpg?resize=370%2C278\" width=\"370\" height=\"278\" srcset=\"https:\/\/i0.wp.com\/eltrabajo.cl\/portal\/wp-content\/uploads\/2013\/12\/FOTO-1-elecciones.jpg?w=529&amp;ssl=1 529w, https:\/\/i0.wp.com\/eltrabajo.cl\/portal\/wp-content\/uploads\/2013\/12\/FOTO-1-elecciones.jpg?resize=200%2C150&amp;ssl=1 200w, https:\/\/i0.wp.com\/eltrabajo.cl\/portal\/wp-content\/uploads\/2013\/12\/FOTO-1-elecciones.jpg?resize=300%2C225&amp;ssl=1 300w, https:\/\/i0.wp.com\/eltrabajo.cl\/portal\/wp-content\/uploads\/2013\/12\/FOTO-1-elecciones.jpg?resize=150%2C112&amp;ssl=1 150w, https:\/\/i0.wp.com\/eltrabajo.cl\/portal\/wp-content\/uploads\/2013\/12\/FOTO-1-elecciones.jpg?resize=400%2C300&amp;ssl=1 400w\" sizes=\"auto, (max-width: 370px) 100vw, 370px\" \/><\/a><figcaption id=\"caption-attachment-40739\" class=\"wp-caption-text\">LENTO.- Bastante lento fue el movimiento de p\u00fablico en los locales de votaci\u00f3n, lo que en todo caso permiti\u00f3 que la gente pudiese sufragar r\u00e1pidamente.<\/figcaption><\/figure>\n<p>La Cruz Roja realiz\u00f3 un intenso trabajo tambi\u00e9n, que deriv\u00f3 en numerosas atenciones a votantes que presentaban alg\u00fan problema de salud, mientras que Carabineros realiz\u00f3 una labor de resguardo de orden y seguridad en el exterior de los locales de votaci\u00f3n. Pasadas las 18:00 horas se inici\u00f3 el recuento de los votos, el que ya a eso de las 18:45 estaba concluyendo, lo que permiti\u00f3 que la jornada electoral fuese bastante m\u00e1s corta respecto de la primera vuelta.<\/p>\n<p>&nbsp;<\/p>\n","protected":false},"excerpt":{"rendered":"<p>La alta abstenci\u00f3n en la jornada electoral de segunda vuelta presidencial realizada ayer en nuestro pa\u00eds, puso en duda \u2013al menos en Aconcagua- el voto voluntario implementado desde la elecci\u00f3n municipal de&#8230;<\/p>\n","protected":false},"author":482,"featured_media":40738,"comment_status":"open","ping_status":"closed","sticky":false,"template":"","format":"standard","meta":{"advanced_seo_description":"","jetpack_seo_html_title":"","jetpack_seo_noindex":false,"_jetpack_memberships_contains_paid_content":false,"footnotes":""},"categories":[1],"tags":[],"class_list":["post-40736","post","type-post","status-publish","format-standard","has-post-thumbnail","hentry","category-cronica"],"jetpack_featured_media_url":"https:\/\/i0.wp.com\/eltrabajo.cl\/portal\/wp-content\/uploads\/2013\/12\/FOTO-3-elecciones.jpg?fit=529%2C397&ssl=1","jetpack_sharing_enabled":true,"jetpack_likes_enabled":true,"jetpack-related-posts":[],"_links":{"self":[{"href":"https:\/\/eltrabajo.cl\/portal\/wp-json\/wp\/v2\/posts\/40736","targetHints":{"allow":["GET"]}}],"collection":[{"href":"https:\/\/eltrabajo.cl\/portal\/wp-json\/wp\/v2\/posts"}],"about":[{"href":"https:\/\/eltrabajo.cl\/portal\/wp-json\/wp\/v2\/types\/post"}],"author":[{"embeddable":true,"href":"https:\/\/eltrabajo.cl\/portal\/wp-json\/wp\/v2\/users\/482"}],"replies":[{"embeddable":true,"href":"https:\/\/eltrabajo.cl\/portal\/wp-json\/wp\/v2\/comments?post=40736"}],"version-history":[{"count":0,"href":"https:\/\/eltrabajo.cl\/portal\/wp-json\/wp\/v2\/posts\/40736\/revisions"}],"wp:featuredmedia":[{"embeddable":true,"href":"https:\/\/eltrabajo.cl\/portal\/wp-json\/wp\/v2\/media\/40738"}],"wp:attachment":[{"href":"https:\/\/eltrabajo.cl\/portal\/wp-json\/wp\/v2\/media?parent=40736"}],"wp:term":[{"taxonomy":"category","embeddable":true,"href":"https:\/\/eltrabajo.cl\/portal\/wp-json\/wp\/v2\/categories?post=40736"},{"taxonomy":"post_tag","embeddable":true,"href":"https:\/\/eltrabajo.cl\/portal\/wp-json\/wp\/v2\/tags?post=40736"}],"curies":[{"name":"wp","href":"https:\/\/api.w.org\/{rel}","templated":true}]}}