{"id":40742,"date":"2013-12-16T09:44:24","date_gmt":"2013-12-16T12:44:24","guid":{"rendered":"http:\/\/www.eltrabajo.cl\/portal\/?p=40742"},"modified":"2013-12-16T09:44:24","modified_gmt":"2013-12-16T12:44:24","slug":"casi-un-70-de-los-votos-obtuvo-michelle-bachelet-en-aconcagua","status":"publish","type":"post","link":"https:\/\/eltrabajo.cl\/portal\/casi-un-70-de-los-votos-obtuvo-michelle-bachelet-en-aconcagua\/","title":{"rendered":"Casi un 70% de los votos obtuvo Michelle Bachelet en Aconcagua"},"content":{"rendered":"<figure id=\"attachment_40743\" aria-describedby=\"caption-attachment-40743\" style=\"width: 529px\" class=\"wp-caption alignnone\"><a href=\"https:\/\/i0.wp.com\/www.eltrabajo.cl\/portal\/wp-content\/uploads\/2013\/12\/Celebracion1.jpg\"><img data-recalc-dims=\"1\" loading=\"lazy\" decoding=\"async\" class=\"size-full wp-image-40743\" title=\"A CELEBRAR.- A s\u00f3lo minutos de conocerse los primeros resultados de las elecciones, decenas de sanfelipe\u00f1os acudieron a la Plaza C\u00edvica de San Felipe para celebrar el triunfo de Bachelet.\" alt=\"A CELEBRAR.- A s\u00f3lo minutos de conocerse los primeros resultados de las elecciones, decenas de sanfelipe\u00f1os acudieron a la Plaza C\u00edvica de San Felipe para celebrar el triunfo de Bachelet.\" src=\"https:\/\/i0.wp.com\/www.eltrabajo.cl\/portal\/wp-content\/uploads\/2013\/12\/Celebracion1.jpg?resize=529%2C397\" width=\"529\" height=\"397\" srcset=\"https:\/\/i0.wp.com\/eltrabajo.cl\/portal\/wp-content\/uploads\/2013\/12\/Celebracion1.jpg?w=529&amp;ssl=1 529w, https:\/\/i0.wp.com\/eltrabajo.cl\/portal\/wp-content\/uploads\/2013\/12\/Celebracion1.jpg?resize=200%2C150&amp;ssl=1 200w, https:\/\/i0.wp.com\/eltrabajo.cl\/portal\/wp-content\/uploads\/2013\/12\/Celebracion1.jpg?resize=300%2C225&amp;ssl=1 300w, https:\/\/i0.wp.com\/eltrabajo.cl\/portal\/wp-content\/uploads\/2013\/12\/Celebracion1.jpg?resize=150%2C112&amp;ssl=1 150w, https:\/\/i0.wp.com\/eltrabajo.cl\/portal\/wp-content\/uploads\/2013\/12\/Celebracion1.jpg?resize=400%2C300&amp;ssl=1 400w\" sizes=\"auto, (max-width: 529px) 100vw, 529px\" \/><\/a><figcaption id=\"caption-attachment-40743\" class=\"wp-caption-text\">A CELEBRAR.- A s\u00f3lo minutos de conocerse los primeros resultados de las elecciones, decenas de sanfelipe\u00f1os acudieron a la Plaza C\u00edvica de San Felipe para celebrar el triunfo de Bachelet.<\/figcaption><\/figure>\n<p>Un arrollador triunfo consigui\u00f3 la candidata presidencial de la Nueva Mayor\u00eda, Michelle Bachelet, en el Valle de Aconcagua, superando el promedio nacional conseguido a nivel pa\u00eds, con casi el 70% de los sufragios. Seg\u00fan indica Servel, con el 99,8% de los votos escrutados, Michelle Bachelet obtuvo el 69,4%, en tanto Evelyn Matthei se qued\u00f3 con el 30,59%, con una participaci\u00f3n cercana al 47,2% del padr\u00f3n electoral en el Valle de Aconcagua.<\/p>\n<figure id=\"attachment_40744\" aria-describedby=\"caption-attachment-40744\" style=\"width: 423px\" class=\"wp-caption alignright\"><a href=\"https:\/\/i0.wp.com\/www.eltrabajo.cl\/portal\/wp-content\/uploads\/2013\/12\/Celebracion2.jpg\"><img data-recalc-dims=\"1\" loading=\"lazy\" decoding=\"async\" class=\" wp-image-40744 \" title=\"Se esperaba que en la oportunidad el diputado Marco Antonio N\u00fa\u00f1ez fuese el principal orador, sin embargo esto no ocurri\u00f3 por cuanto el parlamentario reelecto viaj\u00f3 a Santiago para acompa\u00f1ar a la presidente electa, en la celebraci\u00f3n de su triunfo.\" alt=\"Se esperaba que en la oportunidad el diputado Marco Antonio N\u00fa\u00f1ez fuese el principal orador, sin embargo esto no ocurri\u00f3 por cuanto el parlamentario reelecto viaj\u00f3 a Santiago para acompa\u00f1ar a la presidente electa, en la celebraci\u00f3n de su triunfo.\" src=\"https:\/\/i0.wp.com\/www.eltrabajo.cl\/portal\/wp-content\/uploads\/2013\/12\/Celebracion2.jpg?resize=423%2C318\" width=\"423\" height=\"318\" srcset=\"https:\/\/i0.wp.com\/eltrabajo.cl\/portal\/wp-content\/uploads\/2013\/12\/Celebracion2.jpg?w=529&amp;ssl=1 529w, https:\/\/i0.wp.com\/eltrabajo.cl\/portal\/wp-content\/uploads\/2013\/12\/Celebracion2.jpg?resize=200%2C150&amp;ssl=1 200w, https:\/\/i0.wp.com\/eltrabajo.cl\/portal\/wp-content\/uploads\/2013\/12\/Celebracion2.jpg?resize=300%2C225&amp;ssl=1 300w, https:\/\/i0.wp.com\/eltrabajo.cl\/portal\/wp-content\/uploads\/2013\/12\/Celebracion2.jpg?resize=150%2C112&amp;ssl=1 150w, https:\/\/i0.wp.com\/eltrabajo.cl\/portal\/wp-content\/uploads\/2013\/12\/Celebracion2.jpg?resize=400%2C300&amp;ssl=1 400w\" sizes=\"auto, (max-width: 423px) 100vw, 423px\" \/><\/a><figcaption id=\"caption-attachment-40744\" class=\"wp-caption-text\">Se esperaba que en la oportunidad el diputado Marco Antonio N\u00fa\u00f1ez fuese el principal orador, sin embargo esto no ocurri\u00f3 por cuanto el parlamentario reelecto viaj\u00f3 a Santiago para acompa\u00f1ar a la presidente electa, en la celebraci\u00f3n de su triunfo.<\/figcaption><\/figure>\n<p>El detalle por comuna indica que en Calle Larga, Bachelet se qued\u00f3 con 77,73% y Matthei 22,26%; Panquehue: Bachelet 70,36% y Matthei 29,63%; Putaendo: Bachelet 77,24% y Matthei 22,75%; Rinconada: Bachelet 71,79% y Matthei 28,2%; San Esteban: Bachelet 72,95% y Matthei 27,4%; Santa Mar\u00eda: Bachelet 73,21% y Matthei 26,79%; San Felipe: Bachelet 64,49% y Matthei 35,5%; Los Andes: Bachelet 65,01% y Matthei 34,98%; Llay Llay: Bachelet 73,18% y Matthei 24,81%; y Catemu: Bachelet 75,53% y Matthei 24,46%.<\/p>\n<p>En San Felipe, pasadas las 19:00 horas comenz\u00f3 a reunirse la gente en el sector de la Plaza C\u00edvica, donde la m\u00fasica a alto volumen desde el escenario instalado en Calle Salinas, daba cuenta de la realizaci\u00f3n de una celebraci\u00f3n masiva, la que se concret\u00f3 a eso de las 20:00 horas, con el inicio de los discursos de los distintos personeros pol\u00edticos locales.<\/p>\n<p>&nbsp;<\/p>\n","protected":false},"excerpt":{"rendered":"<p>Un arrollador triunfo consigui\u00f3 la candidata presidencial de la Nueva Mayor\u00eda, Michelle Bachelet, en el Valle de Aconcagua, superando el promedio nacional conseguido a nivel pa\u00eds, con casi el 70% de los&#8230;<\/p>\n","protected":false},"author":482,"featured_media":40743,"comment_status":"open","ping_status":"closed","sticky":false,"template":"","format":"standard","meta":{"advanced_seo_description":"","jetpack_seo_html_title":"","jetpack_seo_noindex":false,"_jetpack_memberships_contains_paid_content":false,"footnotes":""},"categories":[1],"tags":[],"class_list":["post-40742","post","type-post","status-publish","format-standard","has-post-thumbnail","hentry","category-cronica"],"jetpack_featured_media_url":"https:\/\/i0.wp.com\/eltrabajo.cl\/portal\/wp-content\/uploads\/2013\/12\/Celebracion1.jpg?fit=529%2C397&ssl=1","jetpack_sharing_enabled":true,"jetpack_likes_enabled":true,"jetpack-related-posts":[],"_links":{"self":[{"href":"https:\/\/eltrabajo.cl\/portal\/wp-json\/wp\/v2\/posts\/40742","targetHints":{"allow":["GET"]}}],"collection":[{"href":"https:\/\/eltrabajo.cl\/portal\/wp-json\/wp\/v2\/posts"}],"about":[{"href":"https:\/\/eltrabajo.cl\/portal\/wp-json\/wp\/v2\/types\/post"}],"author":[{"embeddable":true,"href":"https:\/\/eltrabajo.cl\/portal\/wp-json\/wp\/v2\/users\/482"}],"replies":[{"embeddable":true,"href":"https:\/\/eltrabajo.cl\/portal\/wp-json\/wp\/v2\/comments?post=40742"}],"version-history":[{"count":0,"href":"https:\/\/eltrabajo.cl\/portal\/wp-json\/wp\/v2\/posts\/40742\/revisions"}],"wp:featuredmedia":[{"embeddable":true,"href":"https:\/\/eltrabajo.cl\/portal\/wp-json\/wp\/v2\/media\/40743"}],"wp:attachment":[{"href":"https:\/\/eltrabajo.cl\/portal\/wp-json\/wp\/v2\/media?parent=40742"}],"wp:term":[{"taxonomy":"category","embeddable":true,"href":"https:\/\/eltrabajo.cl\/portal\/wp-json\/wp\/v2\/categories?post=40742"},{"taxonomy":"post_tag","embeddable":true,"href":"https:\/\/eltrabajo.cl\/portal\/wp-json\/wp\/v2\/tags?post=40742"}],"curies":[{"name":"wp","href":"https:\/\/api.w.org\/{rel}","templated":true}]}}