{"id":40752,"date":"2013-12-17T09:25:21","date_gmt":"2013-12-17T12:25:21","guid":{"rendered":"http:\/\/www.eltrabajo.cl\/portal\/?p=40752"},"modified":"2013-12-17T09:25:21","modified_gmt":"2013-12-17T12:25:21","slug":"eliete-lazcano-y-rodrigo-gonzalez-nuevos-campeones-regionales-de-cueca","status":"publish","type":"post","link":"https:\/\/eltrabajo.cl\/portal\/eliete-lazcano-y-rodrigo-gonzalez-nuevos-campeones-regionales-de-cueca\/","title":{"rendered":"Eliete Lazcano y Rodrigo Gonz\u00e1lez nuevos campeones regionales de cueca"},"content":{"rendered":"<figure id=\"attachment_40753\" aria-describedby=\"caption-attachment-40753\" style=\"width: 423px\" class=\"wp-caption alignleft\"><a href=\"https:\/\/i0.wp.com\/www.eltrabajo.cl\/portal\/wp-content\/uploads\/2013\/12\/Eliete-Lazcano-y-Rodrigo-Gonzalez-.jpg\"><img data-recalc-dims=\"1\" loading=\"lazy\" decoding=\"async\" class=\" wp-image-40753 \" title=\"Campeones regionales de cueca, Eliette Lazcano y Rodrigo Gonz\u00e1lez.\" alt=\"Campeones regionales de cueca, Eliette Lazcano y Rodrigo Gonz\u00e1lez.\" src=\"https:\/\/i0.wp.com\/www.eltrabajo.cl\/portal\/wp-content\/uploads\/2013\/12\/Eliete-Lazcano-y-Rodrigo-Gonzalez-.jpg?resize=423%2C478\" width=\"423\" height=\"478\" srcset=\"https:\/\/i0.wp.com\/eltrabajo.cl\/portal\/wp-content\/uploads\/2013\/12\/Eliete-Lazcano-y-Rodrigo-Gonzalez-.jpg?w=529&amp;ssl=1 529w, https:\/\/i0.wp.com\/eltrabajo.cl\/portal\/wp-content\/uploads\/2013\/12\/Eliete-Lazcano-y-Rodrigo-Gonzalez-.jpg?resize=132%2C150&amp;ssl=1 132w, https:\/\/i0.wp.com\/eltrabajo.cl\/portal\/wp-content\/uploads\/2013\/12\/Eliete-Lazcano-y-Rodrigo-Gonzalez-.jpg?resize=265%2C300&amp;ssl=1 265w, https:\/\/i0.wp.com\/eltrabajo.cl\/portal\/wp-content\/uploads\/2013\/12\/Eliete-Lazcano-y-Rodrigo-Gonzalez-.jpg?resize=400%2C452&amp;ssl=1 400w\" sizes=\"auto, (max-width: 423px) 100vw, 423px\" \/><\/a><figcaption id=\"caption-attachment-40753\" class=\"wp-caption-text\">Campeones regionales de cueca, Eliette Lazcano y Rodrigo Gonz\u00e1lez.<\/figcaption><\/figure>\n<p><strong>PUTAENDO.-<\/strong> Los j\u00f3venes Eliette Lazcano y Rodrigo Gonz\u00e1lez se convirtieron en los flamantes campeones regionales de cueca luego de ganar el Campeonato Regional de Cueca J\u00f3venes de Antuco que se realiz\u00f3 el pasado s\u00e1bado 14 en el sector Re\u00f1aca Alto de la ciudad de Vi\u00f1a del Mar.<\/p>\n<p>Estos talentosos j\u00f3venes tuvieron una destacada participaci\u00f3n y compitieron en la categor\u00eda de 18 a 23 a\u00f1os con parejas de distintas zonas de la regi\u00f3n que tambi\u00e9n sobresal\u00edan por su baile, lo que hace m\u00e1s meritorio el triunfo de estos muchachos, quienes en los \u00faltimos a\u00f1os han destacado en la regi\u00f3n y en el pa\u00eds.<\/p>\n<p>Los flamantes campeones regionales representar\u00e1n a Putaendo en el campeonato nacional que se realizar\u00e1 desde el 22 al 27 de enero de 2014 en la ciudad de Graneros, por lo que ya comenzaron un intenso periodo de preparaci\u00f3n para la competencia nacional.<\/p>\n<p>&nbsp;<\/p>\n<p><strong>DESPEDIR\u00c1N A\u00d1O\u00a0CON CAMPEONATO<\/strong><\/p>\n<p>Eliette Lazcano es delegada regional de la Quinta Regi\u00f3n del Campeonato Juvenil del Tamarugal y Rodrigo Gonz\u00e1lez Arenas es secretario nacional, y son los encargados de organizar el \u00faltimo campeonato de cueca que se realizar\u00e1 en Putaendo y que llevar\u00e1 el nombre de Campeonato Juvenil del Tamarugal, el que se desarrollar\u00e1 el pr\u00f3ximo 21 de diciembre en el Liceo Manuel Mar\u00edn Fritis, por lo que los nuevos campeones regionales hicieron la invitaci\u00f3n a la comunidad para que participe de este importante evento.<\/p>\n<p>Valeska Arenas y Rodrigo Gonz\u00e1lez, padres de Rodrigo Gonz\u00e1les Arenas, quienes gentilmente nos enviaron las fotograf\u00edas, solicitaron encarecidamente agradecer a todos quienes de una u otra forma han apoyado a Eliette y Rodrigo, e indic\u00f3 que como padres sienten un tremendo orgullo de ver como sus hijos cada d\u00eda bailan y quieren la cueca de una manera espectacular, agregando que tambi\u00e9n quieren agradecer el constante e importante apoyo del alcalde Guillermo Reyes, del Concejo Municipal y de todos los funcionarios del municipio que siempre les han apoyado en todas las presentaciones.<\/p>\n<p>Patricio Gallardo M.<\/p>\n<p>&nbsp;<\/p>\n","protected":false},"excerpt":{"rendered":"<p>PUTAENDO.- Los j\u00f3venes Eliette Lazcano y Rodrigo Gonz\u00e1lez se convirtieron en los flamantes campeones regionales de cueca luego de ganar el Campeonato Regional de Cueca J\u00f3venes de Antuco que se realiz\u00f3 el&#8230;<\/p>\n","protected":false},"author":482,"featured_media":40753,"comment_status":"open","ping_status":"closed","sticky":false,"template":"","format":"standard","meta":{"advanced_seo_description":"","jetpack_seo_html_title":"","jetpack_seo_noindex":false,"_jetpack_memberships_contains_paid_content":false,"footnotes":""},"categories":[1],"tags":[],"class_list":["post-40752","post","type-post","status-publish","format-standard","has-post-thumbnail","hentry","category-cronica"],"jetpack_featured_media_url":"https:\/\/i0.wp.com\/eltrabajo.cl\/portal\/wp-content\/uploads\/2013\/12\/Eliete-Lazcano-y-Rodrigo-Gonzalez-.jpg?fit=529%2C598&ssl=1","jetpack_sharing_enabled":true,"jetpack_likes_enabled":true,"jetpack-related-posts":[],"_links":{"self":[{"href":"https:\/\/eltrabajo.cl\/portal\/wp-json\/wp\/v2\/posts\/40752","targetHints":{"allow":["GET"]}}],"collection":[{"href":"https:\/\/eltrabajo.cl\/portal\/wp-json\/wp\/v2\/posts"}],"about":[{"href":"https:\/\/eltrabajo.cl\/portal\/wp-json\/wp\/v2\/types\/post"}],"author":[{"embeddable":true,"href":"https:\/\/eltrabajo.cl\/portal\/wp-json\/wp\/v2\/users\/482"}],"replies":[{"embeddable":true,"href":"https:\/\/eltrabajo.cl\/portal\/wp-json\/wp\/v2\/comments?post=40752"}],"version-history":[{"count":0,"href":"https:\/\/eltrabajo.cl\/portal\/wp-json\/wp\/v2\/posts\/40752\/revisions"}],"wp:featuredmedia":[{"embeddable":true,"href":"https:\/\/eltrabajo.cl\/portal\/wp-json\/wp\/v2\/media\/40753"}],"wp:attachment":[{"href":"https:\/\/eltrabajo.cl\/portal\/wp-json\/wp\/v2\/media?parent=40752"}],"wp:term":[{"taxonomy":"category","embeddable":true,"href":"https:\/\/eltrabajo.cl\/portal\/wp-json\/wp\/v2\/categories?post=40752"},{"taxonomy":"post_tag","embeddable":true,"href":"https:\/\/eltrabajo.cl\/portal\/wp-json\/wp\/v2\/tags?post=40752"}],"curies":[{"name":"wp","href":"https:\/\/api.w.org\/{rel}","templated":true}]}}