{"id":40756,"date":"2013-12-17T09:26:49","date_gmt":"2013-12-17T12:26:49","guid":{"rendered":"http:\/\/www.eltrabajo.cl\/portal\/?p=40756"},"modified":"2013-12-17T09:26:49","modified_gmt":"2013-12-17T12:26:49","slug":"los-del-tablon-realizaron-la-navidad-azul-para-ninos-de-san-felipe","status":"publish","type":"post","link":"https:\/\/eltrabajo.cl\/portal\/los-del-tablon-realizaron-la-navidad-azul-para-ninos-de-san-felipe\/","title":{"rendered":"\u2018Los del Tabl\u00f3n\u2019 realizaron \u2018La Navidad Azul\u2019 para ni\u00f1os de San Felipe"},"content":{"rendered":"<figure id=\"attachment_40757\" aria-describedby=\"caption-attachment-40757\" style=\"width: 528px\" class=\"wp-caption alignnone\"><a href=\"https:\/\/i0.wp.com\/www.eltrabajo.cl\/portal\/wp-content\/uploads\/2013\/12\/Navidad-Azul.jpg\"><img data-recalc-dims=\"1\" loading=\"lazy\" decoding=\"async\" class=\"size-full wp-image-40757 \" title=\"Una entretenida tarde con peque\u00f1os de distintos puntos de San Felipe, fue la que ofrecieron \u2018Los del Tabl\u00f3n\u2019 en el marco de \u2018La Navidad Azul\u2019.\" alt=\"Una entretenida tarde con peque\u00f1os de distintos puntos de San Felipe, fue la que ofrecieron \u2018Los del Tabl\u00f3n\u2019 en el marco de \u2018La Navidad Azul\u2019.\" src=\"https:\/\/i0.wp.com\/www.eltrabajo.cl\/portal\/wp-content\/uploads\/2013\/12\/Navidad-Azul.jpg?resize=528%2C397\" width=\"528\" height=\"397\" srcset=\"https:\/\/i0.wp.com\/eltrabajo.cl\/portal\/wp-content\/uploads\/2013\/12\/Navidad-Azul.jpg?w=528&amp;ssl=1 528w, https:\/\/i0.wp.com\/eltrabajo.cl\/portal\/wp-content\/uploads\/2013\/12\/Navidad-Azul.jpg?resize=200%2C150&amp;ssl=1 200w, https:\/\/i0.wp.com\/eltrabajo.cl\/portal\/wp-content\/uploads\/2013\/12\/Navidad-Azul.jpg?resize=300%2C225&amp;ssl=1 300w, https:\/\/i0.wp.com\/eltrabajo.cl\/portal\/wp-content\/uploads\/2013\/12\/Navidad-Azul.jpg?resize=150%2C112&amp;ssl=1 150w, https:\/\/i0.wp.com\/eltrabajo.cl\/portal\/wp-content\/uploads\/2013\/12\/Navidad-Azul.jpg?resize=400%2C300&amp;ssl=1 400w\" sizes=\"auto, (max-width: 528px) 100vw, 528px\" \/><\/a><figcaption id=\"caption-attachment-40757\" class=\"wp-caption-text\">Una entretenida tarde con peque\u00f1os de distintos puntos de San Felipe, fue la que ofrecieron \u2018Los del Tabl\u00f3n\u2019 en el marco de \u2018La Navidad Azul\u2019.<\/figcaption><\/figure>\n<p>M\u00e1s de cien ni\u00f1os provenientes de los diversos puntos de la comuna de San Felipe fueron agasajados con \u2018La Navidad Azul\u2019 organizada por la agrupaci\u00f3n seguidora de Universidad de Chile, conocida como Los del Tabl\u00f3n, actividad desarrollada en la sede de la Poblaci\u00f3n San Felipe.<\/p>\n<p>David Cisternas, presidente de la agrupaci\u00f3n, se\u00f1al\u00f3 que \u201csiempre estamos desarrollando actividades de este car\u00e1cter, como tambi\u00e9n del \u00e1mbito solidario con la finalidad de integrar a la gente m\u00e1s all\u00e1 de ser seguidores de Universidad de Chile\u201d.<\/p>\n<p>El dirigente social manifest\u00f3 que todos los integrantes son hinchas de Universidad de Chile, entre los cuales se encuentran profesionales, trabajadores y estudiantes en general y que realizan estas acciones en los diferentes puntos de nuestro pa\u00eds. \u201cNosotros realizamos este tipo de actividades mediante la autogesti\u00f3n, no recibimos ning\u00fan tipo de aportes o ayudas de ninguna repartici\u00f3n, solamente lo obtenemos a trav\u00e9s de nuestro medios, a trav\u00e9s de nuestro propio esfuerzo\u201d, indic\u00f3 el dirigente David Cisternas.<\/p>\n<p>Asimismo, Cisternas manifest\u00f3 que para el a\u00f1o 2014 calendarizar\u00e1n una agenda m\u00e1s extensa para poder participar en los distintos compromisos agendados por Universidad de Chile. \u201cNosotros viajamos para ver a nuestro equipo en los distintos partidos, tanto del orden local como asimismo de car\u00e1cter internacional, y ojal\u00e1 que estemos pronto en los primeros lugares para ver a nuestro equipo liderando los diferentes torneos\u201d, manifest\u00f3.<\/p>\n<p>Precis\u00f3 que para cumplir este objetivo \u201crealizaremos rifas, sorteos, campeonatos deportivos en nuestra comuna, tambi\u00e9n con la finalidad de reunir recursos para solventar los costos de estas otras actividades, tales como la que estamos realizando ahora con la Navidad Azul para m\u00e1s de cien ni\u00f1os sanfelipe\u00f1os\u201d.<\/p>\n<p>&nbsp;<\/p>\n","protected":false},"excerpt":{"rendered":"<p>M\u00e1s de cien ni\u00f1os provenientes de los diversos puntos de la comuna de San Felipe fueron agasajados con \u2018La Navidad Azul\u2019 organizada por la agrupaci\u00f3n seguidora de Universidad de Chile, conocida como&#8230;<\/p>\n","protected":false},"author":482,"featured_media":40757,"comment_status":"open","ping_status":"closed","sticky":false,"template":"","format":"standard","meta":{"advanced_seo_description":"","jetpack_seo_html_title":"","jetpack_seo_noindex":false,"_jetpack_memberships_contains_paid_content":false,"footnotes":""},"categories":[15],"tags":[],"class_list":["post-40756","post","type-post","status-publish","format-standard","has-post-thumbnail","hentry","category-comunidad"],"jetpack_featured_media_url":"https:\/\/i0.wp.com\/eltrabajo.cl\/portal\/wp-content\/uploads\/2013\/12\/Navidad-Azul.jpg?fit=528%2C397&ssl=1","jetpack_sharing_enabled":true,"jetpack_likes_enabled":true,"jetpack-related-posts":[],"_links":{"self":[{"href":"https:\/\/eltrabajo.cl\/portal\/wp-json\/wp\/v2\/posts\/40756","targetHints":{"allow":["GET"]}}],"collection":[{"href":"https:\/\/eltrabajo.cl\/portal\/wp-json\/wp\/v2\/posts"}],"about":[{"href":"https:\/\/eltrabajo.cl\/portal\/wp-json\/wp\/v2\/types\/post"}],"author":[{"embeddable":true,"href":"https:\/\/eltrabajo.cl\/portal\/wp-json\/wp\/v2\/users\/482"}],"replies":[{"embeddable":true,"href":"https:\/\/eltrabajo.cl\/portal\/wp-json\/wp\/v2\/comments?post=40756"}],"version-history":[{"count":0,"href":"https:\/\/eltrabajo.cl\/portal\/wp-json\/wp\/v2\/posts\/40756\/revisions"}],"wp:featuredmedia":[{"embeddable":true,"href":"https:\/\/eltrabajo.cl\/portal\/wp-json\/wp\/v2\/media\/40757"}],"wp:attachment":[{"href":"https:\/\/eltrabajo.cl\/portal\/wp-json\/wp\/v2\/media?parent=40756"}],"wp:term":[{"taxonomy":"category","embeddable":true,"href":"https:\/\/eltrabajo.cl\/portal\/wp-json\/wp\/v2\/categories?post=40756"},{"taxonomy":"post_tag","embeddable":true,"href":"https:\/\/eltrabajo.cl\/portal\/wp-json\/wp\/v2\/tags?post=40756"}],"curies":[{"name":"wp","href":"https:\/\/api.w.org\/{rel}","templated":true}]}}