{"id":40759,"date":"2013-12-17T09:28:29","date_gmt":"2013-12-17T12:28:29","guid":{"rendered":"http:\/\/www.eltrabajo.cl\/portal\/?p=40759"},"modified":"2013-12-17T09:28:29","modified_gmt":"2013-12-17T12:28:29","slug":"con-escolta-policial-realizan-funeral-de-vecino-asesinado-en-algarrobal","status":"publish","type":"post","link":"https:\/\/eltrabajo.cl\/portal\/con-escolta-policial-realizan-funeral-de-vecino-asesinado-en-algarrobal\/","title":{"rendered":"Con escolta policial realizan funeral de vecino asesinado en Algarrobal"},"content":{"rendered":"<figure id=\"attachment_40760\" aria-describedby=\"caption-attachment-40760\" style=\"width: 529px\" class=\"wp-caption alignnone\"><a href=\"https:\/\/i0.wp.com\/www.eltrabajo.cl\/portal\/wp-content\/uploads\/2013\/12\/funeral.jpg\"><img data-recalc-dims=\"1\" loading=\"lazy\" decoding=\"async\" class=\"size-full wp-image-40760\" title=\"Aunque el cortejo f\u00fanebre parti\u00f3 de la poblaci\u00f3n Nueva Algarrobal, antes de la despedida final la caravana se detuvo en Villa 250 A\u00f1os donde se realiz\u00f3 una breve misa. (Foto referencial).\" alt=\"Aunque el cortejo f\u00fanebre parti\u00f3 de la poblaci\u00f3n Nueva Algarrobal, antes de la despedida final la caravana se detuvo en Villa 250 A\u00f1os donde se realiz\u00f3 una breve misa. (Foto referencial).\" src=\"https:\/\/i0.wp.com\/www.eltrabajo.cl\/portal\/wp-content\/uploads\/2013\/12\/funeral.jpg?resize=529%2C353\" width=\"529\" height=\"353\" srcset=\"https:\/\/i0.wp.com\/eltrabajo.cl\/portal\/wp-content\/uploads\/2013\/12\/funeral.jpg?w=529&amp;ssl=1 529w, https:\/\/i0.wp.com\/eltrabajo.cl\/portal\/wp-content\/uploads\/2013\/12\/funeral.jpg?resize=200%2C133&amp;ssl=1 200w, https:\/\/i0.wp.com\/eltrabajo.cl\/portal\/wp-content\/uploads\/2013\/12\/funeral.jpg?resize=300%2C200&amp;ssl=1 300w, https:\/\/i0.wp.com\/eltrabajo.cl\/portal\/wp-content\/uploads\/2013\/12\/funeral.jpg?resize=150%2C100&amp;ssl=1 150w, https:\/\/i0.wp.com\/eltrabajo.cl\/portal\/wp-content\/uploads\/2013\/12\/funeral.jpg?resize=400%2C266&amp;ssl=1 400w\" sizes=\"auto, (max-width: 529px) 100vw, 529px\" \/><\/a><figcaption id=\"caption-attachment-40760\" class=\"wp-caption-text\">Aunque el cortejo f\u00fanebre parti\u00f3 de la poblaci\u00f3n Nueva Algarrobal, antes de la despedida final la caravana se detuvo en Villa 250 A\u00f1os donde se realiz\u00f3 una breve misa. (Foto referencial).<\/figcaption><\/figure>\n<ul>\n<li><strong>Cortejo f\u00fanebre pas\u00f3 por las afueras de Carabineros y realiz\u00f3 una misa al interior de Villa 250 A\u00f1os.<\/strong><\/li>\n<\/ul>\n<p>Aunque se esperaba que ocurriera alg\u00fan tipo de incidente en el marco del funeral de Ram\u00f3n Ot\u00e1rola Segura, vecino de 51 a\u00f1os de Algarrobal que fue asesinado de un tiro de escopeta la madrugada del s\u00e1bado, lo cierto es que la despedida que le hizo ayer por la tarde gran cantidad de vecinos fue bastante tranquila. Eso s\u00ed, con la presencia permanente de personal policial.<\/p>\n<p>Carabineros dispuso un servicio especial ante la preocupaci\u00f3n que se hab\u00eda instalado por la ocurrencia de incidentes menores en la Villa Nueva Algarrobal, donde ten\u00edan residencia v\u00edctima y victimario, no obstante, en general la misa, el cortejo f\u00fanebre y posterior entierro, se realizaron sin inconvenientes.<\/p>\n<p>\u201cEl funeral se realiz\u00f3 sin incidentes, sin inconveniente alguno. La ruta del cortejo f\u00fanebre consider\u00f3 como punto de partida la Poblaci\u00f3n Nueva Algarrobal, con destino a San Felipe, dando vueltas por algunas poblaciones donde la v\u00edctima ten\u00eda algunos familiares, para luego dirigirse a la Villa 250 A\u00f1os donde se realiz\u00f3 una misa muy breve y finalmente trasladarse al Cementerio de Almendral, en completo orden, en completa tranquilidad\u201d, se\u00f1al\u00f3 el teniente \u00c1ngelo Acevedo, de la Segunda Comisar\u00eda de San Felipe.<\/p>\n<p>El oficial policial reconoci\u00f3 que \u201cse presum\u00eda que en este funeral pudiera incluso haber utilizaci\u00f3n de armas de fuego, pero afortunadamente no hubo ning\u00fan incidente, ni disparos, ni se detect\u00f3 a alguna persona portando alg\u00fan elemento de este tipo\u201d.<\/p>\n<p>Cabe consignar que el presunto autor de este homicidio, identificado con las iniciales C.H.J.I., de 21 a\u00f1os de edad, fue puesto a disposici\u00f3n del Tribunal de Garant\u00eda de San Felipe, donde se le formaliz\u00f3 por el delito de homicidio simple, quedando sujeto a la medida cautelar de prisi\u00f3n preventiva.<\/p>\n","protected":false},"excerpt":{"rendered":"<p>Cortejo f\u00fanebre pas\u00f3 por las afueras de Carabineros y realiz\u00f3 una misa al interior de Villa 250 A\u00f1os. Aunque se esperaba que ocurriera alg\u00fan tipo de incidente en el marco del funeral&#8230;<\/p>\n","protected":false},"author":482,"featured_media":40760,"comment_status":"open","ping_status":"closed","sticky":false,"template":"","format":"standard","meta":{"advanced_seo_description":"","jetpack_seo_html_title":"","jetpack_seo_noindex":false,"_jetpack_memberships_contains_paid_content":false,"footnotes":""},"categories":[15],"tags":[],"class_list":["post-40759","post","type-post","status-publish","format-standard","has-post-thumbnail","hentry","category-comunidad"],"jetpack_featured_media_url":"https:\/\/i0.wp.com\/eltrabajo.cl\/portal\/wp-content\/uploads\/2013\/12\/funeral.jpg?fit=529%2C353&ssl=1","jetpack_sharing_enabled":true,"jetpack_likes_enabled":true,"jetpack-related-posts":[],"_links":{"self":[{"href":"https:\/\/eltrabajo.cl\/portal\/wp-json\/wp\/v2\/posts\/40759","targetHints":{"allow":["GET"]}}],"collection":[{"href":"https:\/\/eltrabajo.cl\/portal\/wp-json\/wp\/v2\/posts"}],"about":[{"href":"https:\/\/eltrabajo.cl\/portal\/wp-json\/wp\/v2\/types\/post"}],"author":[{"embeddable":true,"href":"https:\/\/eltrabajo.cl\/portal\/wp-json\/wp\/v2\/users\/482"}],"replies":[{"embeddable":true,"href":"https:\/\/eltrabajo.cl\/portal\/wp-json\/wp\/v2\/comments?post=40759"}],"version-history":[{"count":0,"href":"https:\/\/eltrabajo.cl\/portal\/wp-json\/wp\/v2\/posts\/40759\/revisions"}],"wp:featuredmedia":[{"embeddable":true,"href":"https:\/\/eltrabajo.cl\/portal\/wp-json\/wp\/v2\/media\/40760"}],"wp:attachment":[{"href":"https:\/\/eltrabajo.cl\/portal\/wp-json\/wp\/v2\/media?parent=40759"}],"wp:term":[{"taxonomy":"category","embeddable":true,"href":"https:\/\/eltrabajo.cl\/portal\/wp-json\/wp\/v2\/categories?post=40759"},{"taxonomy":"post_tag","embeddable":true,"href":"https:\/\/eltrabajo.cl\/portal\/wp-json\/wp\/v2\/tags?post=40759"}],"curies":[{"name":"wp","href":"https:\/\/api.w.org\/{rel}","templated":true}]}}