{"id":40763,"date":"2013-12-17T09:33:07","date_gmt":"2013-12-17T12:33:07","guid":{"rendered":"http:\/\/www.eltrabajo.cl\/portal\/?p=40763"},"modified":"2013-12-17T09:33:07","modified_gmt":"2013-12-17T12:33:07","slug":"emotivas-licenciaturas-de-escuelas-carmela-carvajal-y-almendral","status":"publish","type":"post","link":"https:\/\/eltrabajo.cl\/portal\/emotivas-licenciaturas-de-escuelas-carmela-carvajal-y-almendral\/","title":{"rendered":"Emotivas licenciaturas de escuelas Carmela Carvajal y Almendral"},"content":{"rendered":"<figure id=\"attachment_40764\" aria-describedby=\"caption-attachment-40764\" style=\"width: 529px\" class=\"wp-caption alignnone\"><a href=\"https:\/\/i0.wp.com\/www.eltrabajo.cl\/portal\/wp-content\/uploads\/2013\/12\/escuela-almendral-2.jpg\"><img data-recalc-dims=\"1\" loading=\"lazy\" decoding=\"async\" class=\"size-full wp-image-40764\" title=\"Los de octavo a\u00f1o en la escuela Almendral tambi\u00e9n pasaron a un nuevo nivel al decir adi\u00f3s a la educaci\u00f3n b\u00e1sica.\" alt=\"Los de octavo a\u00f1o en la escuela Almendral tambi\u00e9n pasaron a un nuevo nivel al decir adi\u00f3s a la educaci\u00f3n b\u00e1sica.\" src=\"https:\/\/i0.wp.com\/www.eltrabajo.cl\/portal\/wp-content\/uploads\/2013\/12\/escuela-almendral-2.jpg?resize=529%2C352\" width=\"529\" height=\"352\" srcset=\"https:\/\/i0.wp.com\/eltrabajo.cl\/portal\/wp-content\/uploads\/2013\/12\/escuela-almendral-2.jpg?w=529&amp;ssl=1 529w, https:\/\/i0.wp.com\/eltrabajo.cl\/portal\/wp-content\/uploads\/2013\/12\/escuela-almendral-2.jpg?resize=200%2C133&amp;ssl=1 200w, https:\/\/i0.wp.com\/eltrabajo.cl\/portal\/wp-content\/uploads\/2013\/12\/escuela-almendral-2.jpg?resize=300%2C199&amp;ssl=1 300w, https:\/\/i0.wp.com\/eltrabajo.cl\/portal\/wp-content\/uploads\/2013\/12\/escuela-almendral-2.jpg?resize=150%2C99&amp;ssl=1 150w, https:\/\/i0.wp.com\/eltrabajo.cl\/portal\/wp-content\/uploads\/2013\/12\/escuela-almendral-2.jpg?resize=400%2C266&amp;ssl=1 400w\" sizes=\"auto, (max-width: 529px) 100vw, 529px\" \/><\/a><figcaption id=\"caption-attachment-40764\" class=\"wp-caption-text\">Los de octavo a\u00f1o en la escuela Almendral tambi\u00e9n pasaron a un nuevo nivel al decir adi\u00f3s a la educaci\u00f3n b\u00e1sica.<\/figcaption><\/figure>\n<p>Como ya es una tradici\u00f3n, los establecimientos educacionales municipalizados de la comuna realizan sus ceremonias de licenciaturas de las generaciones que est\u00e1n llegando al t\u00e9rmino de sus ciclos escolares.<\/p>\n<figure id=\"attachment_40765\" aria-describedby=\"caption-attachment-40765\" style=\"width: 423px\" class=\"wp-caption alignright\"><a href=\"https:\/\/i0.wp.com\/www.eltrabajo.cl\/portal\/wp-content\/uploads\/2013\/12\/escuela-carmela-carvajal.jpg\"><img data-recalc-dims=\"1\" loading=\"lazy\" decoding=\"async\" class=\" wp-image-40765 \" title=\"Alumnos de la Escuela Carmela Carvajal de Prat se despiden del establecimiento al egresar de su ense\u00f1anza media.\" alt=\"Alumnos de la Escuela Carmela Carvajal de Prat se despiden del establecimiento al egresar de su ense\u00f1anza media.\" src=\"https:\/\/i0.wp.com\/www.eltrabajo.cl\/portal\/wp-content\/uploads\/2013\/12\/escuela-carmela-carvajal.jpg?resize=423%2C217\" width=\"423\" height=\"217\" srcset=\"https:\/\/i0.wp.com\/eltrabajo.cl\/portal\/wp-content\/uploads\/2013\/12\/escuela-carmela-carvajal.jpg?w=529&amp;ssl=1 529w, https:\/\/i0.wp.com\/eltrabajo.cl\/portal\/wp-content\/uploads\/2013\/12\/escuela-carmela-carvajal.jpg?resize=200%2C102&amp;ssl=1 200w, https:\/\/i0.wp.com\/eltrabajo.cl\/portal\/wp-content\/uploads\/2013\/12\/escuela-carmela-carvajal.jpg?resize=300%2C153&amp;ssl=1 300w, https:\/\/i0.wp.com\/eltrabajo.cl\/portal\/wp-content\/uploads\/2013\/12\/escuela-carmela-carvajal.jpg?resize=150%2C76&amp;ssl=1 150w, https:\/\/i0.wp.com\/eltrabajo.cl\/portal\/wp-content\/uploads\/2013\/12\/escuela-carmela-carvajal.jpg?resize=400%2C204&amp;ssl=1 400w\" sizes=\"auto, (max-width: 423px) 100vw, 423px\" \/><\/a><figcaption id=\"caption-attachment-40765\" class=\"wp-caption-text\">Alumnos de la Escuela Carmela Carvajal de Prat se despiden del establecimiento al egresar de su ense\u00f1anza media.<\/figcaption><\/figure>\n<p>Lo que en un comienzo abarcaba solamente a los cuartos medios, con el paso de los a\u00f1os comenz\u00f3 a incluir a quienes finalizaban su educaci\u00f3n b\u00e1sica, dado que en su mayor\u00eda los alumnos emigraban a otros establecimientos educacionales para continuar con su educaci\u00f3n secundaria.<\/p>\n<p>En los \u00faltimos a\u00f1os, tambi\u00e9n se ha hecho parte de estas ceremonias, a los ni\u00f1os y ni\u00f1as que finalizan tambi\u00e9n su educaci\u00f3n inicial, de los jardines infantiles, y los k\u00ednder de cada colegio, quienes orgullosos comienzan a dar sus primeros pasos en la educaci\u00f3n b\u00e1sica.<\/p>\n<p>&nbsp;<\/p>\n<p><strong>Licenciatura en la Escuela Almendral<\/strong><\/p>\n<p>Una hermosa ceremonia se realiz\u00f3 en dependencias de la escuela Almendral, en donde los alumnos de K\u00ednder y Octavo B\u00e1sico, recib\u00edan sus correspondientes diplomas que los certificaban como egresados de sus respectivos niveles.<\/p>\n<figure id=\"attachment_40766\" aria-describedby=\"caption-attachment-40766\" style=\"width: 423px\" class=\"wp-caption alignleft\"><a href=\"https:\/\/i0.wp.com\/www.eltrabajo.cl\/portal\/wp-content\/uploads\/2013\/12\/escuela-almendral-1.jpg\"><img data-recalc-dims=\"1\" loading=\"lazy\" decoding=\"async\" class=\" wp-image-40766 \" title=\"En la Escuela Almendral los peque\u00f1os alumnos de kinder tambi\u00e9n tuvieron su ceremonia tras egresar del nivel de ense\u00f1anza preb\u00e1sica.\" alt=\"En la Escuela Almendral los peque\u00f1os alumnos de kinder tambi\u00e9n tuvieron su ceremonia tras egresar del nivel de ense\u00f1anza preb\u00e1sica.\" src=\"https:\/\/i0.wp.com\/www.eltrabajo.cl\/portal\/wp-content\/uploads\/2013\/12\/escuela-almendral-1.jpg?resize=423%2C346\" width=\"423\" height=\"346\" srcset=\"https:\/\/i0.wp.com\/eltrabajo.cl\/portal\/wp-content\/uploads\/2013\/12\/escuela-almendral-1.jpg?w=529&amp;ssl=1 529w, https:\/\/i0.wp.com\/eltrabajo.cl\/portal\/wp-content\/uploads\/2013\/12\/escuela-almendral-1.jpg?resize=183%2C150&amp;ssl=1 183w, https:\/\/i0.wp.com\/eltrabajo.cl\/portal\/wp-content\/uploads\/2013\/12\/escuela-almendral-1.jpg?resize=300%2C244&amp;ssl=1 300w, https:\/\/i0.wp.com\/eltrabajo.cl\/portal\/wp-content\/uploads\/2013\/12\/escuela-almendral-1.jpg?resize=150%2C122&amp;ssl=1 150w, https:\/\/i0.wp.com\/eltrabajo.cl\/portal\/wp-content\/uploads\/2013\/12\/escuela-almendral-1.jpg?resize=400%2C326&amp;ssl=1 400w\" sizes=\"auto, (max-width: 423px) 100vw, 423px\" \/><\/a><figcaption id=\"caption-attachment-40766\" class=\"wp-caption-text\">En la Escuela Almendral los peque\u00f1os alumnos de kinder tambi\u00e9n tuvieron su ceremonia tras egresar del nivel de ense\u00f1anza preb\u00e1sica.<\/figcaption><\/figure>\n<p>Primero los peque\u00f1os de k\u00ednder, uno a uno fueron pasando adelante para que junto a sus profesoras, padres y apoderados, recibieran el reconocimiento de la finalizaci\u00f3n del a\u00f1o escolar, comenzando as\u00ed a explorar ya dentro del a\u00f1o 2014 este nuevo mundo que se llama la educaci\u00f3n b\u00e1sica, provocando m\u00e1s de una l\u00e1grima de emoci\u00f3n en los orgullosos padres.<\/p>\n<p>Posteriormente correspondi\u00f3 el turno a los alumnos de octavo b\u00e1sico, quienes acompa\u00f1ados de sus padres y apoderados, y con la emoci\u00f3n de saber que les espera la etapa de educaci\u00f3n media, lentamente comenzaban a recibir sus diplomas, terminando as\u00ed con una de las etapas m\u00e1s hermosas de la educaci\u00f3n, y que es la ense\u00f1anza b\u00e1sica, con lo que tambi\u00e9n van dejando atr\u00e1s los tradicionales juegos en los patios para dar paso a actividades t\u00edpicas y propias de j\u00f3venes en la adolescencia, \u00e1vidos de conocer los misterios del mundo.<\/p>\n<p>&nbsp;<\/p>\n<p><strong>Escuela Carmela\u00a0Carvajal de Prat<\/strong><\/p>\n<p>En otra emotiva ceremonia, los alumnos de la escuela Carmela Carvajal de Prat tambi\u00e9n recibieron sus licencias de ense\u00f1anza b\u00e1sica.<\/p>\n<p>En una jornada en que tambi\u00e9n, acompa\u00f1ados de sus profesores, padres y apoderados, recibieron el testimonio que los certifica como egresados de ense\u00f1anza b\u00e1sica, sintiendo la emoci\u00f3n y la nostalgia de saber que ser\u00edan sus \u00faltimos instantes, vistiendo los uniformes de su querida escuela, esa que alberg\u00f3 sus travesuras durante sus primeros a\u00f1os, y que hoy con gran orgullo los ve partir.<\/p>\n<p>En ambas ceremonias estuvo presente el Jefe de DAEM Iv\u00e1n Silva Padilla, quien se mostr\u00f3 evidentemente emocionado ante la solemnidad de las ceremonias, se\u00f1alando que \u201cesto que se ve cada t\u00e9rmino de a\u00f1o, es producto del esfuerzo y sacrificio de mucha gente, a quienes hay que reconocer y destacar, pero por sobre todo, a los profesores, siendo ellos quienes tienen la gran responsabilidad de formar y educar a las nuevas generaciones, y lo hacen de gran manera, es por eso mi agradecimiento y admiraci\u00f3n por todo lo que aportan d\u00eda a d\u00eda al engrandecimiento de la educaci\u00f3n\u201d.<\/p>\n<p>&nbsp;<\/p>\n","protected":false},"excerpt":{"rendered":"<p>Como ya es una tradici\u00f3n, los establecimientos educacionales municipalizados de la comuna realizan sus ceremonias de licenciaturas de las generaciones que est\u00e1n llegando al t\u00e9rmino de sus ciclos escolares. Lo que en&#8230;<\/p>\n","protected":false},"author":482,"featured_media":40764,"comment_status":"open","ping_status":"closed","sticky":false,"template":"","format":"standard","meta":{"advanced_seo_description":"","jetpack_seo_html_title":"","jetpack_seo_noindex":false,"_jetpack_memberships_contains_paid_content":false,"footnotes":""},"categories":[15],"tags":[],"class_list":["post-40763","post","type-post","status-publish","format-standard","has-post-thumbnail","hentry","category-comunidad"],"jetpack_featured_media_url":"https:\/\/i0.wp.com\/eltrabajo.cl\/portal\/wp-content\/uploads\/2013\/12\/escuela-almendral-2.jpg?fit=529%2C352&ssl=1","jetpack_sharing_enabled":true,"jetpack_likes_enabled":true,"jetpack-related-posts":[],"_links":{"self":[{"href":"https:\/\/eltrabajo.cl\/portal\/wp-json\/wp\/v2\/posts\/40763","targetHints":{"allow":["GET"]}}],"collection":[{"href":"https:\/\/eltrabajo.cl\/portal\/wp-json\/wp\/v2\/posts"}],"about":[{"href":"https:\/\/eltrabajo.cl\/portal\/wp-json\/wp\/v2\/types\/post"}],"author":[{"embeddable":true,"href":"https:\/\/eltrabajo.cl\/portal\/wp-json\/wp\/v2\/users\/482"}],"replies":[{"embeddable":true,"href":"https:\/\/eltrabajo.cl\/portal\/wp-json\/wp\/v2\/comments?post=40763"}],"version-history":[{"count":0,"href":"https:\/\/eltrabajo.cl\/portal\/wp-json\/wp\/v2\/posts\/40763\/revisions"}],"wp:featuredmedia":[{"embeddable":true,"href":"https:\/\/eltrabajo.cl\/portal\/wp-json\/wp\/v2\/media\/40764"}],"wp:attachment":[{"href":"https:\/\/eltrabajo.cl\/portal\/wp-json\/wp\/v2\/media?parent=40763"}],"wp:term":[{"taxonomy":"category","embeddable":true,"href":"https:\/\/eltrabajo.cl\/portal\/wp-json\/wp\/v2\/categories?post=40763"},{"taxonomy":"post_tag","embeddable":true,"href":"https:\/\/eltrabajo.cl\/portal\/wp-json\/wp\/v2\/tags?post=40763"}],"curies":[{"name":"wp","href":"https:\/\/api.w.org\/{rel}","templated":true}]}}