{"id":40770,"date":"2013-12-17T09:37:01","date_gmt":"2013-12-17T12:37:01","guid":{"rendered":"http:\/\/www.eltrabajo.cl\/portal\/?p=40770"},"modified":"2013-12-17T09:37:01","modified_gmt":"2013-12-17T12:37:01","slug":"gobernadora-no-descarta-ser-candidata-a-alcaldesa-de-san-felipe","status":"publish","type":"post","link":"https:\/\/eltrabajo.cl\/portal\/gobernadora-no-descarta-ser-candidata-a-alcaldesa-de-san-felipe\/","title":{"rendered":"Gobernadora no descarta ser candidata a alcaldesa de San Felipe"},"content":{"rendered":"<figure id=\"attachment_40771\" aria-describedby=\"caption-attachment-40771\" style=\"width: 317px\" class=\"wp-caption alignleft\"><a href=\"https:\/\/i0.wp.com\/www.eltrabajo.cl\/portal\/wp-content\/uploads\/2013\/12\/Gobernadora-Patricia-Boffa-2.jpg\"><img data-recalc-dims=\"1\" loading=\"lazy\" decoding=\"async\" class=\" wp-image-40771 \" title=\"Patricia Boffa no descart\u00f3 ser candidata a alcaldesa de San Felipe en tres a\u00f1os m\u00e1s.\" alt=\"Patricia Boffa no descart\u00f3 ser candidata a alcaldesa de San Felipe en tres a\u00f1os m\u00e1s.\" src=\"https:\/\/i0.wp.com\/www.eltrabajo.cl\/portal\/wp-content\/uploads\/2013\/12\/Gobernadora-Patricia-Boffa-2.jpg?resize=317%2C238\" width=\"317\" height=\"238\" srcset=\"https:\/\/i0.wp.com\/eltrabajo.cl\/portal\/wp-content\/uploads\/2013\/12\/Gobernadora-Patricia-Boffa-2.jpg?w=528&amp;ssl=1 528w, https:\/\/i0.wp.com\/eltrabajo.cl\/portal\/wp-content\/uploads\/2013\/12\/Gobernadora-Patricia-Boffa-2.jpg?resize=200%2C150&amp;ssl=1 200w, https:\/\/i0.wp.com\/eltrabajo.cl\/portal\/wp-content\/uploads\/2013\/12\/Gobernadora-Patricia-Boffa-2.jpg?resize=300%2C225&amp;ssl=1 300w, https:\/\/i0.wp.com\/eltrabajo.cl\/portal\/wp-content\/uploads\/2013\/12\/Gobernadora-Patricia-Boffa-2.jpg?resize=150%2C112&amp;ssl=1 150w, https:\/\/i0.wp.com\/eltrabajo.cl\/portal\/wp-content\/uploads\/2013\/12\/Gobernadora-Patricia-Boffa-2.jpg?resize=400%2C300&amp;ssl=1 400w\" sizes=\"auto, (max-width: 317px) 100vw, 317px\" \/><\/a><figcaption id=\"caption-attachment-40771\" class=\"wp-caption-text\">Patricia Boffa no descart\u00f3 ser candidata a alcaldesa de San Felipe en tres a\u00f1os m\u00e1s.<\/figcaption><\/figure>\n<ul>\n<li><strong>Por lo pronto dijo que trabajar\u00e1 con las mismas ganas hasta el \u00faltimo d\u00eda de gobierno.<\/strong><\/li>\n<\/ul>\n<p>Sin descartar la posibilidad de ser candidata a alcaldesa por la comuna de San Felipe y criticando la falta de un liderazgo claro en Aconcagua para haber manejado de mejor manera la candidatura de Evelyn Matthei, la gobernadora Patricia Boffa realiz\u00f3 un an\u00e1lisis del momento pol\u00edtico que enfrenta la derecha local, a\u00fan cuando asever\u00f3 claramente que seguir\u00e1 trabajando con el mismo ah\u00ednco por el gobierno del Presidente Sebasti\u00e1n Pi\u00f1era, hasta el \u00faltimo d\u00eda de su mandato.<\/p>\n<p>La Gobernadora de San Felipe hizo una positiva evaluaci\u00f3n de las elecciones en la provincia y junto con felicitar a la Nueva Mayor\u00eda por el triunfo de su abanderada, Michelle Bachelet Jeria, se\u00f1al\u00f3 que \u201cesta gobernaci\u00f3n va a trabajar hasta el \u00faltimo d\u00eda, con las mismas ganas, con el mismo empuje que lo hemos estado haciendo hasta el d\u00eda de hoy, por lo tanto, no nos vamos a la casa, no nos vamos de vacaciones, vamos a estar ac\u00e1, trabajando por la gente de la provincia de San Felipe\u201d.<\/p>\n<p>Para este martes est\u00e1 contemplada una videoconferencia del ministro Andr\u00e9s Chadwick con los gobernadores del pa\u00eds, oportunidad en la que se dar\u00e1n los lineamientos de trabajo para los tres meses que restan de gobierno.<\/p>\n<p>Al hacer un balance pol\u00edtico del resultado, desfavorable para la Alianza por Chile, la gobernadora manifest\u00f3 que \u201cnosotros hemos sido un gobierno democr\u00e1tico, hemos dado muestras de apertura y libertad, fuimos los que instalamos el voto voluntario, por lo tanto estamos muy tranquilos de haber hecho una muy buena tarea, pero la gente eligi\u00f3 a Michelle Bachelet y yo le deseo el mejor de los \u00e9xitos\u201d.<\/p>\n<p>A\u00f1adi\u00f3 que \u201csab\u00edamos que pod\u00edamos ganar o perder. Siempre uno tiene la esperanza, hicimos un trabajo en terreno, destacando los logros del Gobierno, pero es lo que la gente ha elegido: esto es la democracia y as\u00ed se debe respetar\u201d.<\/p>\n<p>Consultada la autoridad por su futuro pol\u00edtico, se\u00f1al\u00f3 que tiene proyectos personales que espera concretar a contar de marzo pr\u00f3ximo, en tanto que ratific\u00f3 su deseo de seguir vinculada con el tema social en la provincia y particularmente en San Felipe, donde no descart\u00f3 que su pr\u00f3ximo paso sea convertirse en candidata a alcaldesa de la comuna.<\/p>\n<p>\u201cTengo desaf\u00edos personales que espero sortear con \u00e9xito, pero voy a seguir en el servicio p\u00fablico de una u otra manera, siempre voy a estar al lado de la gente y donde el partido (RN) tambi\u00e9n me lo solicite\u201d, dijo la autoridad.<\/p>\n<p><strong>&#8211; \u00bfHa pensado en ser candidata a alcaldesa?<\/strong><\/p>\n<p>&#8211; \u201cCreo que es muy temprano para decidirlo. Pero reitero, estoy a disposici\u00f3n del partido, estoy a disposici\u00f3n de la gente, si mi nombre est\u00e1 en alguna parte, siempre poniendo el hombro, porque donde hemos estado, hemos dado el ancho. No desecho ninguna posibilidad, obviamente me gustar\u00eda llegar a la alcald\u00eda, es un desaf\u00edo muy importante, la municipalidad de San Felipe tiene mucho para entregar a la comunidad, mucho por hacer\u201d.<\/p>\n<p>&nbsp;<\/p>\n<p><strong>FALTA DE LIDERAZGOS<\/strong><\/p>\n<p>La gobernadora Boffa adem\u00e1s se refiri\u00f3 a la falta de liderazgos que a su juicio incidieron en la baja votaci\u00f3n conseguida por Evelyn Matthei en el valle de Aconcagua.<\/p>\n<p>En ese sentido, critic\u00f3 duramente al presidente distrital de RN, Gino Bibiano, precisando que su partido \u201cesta fraccionado, muy fraccionado y no tuvimos un liderazgo.<\/p>\n<p>\u201cTiene que venir una restructuraci\u00f3n potente desde adentro. Tenemos una directiva absolutamente nula, que ha dividido, que ha sido ausente. No s\u00e9 si dimos ventaja, pero insisto, hay que hacer una restructuraci\u00f3n profunda\u201d, manifest\u00f3.<\/p>\n<p>Consultada si el actual presidente Gino Bibiano debe dar un paso al lado, dijo que \u201cpor supuesto que tiene que dar un paso al lado, aunque yo creo que ser\u00eda mejor un paso afuera\u201d.<\/p>\n<p>&nbsp;<\/p>\n","protected":false},"excerpt":{"rendered":"<p>Por lo pronto dijo que trabajar\u00e1 con las mismas ganas hasta el \u00faltimo d\u00eda de gobierno. Sin descartar la posibilidad de ser candidata a alcaldesa por la comuna de San Felipe y&#8230;<\/p>\n","protected":false},"author":482,"featured_media":40771,"comment_status":"open","ping_status":"closed","sticky":false,"template":"","format":"standard","meta":{"advanced_seo_description":"","jetpack_seo_html_title":"","jetpack_seo_noindex":false,"_jetpack_memberships_contains_paid_content":false,"footnotes":""},"categories":[1],"tags":[],"class_list":["post-40770","post","type-post","status-publish","format-standard","has-post-thumbnail","hentry","category-cronica"],"jetpack_featured_media_url":"https:\/\/i0.wp.com\/eltrabajo.cl\/portal\/wp-content\/uploads\/2013\/12\/Gobernadora-Patricia-Boffa-2.jpg?fit=528%2C396&ssl=1","jetpack_sharing_enabled":true,"jetpack_likes_enabled":true,"jetpack-related-posts":[],"_links":{"self":[{"href":"https:\/\/eltrabajo.cl\/portal\/wp-json\/wp\/v2\/posts\/40770","targetHints":{"allow":["GET"]}}],"collection":[{"href":"https:\/\/eltrabajo.cl\/portal\/wp-json\/wp\/v2\/posts"}],"about":[{"href":"https:\/\/eltrabajo.cl\/portal\/wp-json\/wp\/v2\/types\/post"}],"author":[{"embeddable":true,"href":"https:\/\/eltrabajo.cl\/portal\/wp-json\/wp\/v2\/users\/482"}],"replies":[{"embeddable":true,"href":"https:\/\/eltrabajo.cl\/portal\/wp-json\/wp\/v2\/comments?post=40770"}],"version-history":[{"count":0,"href":"https:\/\/eltrabajo.cl\/portal\/wp-json\/wp\/v2\/posts\/40770\/revisions"}],"wp:featuredmedia":[{"embeddable":true,"href":"https:\/\/eltrabajo.cl\/portal\/wp-json\/wp\/v2\/media\/40771"}],"wp:attachment":[{"href":"https:\/\/eltrabajo.cl\/portal\/wp-json\/wp\/v2\/media?parent=40770"}],"wp:term":[{"taxonomy":"category","embeddable":true,"href":"https:\/\/eltrabajo.cl\/portal\/wp-json\/wp\/v2\/categories?post=40770"},{"taxonomy":"post_tag","embeddable":true,"href":"https:\/\/eltrabajo.cl\/portal\/wp-json\/wp\/v2\/tags?post=40770"}],"curies":[{"name":"wp","href":"https:\/\/api.w.org\/{rel}","templated":true}]}}