{"id":40773,"date":"2013-12-17T09:32:20","date_gmt":"2013-12-17T12:32:20","guid":{"rendered":"http:\/\/www.eltrabajo.cl\/portal\/?p=40773"},"modified":"2013-12-17T09:41:59","modified_gmt":"2013-12-17T12:41:59","slug":"sanfelipenos-cumplen-este-sabado-medio-siglo-de-vida-matrimonial","status":"publish","type":"post","link":"https:\/\/eltrabajo.cl\/portal\/sanfelipenos-cumplen-este-sabado-medio-siglo-de-vida-matrimonial\/","title":{"rendered":"Sanfelipe\u00f1os cumplen este s\u00e1bado medio siglo de vida matrimonial"},"content":{"rendered":"<figure id=\"attachment_40774\" aria-describedby=\"caption-attachment-40774\" style=\"width: 423px\" class=\"wp-caption alignleft\"><a href=\"https:\/\/i0.wp.com\/www.eltrabajo.cl\/portal\/wp-content\/uploads\/2013\/12\/Esposos1.jpg\"><img data-recalc-dims=\"1\" loading=\"lazy\" decoding=\"async\" class=\" wp-image-40774 \" title=\"ETERNO POLOLEO.- Ellos son Sergio V\u00e1squez y su esposa Silvia Toro en la actualidad, dos vecinos muy conocidos en todo San Felipe y este s\u00e1bado cumplir\u00e1n 50 a\u00f1os de casados.\" alt=\"ETERNO POLOLEO.- Ellos son Sergio V\u00e1squez y su esposa Silvia Toro en la actualidad, dos vecinos muy conocidos en todo San Felipe y este s\u00e1bado cumplir\u00e1n 50 a\u00f1os de casados.\" src=\"https:\/\/i0.wp.com\/www.eltrabajo.cl\/portal\/wp-content\/uploads\/2013\/12\/Esposos1.jpg?resize=423%2C315\" width=\"423\" height=\"315\" srcset=\"https:\/\/i0.wp.com\/eltrabajo.cl\/portal\/wp-content\/uploads\/2013\/12\/Esposos1.jpg?w=529&amp;ssl=1 529w, https:\/\/i0.wp.com\/eltrabajo.cl\/portal\/wp-content\/uploads\/2013\/12\/Esposos1.jpg?resize=200%2C148&amp;ssl=1 200w, https:\/\/i0.wp.com\/eltrabajo.cl\/portal\/wp-content\/uploads\/2013\/12\/Esposos1.jpg?resize=300%2C223&amp;ssl=1 300w, https:\/\/i0.wp.com\/eltrabajo.cl\/portal\/wp-content\/uploads\/2013\/12\/Esposos1.jpg?resize=150%2C111&amp;ssl=1 150w, https:\/\/i0.wp.com\/eltrabajo.cl\/portal\/wp-content\/uploads\/2013\/12\/Esposos1.jpg?resize=400%2C297&amp;ssl=1 400w\" sizes=\"auto, (max-width: 423px) 100vw, 423px\" \/><\/a><figcaption id=\"caption-attachment-40774\" class=\"wp-caption-text\">ETERNO POLOLEO.- Ellos son Sergio V\u00e1squez y su esposa Silvia Toro en la actualidad, dos vecinos muy conocidos en todo San Felipe y este s\u00e1bado cumplir\u00e1n 50 a\u00f1os de casados.<\/figcaption><\/figure>\n<p>Los cuatro hijos y siete nietos del matrimonio conformado por Sergio V\u00e1squez Rodr\u00edguez y Silvia Toro Toro, as\u00ed como sus amigos personales de la familia, est\u00e1n que no caben de contentos, ya que este s\u00e1bado 21 de diciembre estar\u00e1n cumpliendo sus Bodas de Plata, traves\u00eda que por medio del Sacramento del Matrimonio Sergio y Silvia emprendieron el 21 de diciembre de 1963, cuando ambos juraron amarse y guardar fidelidad hasta que la muerte les separara, promesa que hasta el momento ambos aseguran haberse cumplido.<\/p>\n<p>Se trata de dos personajes muy queridos y conocidos de la poblaci\u00f3n Yungay de San Felipe. Ella abnegada ama de casa y \u00e9l por su parte, un multifac\u00e9tico personaje con una fuerte tendencia a la promoci\u00f3n del deporte y ayuda comunal. Diario El Trabajo habl\u00f3 con la pareja que pronto cumplir\u00e1n sus 50 a\u00f1os de vida matrimonial.<\/p>\n<p>&nbsp;<\/p>\n<p><strong>LA CONQUIST\u00d3 CON\u00a0HUEVOS DE GALLINA<\/strong><\/p>\n<p>\u00abYo recuerdo que a mis 17 a\u00f1os yo iba a un peque\u00f1o almac\u00e9n que atend\u00eda Sergio, compraba algunos huevos y regresaba a mi casa, as\u00ed me hice amiga de \u00e9l, iniciamos nuestro pololeo en junio de 1963, a los tres meses, el 18 de septiembre nos pusimos nuestras Argollas de Compromiso y el 21 de diciembre nos casamos\u00bb, coment\u00f3 serenamente do\u00f1a Silvia Toro.<\/p>\n<figure id=\"attachment_40775\" aria-describedby=\"caption-attachment-40775\" style=\"width: 317px\" class=\"wp-caption alignright\"><a href=\"https:\/\/i0.wp.com\/www.eltrabajo.cl\/portal\/wp-content\/uploads\/2013\/12\/Boda1.jpg\"><img data-recalc-dims=\"1\" loading=\"lazy\" decoding=\"async\" class=\" wp-image-40775 \" title=\"LA BODA.- As\u00ed de felices luc\u00edan Sergio y Silvia, cuando se casaron el s\u00e1bado 21 de diciembre de 1963.\" alt=\"LA BODA.- As\u00ed de felices luc\u00edan Sergio y Silvia, cuando se casaron el s\u00e1bado 21 de diciembre de 1963.\" src=\"https:\/\/i0.wp.com\/www.eltrabajo.cl\/portal\/wp-content\/uploads\/2013\/12\/Boda1.jpg?resize=317%2C236\" width=\"317\" height=\"236\" srcset=\"https:\/\/i0.wp.com\/eltrabajo.cl\/portal\/wp-content\/uploads\/2013\/12\/Boda1.jpg?w=528&amp;ssl=1 528w, https:\/\/i0.wp.com\/eltrabajo.cl\/portal\/wp-content\/uploads\/2013\/12\/Boda1.jpg?resize=200%2C148&amp;ssl=1 200w, https:\/\/i0.wp.com\/eltrabajo.cl\/portal\/wp-content\/uploads\/2013\/12\/Boda1.jpg?resize=300%2C223&amp;ssl=1 300w, https:\/\/i0.wp.com\/eltrabajo.cl\/portal\/wp-content\/uploads\/2013\/12\/Boda1.jpg?resize=150%2C111&amp;ssl=1 150w, https:\/\/i0.wp.com\/eltrabajo.cl\/portal\/wp-content\/uploads\/2013\/12\/Boda1.jpg?resize=400%2C297&amp;ssl=1 400w\" sizes=\"auto, (max-width: 317px) 100vw, 317px\" \/><\/a><figcaption id=\"caption-attachment-40775\" class=\"wp-caption-text\">LA BODA.- As\u00ed de felices luc\u00edan Sergio y Silvia, cuando se casaron el s\u00e1bado 21 de diciembre de 1963.<\/figcaption><\/figure>\n<p>Sobre c\u00f3mo ellos han sorteado las adversidades de la vida en este medio siglo de caminar juntos, la se\u00f1ora Toro reconoci\u00f3 que \u00abaunque siempre hay problemas y discusiones normales en el matrimonio, \u00e9stas han sido superadas siempre con amor, respeto y buena voluntad de parte de los dos, nuestros hijos fueron todo aquello que so\u00f1amos\u00bb, agreg\u00f3 do\u00f1a Silvia.<\/p>\n<p>&nbsp;<\/p>\n<p><strong>HOMBRE DE\u00a0MIL OFICIOS<\/strong><\/p>\n<p>Sobre c\u00f3mo ha vivido y el deporte de sus amores, Sergio V\u00e1squez habl\u00f3 tambi\u00e9n con Diario El Trabajo.<\/p>\n<p><strong>&#8211; \u00bfD\u00f3nde naciste y c\u00f3mo han sido estos 50 a\u00f1os de casado?<\/strong><\/p>\n<p>&#8211; \u00abNac\u00ed en Valpara\u00edso el 26 de junio de 1931, tengo 83 a\u00f1os y este medio siglo lo he pasado en la mejor compa\u00f1\u00eda que pude tener en la vida, mi esposa me regal\u00f3 cuatro hermosos hijos que ahora ya nos han dado siete nietos, ha sido una experiencia muy hermosa\u00bb.<\/p>\n<figure id=\"attachment_40776\" aria-describedby=\"caption-attachment-40776\" style=\"width: 422px\" class=\"wp-caption alignleft\"><a href=\"https:\/\/i0.wp.com\/www.eltrabajo.cl\/portal\/wp-content\/uploads\/2013\/12\/Familiar1.jpg\"><img data-recalc-dims=\"1\" loading=\"lazy\" decoding=\"async\" class=\" wp-image-40776 \" title=\"LA FAMILIA.- Al frente tenemos a don Sergio V\u00e1squez y do\u00f1a Silvia Toro, tras ellos est\u00e1n sus cuatro hijos: Sergio Francisco, Luis Antonio, Olga Del Carmen y Carlos Eduardo.\" alt=\"LA FAMILIA.- Al frente tenemos a don Sergio V\u00e1squez y do\u00f1a Silvia Toro, tras ellos est\u00e1n sus cuatro hijos: Sergio Francisco, Luis Antonio, Olga Del Carmen y Carlos Eduardo.\" src=\"https:\/\/i0.wp.com\/www.eltrabajo.cl\/portal\/wp-content\/uploads\/2013\/12\/Familiar1.jpg?resize=422%2C309\" width=\"422\" height=\"309\" srcset=\"https:\/\/i0.wp.com\/eltrabajo.cl\/portal\/wp-content\/uploads\/2013\/12\/Familiar1.jpg?w=528&amp;ssl=1 528w, https:\/\/i0.wp.com\/eltrabajo.cl\/portal\/wp-content\/uploads\/2013\/12\/Familiar1.jpg?resize=200%2C146&amp;ssl=1 200w, https:\/\/i0.wp.com\/eltrabajo.cl\/portal\/wp-content\/uploads\/2013\/12\/Familiar1.jpg?resize=300%2C219&amp;ssl=1 300w, https:\/\/i0.wp.com\/eltrabajo.cl\/portal\/wp-content\/uploads\/2013\/12\/Familiar1.jpg?resize=150%2C109&amp;ssl=1 150w, https:\/\/i0.wp.com\/eltrabajo.cl\/portal\/wp-content\/uploads\/2013\/12\/Familiar1.jpg?resize=400%2C292&amp;ssl=1 400w\" sizes=\"auto, (max-width: 422px) 100vw, 422px\" \/><\/a><figcaption id=\"caption-attachment-40776\" class=\"wp-caption-text\">LA FAMILIA.- Al frente tenemos a don Sergio V\u00e1squez y do\u00f1a Silvia Toro, tras ellos est\u00e1n sus cuatro hijos: Sergio Francisco, Luis Antonio, Olga Del Carmen y Carlos Eduardo.<\/figcaption><\/figure>\n<p><strong>&#8211; \u00bfC\u00f3mo te ganaste la vida durante todos estos a\u00f1os?<\/strong><\/p>\n<p>&#8211; \u00abEstudi\u00e9 con los Padres Dominicos de Valpara\u00edso y luego en el Colegio Salesiano, soy tip\u00f3grafo, manej\u00e9 por a\u00f1os todo lo referente a la foto-mec\u00e1nica e imprentas, realic\u00e9 mi Pr\u00e1ctica en El Mercurio de Valpara\u00edso, de donde luego pas\u00e9 a trabajar para varias empresas del pa\u00eds\u00bb.<\/p>\n<p><strong>&#8211; \u00bfEs verdad que te gusta el voleibol?<\/strong><\/p>\n<p>&#8211; \u00abS\u00ed. Casi toda mi vida la pas\u00e9 tambi\u00e9n impulsando el deporte, el voleibol siempre fue mi pasi\u00f3n, fui el Presidente de la Asociaci\u00f3n de Voleibol de San Felipe, primer Presidente Regional de Voleibol de la V Regi\u00f3n\u00bb.<\/p>\n<p><strong>&#8211; Hay rumores sobre que usted tambi\u00e9n fue motoquero, \u00bfes verdad?<\/strong><\/p>\n<p>&#8211; \u00abTambi\u00e9n incursion\u00e9 en el mundo motoquero, siempre supe disfrutar la vida al m\u00e1ximo, sin dejar de lado a mi familia, es por ello que a Dios le doy gracias por estos a\u00f1os de felicidad y logros familiares obtenidos\u00bb.<\/p>\n<p>&nbsp;<\/p>\n<p><strong>\u00c1RBITRO PROFESIONAL<\/strong><\/p>\n<p>Sergio V\u00e1squez, este \u00e1rbitro de voleibol profesional, es uno de los sobrevivientes de la gran explosi\u00f3n del 1\u00ba de enero de 1951 en Valpara\u00edso, desastre en el que fallecieron 30 bomberos y una importante cantidad de personas, \u00e9l ayud\u00f3 a minimizar el da\u00f1o, cuando apart\u00f3 a los curiosos de un subterr\u00e1neo repleto de explosivos de Navidad, mismos que explotaron lanzando a los presentes por los aires.<\/p>\n<p>Actualmente V\u00e1squez es el Presidente de la Junta Vecinal N\u00ba19 de la poblaci\u00f3n Yungay. Por su vida entregada al desarrollo del deporte y apoyo social de las juventudes pasadas, es que los que Trabajamos en Diario El Trabajo hoy hacemos p\u00fablico nuestro sincero y efusivo saludo a estos eternos pololos en el marco de sus 50 a\u00f1os de vida matrimonial.<\/p>\n<p>Roberto Gonz\u00e1lez Short<\/p>\n<p>rgonzalez@eltrabajo.cl<\/p>\n<p>&nbsp;<\/p>\n","protected":false},"excerpt":{"rendered":"<p>Los cuatro hijos y siete nietos del matrimonio conformado por Sergio V\u00e1squez Rodr\u00edguez y Silvia Toro Toro, as\u00ed como sus amigos personales de la familia, est\u00e1n que no caben de contentos, ya&#8230;<\/p>\n","protected":false},"author":482,"featured_media":40774,"comment_status":"open","ping_status":"closed","sticky":false,"template":"","format":"standard","meta":{"advanced_seo_description":"","jetpack_seo_html_title":"","jetpack_seo_noindex":false,"_jetpack_memberships_contains_paid_content":false,"footnotes":""},"categories":[15],"tags":[],"class_list":["post-40773","post","type-post","status-publish","format-standard","has-post-thumbnail","hentry","category-comunidad"],"jetpack_featured_media_url":"https:\/\/i0.wp.com\/eltrabajo.cl\/portal\/wp-content\/uploads\/2013\/12\/Esposos1.jpg?fit=529%2C394&ssl=1","jetpack_sharing_enabled":true,"jetpack_likes_enabled":true,"jetpack-related-posts":[],"_links":{"self":[{"href":"https:\/\/eltrabajo.cl\/portal\/wp-json\/wp\/v2\/posts\/40773","targetHints":{"allow":["GET"]}}],"collection":[{"href":"https:\/\/eltrabajo.cl\/portal\/wp-json\/wp\/v2\/posts"}],"about":[{"href":"https:\/\/eltrabajo.cl\/portal\/wp-json\/wp\/v2\/types\/post"}],"author":[{"embeddable":true,"href":"https:\/\/eltrabajo.cl\/portal\/wp-json\/wp\/v2\/users\/482"}],"replies":[{"embeddable":true,"href":"https:\/\/eltrabajo.cl\/portal\/wp-json\/wp\/v2\/comments?post=40773"}],"version-history":[{"count":0,"href":"https:\/\/eltrabajo.cl\/portal\/wp-json\/wp\/v2\/posts\/40773\/revisions"}],"wp:featuredmedia":[{"embeddable":true,"href":"https:\/\/eltrabajo.cl\/portal\/wp-json\/wp\/v2\/media\/40774"}],"wp:attachment":[{"href":"https:\/\/eltrabajo.cl\/portal\/wp-json\/wp\/v2\/media?parent=40773"}],"wp:term":[{"taxonomy":"category","embeddable":true,"href":"https:\/\/eltrabajo.cl\/portal\/wp-json\/wp\/v2\/categories?post=40773"},{"taxonomy":"post_tag","embeddable":true,"href":"https:\/\/eltrabajo.cl\/portal\/wp-json\/wp\/v2\/tags?post=40773"}],"curies":[{"name":"wp","href":"https:\/\/api.w.org\/{rel}","templated":true}]}}