{"id":40780,"date":"2013-12-17T09:43:31","date_gmt":"2013-12-17T12:43:31","guid":{"rendered":"http:\/\/www.eltrabajo.cl\/portal\/?p=40780"},"modified":"2013-12-17T09:43:31","modified_gmt":"2013-12-17T12:43:31","slug":"comerciante-ambulante-sanfelipeno-pide-una-oportunidad-para-trabajar","status":"publish","type":"post","link":"https:\/\/eltrabajo.cl\/portal\/comerciante-ambulante-sanfelipeno-pide-una-oportunidad-para-trabajar\/","title":{"rendered":"Comerciante ambulante sanfelipe\u00f1o pide una oportunidad para trabajar"},"content":{"rendered":"<figure id=\"attachment_40781\" aria-describedby=\"caption-attachment-40781\" style=\"width: 370px\" class=\"wp-caption alignleft\"><a href=\"https:\/\/i0.wp.com\/www.eltrabajo.cl\/portal\/wp-content\/uploads\/2013\/12\/Comerciante-victor-osorio.jpg\"><img data-recalc-dims=\"1\" loading=\"lazy\" decoding=\"async\" class=\" wp-image-40781 \" title=\"V\u00edctor Osorio Escobar sigue trabajando en su carrito, ya que necesita el dinero para vivir. En la fotograf\u00eda, el humilde comerciante junto a su hijo, quien por estos d\u00edas le ayuda en las ventas.\" alt=\"V\u00edctor Osorio Escobar sigue trabajando en su carrito, ya que necesita el dinero para vivir. En la fotograf\u00eda, el humilde comerciante junto a su hijo, quien por estos d\u00edas le ayuda en las ventas.\" src=\"https:\/\/i0.wp.com\/www.eltrabajo.cl\/portal\/wp-content\/uploads\/2013\/12\/Comerciante-victor-osorio.jpg?resize=370%2C440\" width=\"370\" height=\"440\" srcset=\"https:\/\/i0.wp.com\/eltrabajo.cl\/portal\/wp-content\/uploads\/2013\/12\/Comerciante-victor-osorio.jpg?w=529&amp;ssl=1 529w, https:\/\/i0.wp.com\/eltrabajo.cl\/portal\/wp-content\/uploads\/2013\/12\/Comerciante-victor-osorio.jpg?resize=126%2C150&amp;ssl=1 126w, https:\/\/i0.wp.com\/eltrabajo.cl\/portal\/wp-content\/uploads\/2013\/12\/Comerciante-victor-osorio.jpg?resize=252%2C300&amp;ssl=1 252w\" sizes=\"auto, (max-width: 370px) 100vw, 370px\" \/><\/a><figcaption id=\"caption-attachment-40781\" class=\"wp-caption-text\">V\u00edctor Osorio Escobar sigue trabajando en su carrito, ya que necesita el dinero para vivir. En la fotograf\u00eda, el humilde comerciante junto a su hijo, quien por estos d\u00edas le ayuda en las ventas.<\/figcaption><\/figure>\n<p>Con sus papeles al d\u00eda, que dan cuenta del pago oportuno de los permisos para trabajar con su carrito de productos en la calle, as\u00ed como tambi\u00e9n con sus documentos m\u00e9dicos que hablan de una serie de enfermedades, V\u00edctor Osorio Escobar ha enfrentado estos \u00faltimos d\u00edas una serie de dificultades para poder desarrollar su trabajo y as\u00ed ganarse el dinero que necesita para mantener a su familia y comprarse los remedios que diariamente debe tomar.<\/p>\n<p>Este comerciante ambulante sanfelipe\u00f1o, hace diez a\u00f1os que trabaja en la calle. Cuenta que durante el per\u00edodo municipal de Jaime Amar le concedieron un permiso para vender en las afueras del banco BCI.<\/p>\n<p>Posteriormente, con la llegada de la administraci\u00f3n de Patricio Freire se le traslad\u00f3 a Coimas, entre Prat y Santo Domingo, \u201cpero no vend\u00eda nada, con suerte me hac\u00eda 3 \u00f3 5 mil pesos diarios\u201d, as\u00ed es que pidi\u00f3 hablar con el alcalde quien dispuso que se instalara en calle Prat, en las afueras de la farmacia Salcobrand.<\/p>\n<p>Ah\u00ed trabaja actualmente este vecino, quien se\u00f1ala que hace quince d\u00edas, sin saber por qu\u00e9, fue visitado por la jefa de Rentas de la municipalidad, Margarita Guerra, quien le exigi\u00f3 que el carrito que con gran esfuerzo \u00e9l mismo hab\u00eda construido, fuese reducido a los metros autorizados, exigencia que \u00e9l cumpli\u00f3.<\/p>\n<p>Sin embargo, cuenta que nuevamente fue a visitarlo la funcionaria, quien le orden\u00f3 retirarse de ese lugar, so pretexto de tener reclamos contra \u00e9l por parte de la encargada de la Farmacia.<\/p>\n<p>\u201cYo fui a hablar con las encargadas de la farmacia y ellas me dijeron que nunca hab\u00edan reclamado. Tambi\u00e9n habl\u00e9 con la jefa de farmacias Salco en San Felipe, Isabel Mu\u00f1oz, quien fue muy gentil y respetuosa, y tambi\u00e9n me dijo lo mismo, que yo no entorpec\u00eda en nada la labor de la farmacia, al contrario, yo les sirvo para vigilar, porque en esa farmacia roban pr\u00e1cticamente todos los d\u00edas\u201d, asever\u00f3 V\u00edctor Osorio.<\/p>\n<p>Asegur\u00f3 el comerciante que su carrito ocupa muy poco espacio de la vereda, ya que habl\u00f3 con los encargados de parqu\u00edmetros para ocupar cerca de 40 cent\u00edmetros de calle, por lo que \u00e9l ayuda siempre para el estacionamiento de los veh\u00edculos.<\/p>\n<p>Si bien en los \u00faltimos d\u00edas V\u00edctor Osorio no ha recibido nuevas visitas de funcionarios del Departamento de Rentas, dice sentirse \u201cmuy presionado y preocupado\u201d.<\/p>\n<p>Esto, ya que explic\u00f3 que \u201cmi permiso para trabajar ac\u00e1 vence el 31 de diciembre y temo que por esto no me lo vayan a renovar\u201d.<\/p>\n<p>&nbsp;<\/p>\n<p><strong>VECINO DISCAPACITADO<\/strong><\/p>\n<p>V\u00edctor Osorio es un vecino que presenta un 70 por ciento de discapacidad. El informe m\u00e9dico que exhibi\u00f3 a Diario El Trabajo, indica que padece Diabetes Mellitus, cardiopat\u00eda coronaria, disminuci\u00f3n de agudeza visual, insuficiencia cardiaca y adem\u00e1s registra un antiguo infarto agudo al miocardio.<\/p>\n<p>Actualmente, este hombre debe tomar diazepan, por cuanto enfrenta un cuadro depresivo como resultado de estas situaciones que ha vivido \u00faltimamente y que lo han motivado a acercarse a hablar con el alcalde Patricio Freire.<\/p>\n<p>A esta autoridad precisamente, formul\u00f3 un llamado de auxilio para que le ayuden y no lo dejen sin trabajo, ya que si lo echan del lugar donde actualmente vende sus productos, no sabe qu\u00e9 har\u00e1.<\/p>\n<p>Al cierre de esta nota, Diario El Trabajo estaba a la espera de la respuesta del municipio en torno a este caso, comprometi\u00e9ndose la encargada de comunicaciones a entregar una versi\u00f3n sobre el tema en el m\u00e1s breve plazo posible, una vez que la encargada de Rentas le haga llegar toda la informaci\u00f3n sobre lo que acontece con don V\u00edctor.<\/p>\n<p>&nbsp;<\/p>\n<p><strong>MUNICIPIO RESPONDE<\/strong><\/p>\n<p>Consultado el Municipio sobre esta situaci\u00f3n, desde la Corporaci\u00f3n edilicia se inform\u00f3 que conscientes de la alta demanda de solicitudes que se reciben constantemente por obtener este tipo de permiso para instalarse en el sector c\u00e9ntrico de la comuna, el Alcalde Patricio Freire ha dispuesto la elaboraci\u00f3n de una propuesta de ordenanza municipal que tendr\u00e1 como objetivo organizar la situaci\u00f3n de los vendedores ambulantes en el sector c\u00e9ntrico, teniendo como criterio ir en ayuda de las personas que solicitan estos permisos y que sean entregados a quienes realmente lo necesitan.<\/p>\n<p>Adem\u00e1s el municipio realizar\u00e1 un an\u00e1lisis para establecer que los puestos que son autorizados para funcionar sean efectivamente utilizados por quienes solicitan ese permiso, y en el caso de no ser as\u00ed se eliminar\u00e1 esa autorizaci\u00f3n, para ser destinado a quienes efectivamente lo necesitan.<\/p>\n<p>&nbsp;<\/p>\n<p>&nbsp;<\/p>\n","protected":false},"excerpt":{"rendered":"<p>Con sus papeles al d\u00eda, que dan cuenta del pago oportuno de los permisos para trabajar con su carrito de productos en la calle, as\u00ed como tambi\u00e9n con sus documentos m\u00e9dicos que&#8230;<\/p>\n","protected":false},"author":482,"featured_media":40781,"comment_status":"open","ping_status":"closed","sticky":false,"template":"","format":"standard","meta":{"advanced_seo_description":"","jetpack_seo_html_title":"","jetpack_seo_noindex":false,"_jetpack_memberships_contains_paid_content":false,"footnotes":""},"categories":[15],"tags":[],"class_list":["post-40780","post","type-post","status-publish","format-standard","has-post-thumbnail","hentry","category-comunidad"],"jetpack_featured_media_url":"https:\/\/i0.wp.com\/eltrabajo.cl\/portal\/wp-content\/uploads\/2013\/12\/Comerciante-victor-osorio.jpg?fit=529%2C628&ssl=1","jetpack_sharing_enabled":true,"jetpack_likes_enabled":true,"jetpack-related-posts":[],"_links":{"self":[{"href":"https:\/\/eltrabajo.cl\/portal\/wp-json\/wp\/v2\/posts\/40780","targetHints":{"allow":["GET"]}}],"collection":[{"href":"https:\/\/eltrabajo.cl\/portal\/wp-json\/wp\/v2\/posts"}],"about":[{"href":"https:\/\/eltrabajo.cl\/portal\/wp-json\/wp\/v2\/types\/post"}],"author":[{"embeddable":true,"href":"https:\/\/eltrabajo.cl\/portal\/wp-json\/wp\/v2\/users\/482"}],"replies":[{"embeddable":true,"href":"https:\/\/eltrabajo.cl\/portal\/wp-json\/wp\/v2\/comments?post=40780"}],"version-history":[{"count":0,"href":"https:\/\/eltrabajo.cl\/portal\/wp-json\/wp\/v2\/posts\/40780\/revisions"}],"wp:featuredmedia":[{"embeddable":true,"href":"https:\/\/eltrabajo.cl\/portal\/wp-json\/wp\/v2\/media\/40781"}],"wp:attachment":[{"href":"https:\/\/eltrabajo.cl\/portal\/wp-json\/wp\/v2\/media?parent=40780"}],"wp:term":[{"taxonomy":"category","embeddable":true,"href":"https:\/\/eltrabajo.cl\/portal\/wp-json\/wp\/v2\/categories?post=40780"},{"taxonomy":"post_tag","embeddable":true,"href":"https:\/\/eltrabajo.cl\/portal\/wp-json\/wp\/v2\/tags?post=40780"}],"curies":[{"name":"wp","href":"https:\/\/api.w.org\/{rel}","templated":true}]}}