{"id":40784,"date":"2013-12-17T09:46:13","date_gmt":"2013-12-17T12:46:13","guid":{"rendered":"http:\/\/www.eltrabajo.cl\/portal\/?p=40784"},"modified":"2013-12-17T09:46:13","modified_gmt":"2013-12-17T12:46:13","slug":"cuerpo-de-mujer-fallecida-en-incendio-presentaba-quemaduras-en-su-cuerpo","status":"publish","type":"post","link":"https:\/\/eltrabajo.cl\/portal\/cuerpo-de-mujer-fallecida-en-incendio-presentaba-quemaduras-en-su-cuerpo\/","title":{"rendered":"Cuerpo de mujer fallecida en incendio presentaba quemaduras en su cuerpo"},"content":{"rendered":"<figure id=\"attachment_40785\" aria-describedby=\"caption-attachment-40785\" style=\"width: 528px\" class=\"wp-caption alignnone\"><a href=\"https:\/\/i0.wp.com\/www.eltrabajo.cl\/portal\/wp-content\/uploads\/2013\/12\/rancagua-tortul5.jpg\"><img data-recalc-dims=\"1\" loading=\"lazy\" decoding=\"async\" class=\"size-full wp-image-40785\" title=\"Personal del Laboratorio de Criminal\u00edstica de la PDI realiz\u00f3 peritajes en el lugar para determinar el origen del incendio.\" alt=\"Personal del Laboratorio de Criminal\u00edstica de la PDI realiz\u00f3 peritajes en el lugar para determinar el origen del incendio.\" src=\"https:\/\/i0.wp.com\/www.eltrabajo.cl\/portal\/wp-content\/uploads\/2013\/12\/rancagua-tortul5.jpg?resize=528%2C397\" width=\"528\" height=\"397\" srcset=\"https:\/\/i0.wp.com\/eltrabajo.cl\/portal\/wp-content\/uploads\/2013\/12\/rancagua-tortul5.jpg?w=528&amp;ssl=1 528w, https:\/\/i0.wp.com\/eltrabajo.cl\/portal\/wp-content\/uploads\/2013\/12\/rancagua-tortul5.jpg?resize=200%2C150&amp;ssl=1 200w, https:\/\/i0.wp.com\/eltrabajo.cl\/portal\/wp-content\/uploads\/2013\/12\/rancagua-tortul5.jpg?resize=300%2C225&amp;ssl=1 300w, https:\/\/i0.wp.com\/eltrabajo.cl\/portal\/wp-content\/uploads\/2013\/12\/rancagua-tortul5.jpg?resize=150%2C112&amp;ssl=1 150w, https:\/\/i0.wp.com\/eltrabajo.cl\/portal\/wp-content\/uploads\/2013\/12\/rancagua-tortul5.jpg?resize=400%2C300&amp;ssl=1 400w\" sizes=\"auto, (max-width: 528px) 100vw, 528px\" \/><\/a><figcaption id=\"caption-attachment-40785\" class=\"wp-caption-text\">Personal del Laboratorio de Criminal\u00edstica de la PDI realiz\u00f3 peritajes en el lugar para determinar el origen del incendio.<\/figcaption><\/figure>\n<ul>\n<li><strong>No obstante, la causa oficial de su deceso establecida por el SML fue de asfixia por aspiraci\u00f3n de mon\u00f3xido de carbono<\/strong><\/li>\n<\/ul>\n<p><strong>LOS ANDES<\/strong>.- La autopsia efectuada por el Servicio M\u00e9dico legal de San Felipe estableci\u00f3 como causa de muerte de la due\u00f1a de casa, Marcia Aravena Ramos, el de asfixia por aspiraci\u00f3n de mon\u00f3xido de carbono.<\/p>\n<p>Las pericias tambi\u00e9n arrojaron que el cuerpo presentaba algunas quemaduras provocadas con posterioridad a su deceso.<\/p>\n<p>Como se recordar\u00e1, el cuerpo de la mujer fue encontrado en el interior de un ba\u00f1o en el incendio que afect\u00f3 su casa ubicada en calle Rancagua N\u00ba 674 la tarde del s\u00e1bado y del cual salvaron con vida e ilesos su esposo Joel Jaque y su hija de 15 a\u00f1os.<\/p>\n<p>Sin embargo, por existir dudas acerca de la ocurrencia de los hechos, el fiscal a cargo del caso, Alberto Gertosio, orden\u00f3 la concurrencia de peritos del Laboratorio de Criminal\u00edstica de Santiago de la PDI a fin de llevar adelante diligencias en el inmueble.<\/p>\n<p>El Jefe de la Brigada de Homicidios de la PDI de Los Andes, Comisario Carlos Alegr\u00eda, indic\u00f3 que el d\u00eda domingo se hicieron presentes en el inmueble peritos el\u00e9ctricos, mec\u00e1nicos y qu\u00edmicos a fin de analizar el sitio del suceso y establecer el origen del fuego para remitir a la brevedad posible los antecedentes a la fiscal\u00eda.<\/p>\n<p>El oficial dijo que se tomaron muestras para establecer la presencia de alg\u00fan elemento acelerante que haya permitido iniciar el fuego en las dependencias interiores.<\/p>\n<p>Agreg\u00f3 que se tom\u00f3 declaraci\u00f3n al esposo y resto de la familia respecto a los antecedentes psiqui\u00e1tricos que tendr\u00eda la v\u00edctima y que podr\u00edan tener relaci\u00f3n con el origen del fuego.<\/p>\n<p>&nbsp;<\/p>\n","protected":false},"excerpt":{"rendered":"<p>No obstante, la causa oficial de su deceso establecida por el SML fue de asfixia por aspiraci\u00f3n de mon\u00f3xido de carbono LOS ANDES.- La autopsia efectuada por el Servicio M\u00e9dico legal de&#8230;<\/p>\n","protected":false},"author":482,"featured_media":40785,"comment_status":"open","ping_status":"closed","sticky":false,"template":"","format":"standard","meta":{"advanced_seo_description":"","jetpack_seo_html_title":"","jetpack_seo_noindex":false,"_jetpack_memberships_contains_paid_content":false,"footnotes":""},"categories":[21],"tags":[],"class_list":["post-40784","post","type-post","status-publish","format-standard","has-post-thumbnail","hentry","category-policial"],"jetpack_featured_media_url":"https:\/\/i0.wp.com\/eltrabajo.cl\/portal\/wp-content\/uploads\/2013\/12\/rancagua-tortul5.jpg?fit=528%2C397&ssl=1","jetpack_sharing_enabled":true,"jetpack_likes_enabled":true,"jetpack-related-posts":[],"_links":{"self":[{"href":"https:\/\/eltrabajo.cl\/portal\/wp-json\/wp\/v2\/posts\/40784","targetHints":{"allow":["GET"]}}],"collection":[{"href":"https:\/\/eltrabajo.cl\/portal\/wp-json\/wp\/v2\/posts"}],"about":[{"href":"https:\/\/eltrabajo.cl\/portal\/wp-json\/wp\/v2\/types\/post"}],"author":[{"embeddable":true,"href":"https:\/\/eltrabajo.cl\/portal\/wp-json\/wp\/v2\/users\/482"}],"replies":[{"embeddable":true,"href":"https:\/\/eltrabajo.cl\/portal\/wp-json\/wp\/v2\/comments?post=40784"}],"version-history":[{"count":0,"href":"https:\/\/eltrabajo.cl\/portal\/wp-json\/wp\/v2\/posts\/40784\/revisions"}],"wp:featuredmedia":[{"embeddable":true,"href":"https:\/\/eltrabajo.cl\/portal\/wp-json\/wp\/v2\/media\/40785"}],"wp:attachment":[{"href":"https:\/\/eltrabajo.cl\/portal\/wp-json\/wp\/v2\/media?parent=40784"}],"wp:term":[{"taxonomy":"category","embeddable":true,"href":"https:\/\/eltrabajo.cl\/portal\/wp-json\/wp\/v2\/categories?post=40784"},{"taxonomy":"post_tag","embeddable":true,"href":"https:\/\/eltrabajo.cl\/portal\/wp-json\/wp\/v2\/tags?post=40784"}],"curies":[{"name":"wp","href":"https:\/\/api.w.org\/{rel}","templated":true}]}}