{"id":40801,"date":"2013-12-18T09:26:34","date_gmt":"2013-12-18T12:26:34","guid":{"rendered":"http:\/\/www.eltrabajo.cl\/portal\/?p=40801"},"modified":"2013-12-18T09:26:34","modified_gmt":"2013-12-18T12:26:34","slug":"cruz-roja-de-chile-celebra-sus-110-anos-de-existencia-en-el-pais","status":"publish","type":"post","link":"https:\/\/eltrabajo.cl\/portal\/cruz-roja-de-chile-celebra-sus-110-anos-de-existencia-en-el-pais\/","title":{"rendered":"Cruz Roja de Chile celebra sus 110 a\u00f1os de existencia en el pa\u00eds"},"content":{"rendered":"<figure id=\"attachment_40802\" aria-describedby=\"caption-attachment-40802\" style=\"width: 529px\" class=\"wp-caption alignnone\"><a href=\"https:\/\/i0.wp.com\/www.eltrabajo.cl\/portal\/wp-content\/uploads\/2013\/12\/CruzRoja1.jpg\"><img data-recalc-dims=\"1\" loading=\"lazy\" decoding=\"async\" class=\"size-full wp-image-40802\" title=\"DE ANIVERSARIO.- Ellos son voluntarias de la Cruz Roja de Chile y miembros de la sede San Felipe, quienes celebran estos 110 a\u00f1os de existencia de la instituci\u00f3n en compa\u00f1\u00eda de los Adultos Mayores del Centro Integral.\" alt=\"DE ANIVERSARIO.- Ellos son voluntarias de la Cruz Roja de Chile y miembros de la sede San Felipe, quienes celebran estos 110 a\u00f1os de existencia de la instituci\u00f3n en compa\u00f1\u00eda de los Adultos Mayores del Centro Integral.\" src=\"https:\/\/i0.wp.com\/www.eltrabajo.cl\/portal\/wp-content\/uploads\/2013\/12\/CruzRoja1.jpg?resize=529%2C364\" width=\"529\" height=\"364\" srcset=\"https:\/\/i0.wp.com\/eltrabajo.cl\/portal\/wp-content\/uploads\/2013\/12\/CruzRoja1.jpg?w=529&amp;ssl=1 529w, https:\/\/i0.wp.com\/eltrabajo.cl\/portal\/wp-content\/uploads\/2013\/12\/CruzRoja1.jpg?resize=200%2C137&amp;ssl=1 200w, https:\/\/i0.wp.com\/eltrabajo.cl\/portal\/wp-content\/uploads\/2013\/12\/CruzRoja1.jpg?resize=300%2C206&amp;ssl=1 300w, https:\/\/i0.wp.com\/eltrabajo.cl\/portal\/wp-content\/uploads\/2013\/12\/CruzRoja1.jpg?resize=150%2C103&amp;ssl=1 150w, https:\/\/i0.wp.com\/eltrabajo.cl\/portal\/wp-content\/uploads\/2013\/12\/CruzRoja1.jpg?resize=400%2C275&amp;ssl=1 400w\" sizes=\"auto, (max-width: 529px) 100vw, 529px\" \/><\/a><figcaption id=\"caption-attachment-40802\" class=\"wp-caption-text\">DE ANIVERSARIO.- Ellos son voluntarias de la Cruz Roja de Chile y miembros de la sede San Felipe, quienes celebran estos 110 a\u00f1os de existencia de la instituci\u00f3n en compa\u00f1\u00eda de los Adultos Mayores del Centro Integral.<\/figcaption><\/figure>\n<p>Hoy mi\u00e9rcoles se celebra en todo nuestro pa\u00eds, los 110 a\u00f1os de existencia de la Cruz Roja Chilena, que es una instituci\u00f3n esencialmente voluntaria, aut\u00f3noma e independiente tanto en el orden pol\u00edtico, administrativo y religioso.<\/p>\n<p>En San Felipe tambi\u00e9n nuestra sede provincial est\u00e1 realizando actividades conmemorativas a estas once d\u00e9cadas de servicio voluntario y aporte a la sociedad.<\/p>\n<p>Fue fundada el 18 de diciembre de 1903 en la austral ciudad de Punta Arenas, como \u201cCuerpo de Salvavidas y Guardias de Propiedad\u201d, por iniciativa de Vittorio Cuccuini Nannelli, de nacionalidad italiana. All\u00ed, junto a un grupo de chilenos e inmigrantes de diferentes nacionalidades, crearon lo que m\u00e1s tarde ser\u00eda la Cruz Roja Chilena.<\/p>\n<p>Las c\u00e1maras de Diario El Trabajo registraron los momentos en que 30 Adultos Mayores de San Felipe, que reciben atenci\u00f3n en el Centro Integral de la Cruz Roja en nuestra ciudad, disfrutaban en camarader\u00eda esta fecha tan especial.<\/p>\n<p>&nbsp;<\/p>\n","protected":false},"excerpt":{"rendered":"<p>Hoy mi\u00e9rcoles se celebra en todo nuestro pa\u00eds, los 110 a\u00f1os de existencia de la Cruz Roja Chilena, que es una instituci\u00f3n esencialmente voluntaria, aut\u00f3noma e independiente tanto en el orden pol\u00edtico,&#8230;<\/p>\n","protected":false},"author":482,"featured_media":40802,"comment_status":"open","ping_status":"closed","sticky":false,"template":"","format":"standard","meta":{"advanced_seo_description":"","jetpack_seo_html_title":"","jetpack_seo_noindex":false,"_jetpack_memberships_contains_paid_content":false,"footnotes":""},"categories":[15],"tags":[],"class_list":["post-40801","post","type-post","status-publish","format-standard","has-post-thumbnail","hentry","category-comunidad"],"jetpack_featured_media_url":"https:\/\/i0.wp.com\/eltrabajo.cl\/portal\/wp-content\/uploads\/2013\/12\/CruzRoja1.jpg?fit=529%2C364&ssl=1","jetpack_sharing_enabled":true,"jetpack_likes_enabled":true,"jetpack-related-posts":[],"_links":{"self":[{"href":"https:\/\/eltrabajo.cl\/portal\/wp-json\/wp\/v2\/posts\/40801","targetHints":{"allow":["GET"]}}],"collection":[{"href":"https:\/\/eltrabajo.cl\/portal\/wp-json\/wp\/v2\/posts"}],"about":[{"href":"https:\/\/eltrabajo.cl\/portal\/wp-json\/wp\/v2\/types\/post"}],"author":[{"embeddable":true,"href":"https:\/\/eltrabajo.cl\/portal\/wp-json\/wp\/v2\/users\/482"}],"replies":[{"embeddable":true,"href":"https:\/\/eltrabajo.cl\/portal\/wp-json\/wp\/v2\/comments?post=40801"}],"version-history":[{"count":0,"href":"https:\/\/eltrabajo.cl\/portal\/wp-json\/wp\/v2\/posts\/40801\/revisions"}],"wp:featuredmedia":[{"embeddable":true,"href":"https:\/\/eltrabajo.cl\/portal\/wp-json\/wp\/v2\/media\/40802"}],"wp:attachment":[{"href":"https:\/\/eltrabajo.cl\/portal\/wp-json\/wp\/v2\/media?parent=40801"}],"wp:term":[{"taxonomy":"category","embeddable":true,"href":"https:\/\/eltrabajo.cl\/portal\/wp-json\/wp\/v2\/categories?post=40801"},{"taxonomy":"post_tag","embeddable":true,"href":"https:\/\/eltrabajo.cl\/portal\/wp-json\/wp\/v2\/tags?post=40801"}],"curies":[{"name":"wp","href":"https:\/\/api.w.org\/{rel}","templated":true}]}}