{"id":40804,"date":"2013-12-18T09:32:30","date_gmt":"2013-12-18T12:32:30","guid":{"rendered":"http:\/\/www.eltrabajo.cl\/portal\/?p=40804"},"modified":"2013-12-18T09:32:30","modified_gmt":"2013-12-18T12:32:30","slug":"centro-cultural-de-putaendo-contiene-10-000-anos-de-historia","status":"publish","type":"post","link":"https:\/\/eltrabajo.cl\/portal\/centro-cultural-de-putaendo-contiene-10-000-anos-de-historia\/","title":{"rendered":"Centro Cultural de Putaendo contiene 10.000 a\u00f1os de historia"},"content":{"rendered":"<figure id=\"attachment_40805\" aria-describedby=\"caption-attachment-40805\" style=\"width: 529px\" class=\"wp-caption alignnone\"><a href=\"https:\/\/i0.wp.com\/www.eltrabajo.cl\/portal\/wp-content\/uploads\/2013\/12\/Patrick-Vyvyan.jpg\"><img data-recalc-dims=\"1\" loading=\"lazy\" decoding=\"async\" class=\"size-full wp-image-40805\" title=\"\u00a1WAO!.- El ingl\u00e9s Patrick Vyvyan, miembro del Directorio de la Corporaci\u00f3n Cultural de Derecho Privado de Putaendo, muestra a Diario El Trabajo algunas de las reliquias existentes en el Museo de Prehistoria.\" alt=\"\u00a1WAO!.- El ingl\u00e9s Patrick Vyvyan, miembro del Directorio de la Corporaci\u00f3n Cultural de Derecho Privado de Putaendo, muestra a Diario El Trabajo algunas de las reliquias existentes en el Museo de Prehistoria.\" src=\"https:\/\/i0.wp.com\/www.eltrabajo.cl\/portal\/wp-content\/uploads\/2013\/12\/Patrick-Vyvyan.jpg?resize=529%2C381\" width=\"529\" height=\"381\" srcset=\"https:\/\/i0.wp.com\/eltrabajo.cl\/portal\/wp-content\/uploads\/2013\/12\/Patrick-Vyvyan.jpg?w=529&amp;ssl=1 529w, https:\/\/i0.wp.com\/eltrabajo.cl\/portal\/wp-content\/uploads\/2013\/12\/Patrick-Vyvyan.jpg?resize=200%2C144&amp;ssl=1 200w, https:\/\/i0.wp.com\/eltrabajo.cl\/portal\/wp-content\/uploads\/2013\/12\/Patrick-Vyvyan.jpg?resize=300%2C216&amp;ssl=1 300w, https:\/\/i0.wp.com\/eltrabajo.cl\/portal\/wp-content\/uploads\/2013\/12\/Patrick-Vyvyan.jpg?resize=150%2C108&amp;ssl=1 150w, https:\/\/i0.wp.com\/eltrabajo.cl\/portal\/wp-content\/uploads\/2013\/12\/Patrick-Vyvyan.jpg?resize=400%2C288&amp;ssl=1 400w\" sizes=\"auto, (max-width: 529px) 100vw, 529px\" \/><\/a><figcaption id=\"caption-attachment-40805\" class=\"wp-caption-text\">\u00a1WAO!.- El ingl\u00e9s Patrick Vyvyan, miembro del Directorio de la Corporaci\u00f3n Cultural de Derecho Privado de Putaendo, muestra a Diario El Trabajo algunas de las reliquias existentes en el Museo de Prehistoria.<\/figcaption><\/figure>\n<p>PUTAENDO.- \u00bfNos podemos imaginar una estampida de mamuts por el centro de Santiago? Posiblemente s\u00f3lo en una pel\u00edcula de Steven Spielberg sea posible verlos, sin embargo, es muy probable que hace unos 10.000 a\u00f1os en nuestro pa\u00eds estos gigantescos paquidermos s\u00ed existieron y caminaron en Chile como parte de las especies que en ese momento gobernaban el planeta.<\/p>\n<figure id=\"attachment_40806\" aria-describedby=\"caption-attachment-40806\" style=\"width: 423px\" class=\"wp-caption alignright\"><a href=\"https:\/\/i0.wp.com\/www.eltrabajo.cl\/portal\/wp-content\/uploads\/2013\/12\/Nancy-Arevalo.jpg\"><img data-recalc-dims=\"1\" loading=\"lazy\" decoding=\"async\" class=\" wp-image-40806 \" title=\"RELIGIOSO.- Nancy Ar\u00e9valo, del Centro Cultural de Putaendo, muestra algunos art\u00edculos muy antiguos del Museo Hist\u00f3rico Religioso.\" alt=\"RELIGIOSO.- Nancy Ar\u00e9valo, del Centro Cultural de Putaendo, muestra algunos art\u00edculos muy antiguos del Museo Hist\u00f3rico Religioso.\" src=\"https:\/\/i0.wp.com\/www.eltrabajo.cl\/portal\/wp-content\/uploads\/2013\/12\/Nancy-Arevalo.jpg?resize=423%2C326\" width=\"423\" height=\"326\" srcset=\"https:\/\/i0.wp.com\/eltrabajo.cl\/portal\/wp-content\/uploads\/2013\/12\/Nancy-Arevalo.jpg?w=529&amp;ssl=1 529w, https:\/\/i0.wp.com\/eltrabajo.cl\/portal\/wp-content\/uploads\/2013\/12\/Nancy-Arevalo.jpg?resize=194%2C150&amp;ssl=1 194w, https:\/\/i0.wp.com\/eltrabajo.cl\/portal\/wp-content\/uploads\/2013\/12\/Nancy-Arevalo.jpg?resize=300%2C230&amp;ssl=1 300w, https:\/\/i0.wp.com\/eltrabajo.cl\/portal\/wp-content\/uploads\/2013\/12\/Nancy-Arevalo.jpg?resize=150%2C115&amp;ssl=1 150w, https:\/\/i0.wp.com\/eltrabajo.cl\/portal\/wp-content\/uploads\/2013\/12\/Nancy-Arevalo.jpg?resize=400%2C307&amp;ssl=1 400w\" sizes=\"auto, (max-width: 423px) 100vw, 423px\" \/><\/a><figcaption id=\"caption-attachment-40806\" class=\"wp-caption-text\">RELIGIOSO.- Nancy Ar\u00e9valo, del Centro Cultural de Putaendo, muestra algunos art\u00edculos muy antiguos del Museo Hist\u00f3rico Religioso.<\/figcaption><\/figure>\n<p>Es sobre esta clase de sorprendentes datos y tambi\u00e9n sobre el aspecto religioso y literario, as\u00ed como el social de nuestro pa\u00eds, de lo que trata el recorrido al interior del Centro Cultural de Putaendo, fundado en 1995 y administrado por la Corporaci\u00f3n Cultural de Derecho Privado de Putaendo.<\/p>\n<p>&nbsp;<\/p>\n<p><strong>UN VIAJE POR\u00a0LA HISTORIA<\/strong><\/p>\n<p>Es por sus valiosas propuestas hist\u00f3rico-culturales y art\u00edsticas, que las c\u00e1maras de Diario El Trabajo viajaron a esa comuna para hablar con el presidente de la instituci\u00f3n, el Profesor de Bot\u00e1nica de la UAC, Bernardo Parra Leiva.<\/p>\n<figure id=\"attachment_40809\" aria-describedby=\"caption-attachment-40809\" style=\"width: 190px\" class=\"wp-caption alignleft\"><a href=\"https:\/\/i0.wp.com\/www.eltrabajo.cl\/portal\/wp-content\/uploads\/2013\/12\/Bernardo-Parra.jpg\"><img data-recalc-dims=\"1\" loading=\"lazy\" decoding=\"async\" class=\" wp-image-40809  \" title=\"Presidente del Centro Cultural de Putaendo, el Profesor de Bot\u00e1nica de la UAC, Bernardo Parra Leiva.\" alt=\"Presidente del Centro Cultural de Putaendo, el Profesor de Bot\u00e1nica de la UAC, Bernardo Parra Leiva.\" src=\"https:\/\/i0.wp.com\/www.eltrabajo.cl\/portal\/wp-content\/uploads\/2013\/12\/Bernardo-Parra.jpg?resize=190%2C194\" width=\"190\" height=\"194\" srcset=\"https:\/\/i0.wp.com\/eltrabajo.cl\/portal\/wp-content\/uploads\/2013\/12\/Bernardo-Parra.jpg?w=529&amp;ssl=1 529w, https:\/\/i0.wp.com\/eltrabajo.cl\/portal\/wp-content\/uploads\/2013\/12\/Bernardo-Parra.jpg?resize=146%2C150&amp;ssl=1 146w, https:\/\/i0.wp.com\/eltrabajo.cl\/portal\/wp-content\/uploads\/2013\/12\/Bernardo-Parra.jpg?resize=293%2C300&amp;ssl=1 293w, https:\/\/i0.wp.com\/eltrabajo.cl\/portal\/wp-content\/uploads\/2013\/12\/Bernardo-Parra.jpg?resize=400%2C408&amp;ssl=1 400w\" sizes=\"auto, (max-width: 190px) 100vw, 190px\" \/><\/a><figcaption id=\"caption-attachment-40809\" class=\"wp-caption-text\">Presidente del Centro Cultural de Putaendo, el Profesor de Bot\u00e1nica de la UAC, Bernardo Parra Leiva.<\/figcaption><\/figure>\n<p><strong>&#8211; \u00bfQu\u00e9 clase de propuestas ofrecen estos museos?<\/strong><\/p>\n<p>&#8211; \u00abSon muy variadas las propuestas en nuestros museos, contamos con el Museo Prehist\u00f3rico, en el que presentamos utensilios y afiches muy antiqu\u00edsimos, cer\u00e1micas, piedras para moler semillas y petroglifos, de los que hay miles en nuestro valle, pero de los que tambi\u00e9n la gente sabe muy poco\u00bb.<\/p>\n<figure id=\"attachment_40807\" aria-describedby=\"caption-attachment-40807\" style=\"width: 423px\" class=\"wp-caption alignleft\"><a href=\"https:\/\/i0.wp.com\/www.eltrabajo.cl\/portal\/wp-content\/uploads\/2013\/12\/Museo-escritor.jpg\"><img data-recalc-dims=\"1\" loading=\"lazy\" decoding=\"async\" class=\" wp-image-40807 \" title=\"COLECCI\u00d3N \u00daNICA.- Nancy Ar\u00e9valo y el mismo Bernardo Parra muestran a nuestras c\u00e1maras parte de los dibujos creados por el gran pintor putaendino Pedro Lobos.\" alt=\"COLECCI\u00d3N \u00daNICA.- Nancy Ar\u00e9valo y el mismo Bernardo Parra muestran a nuestras c\u00e1maras parte de los dibujos creados por el gran pintor putaendino Pedro Lobos.\" src=\"https:\/\/i0.wp.com\/www.eltrabajo.cl\/portal\/wp-content\/uploads\/2013\/12\/Museo-escritor.jpg?resize=423%2C281\" width=\"423\" height=\"281\" srcset=\"https:\/\/i0.wp.com\/eltrabajo.cl\/portal\/wp-content\/uploads\/2013\/12\/Museo-escritor.jpg?w=529&amp;ssl=1 529w, https:\/\/i0.wp.com\/eltrabajo.cl\/portal\/wp-content\/uploads\/2013\/12\/Museo-escritor.jpg?resize=200%2C132&amp;ssl=1 200w, https:\/\/i0.wp.com\/eltrabajo.cl\/portal\/wp-content\/uploads\/2013\/12\/Museo-escritor.jpg?resize=300%2C199&amp;ssl=1 300w, https:\/\/i0.wp.com\/eltrabajo.cl\/portal\/wp-content\/uploads\/2013\/12\/Museo-escritor.jpg?resize=150%2C99&amp;ssl=1 150w, https:\/\/i0.wp.com\/eltrabajo.cl\/portal\/wp-content\/uploads\/2013\/12\/Museo-escritor.jpg?resize=400%2C265&amp;ssl=1 400w\" sizes=\"auto, (max-width: 423px) 100vw, 423px\" \/><\/a><figcaption id=\"caption-attachment-40807\" class=\"wp-caption-text\">COLECCI\u00d3N \u00daNICA.- Nancy Ar\u00e9valo y el mismo Bernardo Parra muestran a nuestras c\u00e1maras parte de los dibujos creados por el gran pintor putaendino Pedro Lobos.<\/figcaption><\/figure>\n<p><strong>&#8211; \u00bfLa Religi\u00f3n tambi\u00e9n est\u00e1 contemplada en las propuestas?<\/strong><\/p>\n<p>&#8211; \u00abTenemos tambi\u00e9n el Museo Hist\u00f3rico Religioso, mismo que ofrece tres siglos de historia, hay biblias antiguas escritas en lat\u00edn y tambi\u00e9n indumentaria religiosa que se usaba antes del Concilio Vaticano II y algunas otras cosas\u00bb.<\/p>\n<p><strong>&#8211; \u00bfC\u00f3mo est\u00e1n ustedes en materia de libros?<\/strong><\/p>\n<p>&#8211; \u00abTenemos una biblioteca, en la que disponemos de m\u00e1s de 3.000 libros y equipo de c\u00f3mputo, tambi\u00e9n tenemos una exposici\u00f3n permanente y \u00fanica del gran escritor Pedro Lobo Galdames, tenemos una colecci\u00f3n de sus dibujos, tanto r\u00e9plicas como algunos originales\u00bb.<\/p>\n<p><strong>&#8211; \u00bfHay otras cosas para completar el viaje?<\/strong><\/p>\n<p>&#8211; \u00abClaro que hay otras cosas para disfrutar en nuestros museos, hay Numism\u00e1tica nacional, tanto en monedas y billetes, espadas e indumentaria militar del Siglo XVIII, tambi\u00e9n presentamos regularmente los trabajos de nuestros artistas locales y regionales durante el a\u00f1o\u00bb.<\/p>\n<figure id=\"attachment_40808\" aria-describedby=\"caption-attachment-40808\" style=\"width: 422px\" class=\"wp-caption alignright\"><a href=\"https:\/\/i0.wp.com\/www.eltrabajo.cl\/portal\/wp-content\/uploads\/2013\/12\/Escolares1.jpg\"><img data-recalc-dims=\"1\" loading=\"lazy\" decoding=\"async\" class=\" wp-image-40808 \" title=\"CHARLA.- Semanalmente estudiantes de todo el valle visitan los museos en O\u2019Higgins N\u00ba35 en Putaendo, antes de pasar a las salas, ellos reciben una charla sobre lo que ver\u00e1n en el recorrido.\" alt=\"CHARLA.- Semanalmente estudiantes de todo el valle visitan los museos en O\u2019Higgins N\u00ba35 en Putaendo, antes de pasar a las salas, ellos reciben una charla sobre lo que ver\u00e1n en el recorrido.\" src=\"https:\/\/i0.wp.com\/www.eltrabajo.cl\/portal\/wp-content\/uploads\/2013\/12\/Escolares1.jpg?resize=422%2C266\" width=\"422\" height=\"266\" srcset=\"https:\/\/i0.wp.com\/eltrabajo.cl\/portal\/wp-content\/uploads\/2013\/12\/Escolares1.jpg?w=528&amp;ssl=1 528w, https:\/\/i0.wp.com\/eltrabajo.cl\/portal\/wp-content\/uploads\/2013\/12\/Escolares1.jpg?resize=200%2C126&amp;ssl=1 200w, https:\/\/i0.wp.com\/eltrabajo.cl\/portal\/wp-content\/uploads\/2013\/12\/Escolares1.jpg?resize=300%2C189&amp;ssl=1 300w, https:\/\/i0.wp.com\/eltrabajo.cl\/portal\/wp-content\/uploads\/2013\/12\/Escolares1.jpg?resize=150%2C94&amp;ssl=1 150w, https:\/\/i0.wp.com\/eltrabajo.cl\/portal\/wp-content\/uploads\/2013\/12\/Escolares1.jpg?resize=400%2C252&amp;ssl=1 400w\" sizes=\"auto, (max-width: 422px) 100vw, 422px\" \/><\/a><figcaption id=\"caption-attachment-40808\" class=\"wp-caption-text\">CHARLA.- Semanalmente estudiantes de todo el valle visitan los museos en O\u2019Higgins N\u00ba35 en Putaendo, antes de pasar a las salas, ellos reciben una charla sobre lo que ver\u00e1n en el recorrido.<\/figcaption><\/figure>\n<p><strong>&#8211; \u00bfC\u00f3mo se viene financiando este centro cultural?<\/strong><\/p>\n<p>&#8211; \u00abNos sostenemos gracias a una subvenci\u00f3n anual municipal de $3.000.000; el aporte de $1.500 cada dos a\u00f1os de los socios del Club de Lectores de nuestra biblioteca; la cuota de $500 mensuales de los 60 socios, adem\u00e1s rentamos un sal\u00f3n de actividades que nos genera tambi\u00e9n algunas entradas econ\u00f3micas y tambi\u00e9n los recursos que ingresan como parte de los proyectos Gore y Fondos de Cultura entre otros\u00bb.<\/p>\n<p>Bernardo Parra Leiva ha escrito varios libros, algunos como \u2018Historia de Putaendo en C\u00f3mics\u2019, que desarrolla actualmente en coordinaci\u00f3n con el joven dibujante putaendino, Israel Ibaceta, \u2018\u00bfCu\u00e1nto sabes de la historia de Putaendo?\u2019, \u2018Putaendo el primer pueblo libre de Chile\u2019 y \u2018Conocimiento y protecci\u00f3n de la biodiversidad del valle de Putaendo\u2019.<\/p>\n<p>Roberto Gonz\u00e1lez Short<\/p>\n<p>rgonzalez@eltrabajo.cl<\/p>\n<p>&nbsp;<\/p>\n","protected":false},"excerpt":{"rendered":"<p>PUTAENDO.- \u00bfNos podemos imaginar una estampida de mamuts por el centro de Santiago? Posiblemente s\u00f3lo en una pel\u00edcula de Steven Spielberg sea posible verlos, sin embargo, es muy probable que hace unos&#8230;<\/p>\n","protected":false},"author":482,"featured_media":40805,"comment_status":"open","ping_status":"closed","sticky":false,"template":"","format":"standard","meta":{"advanced_seo_description":"","jetpack_seo_html_title":"","jetpack_seo_noindex":false,"_jetpack_memberships_contains_paid_content":false,"footnotes":""},"categories":[15],"tags":[],"class_list":["post-40804","post","type-post","status-publish","format-standard","has-post-thumbnail","hentry","category-comunidad"],"jetpack_featured_media_url":"https:\/\/i0.wp.com\/eltrabajo.cl\/portal\/wp-content\/uploads\/2013\/12\/Patrick-Vyvyan.jpg?fit=529%2C381&ssl=1","jetpack_sharing_enabled":true,"jetpack_likes_enabled":true,"jetpack-related-posts":[],"_links":{"self":[{"href":"https:\/\/eltrabajo.cl\/portal\/wp-json\/wp\/v2\/posts\/40804","targetHints":{"allow":["GET"]}}],"collection":[{"href":"https:\/\/eltrabajo.cl\/portal\/wp-json\/wp\/v2\/posts"}],"about":[{"href":"https:\/\/eltrabajo.cl\/portal\/wp-json\/wp\/v2\/types\/post"}],"author":[{"embeddable":true,"href":"https:\/\/eltrabajo.cl\/portal\/wp-json\/wp\/v2\/users\/482"}],"replies":[{"embeddable":true,"href":"https:\/\/eltrabajo.cl\/portal\/wp-json\/wp\/v2\/comments?post=40804"}],"version-history":[{"count":0,"href":"https:\/\/eltrabajo.cl\/portal\/wp-json\/wp\/v2\/posts\/40804\/revisions"}],"wp:featuredmedia":[{"embeddable":true,"href":"https:\/\/eltrabajo.cl\/portal\/wp-json\/wp\/v2\/media\/40805"}],"wp:attachment":[{"href":"https:\/\/eltrabajo.cl\/portal\/wp-json\/wp\/v2\/media?parent=40804"}],"wp:term":[{"taxonomy":"category","embeddable":true,"href":"https:\/\/eltrabajo.cl\/portal\/wp-json\/wp\/v2\/categories?post=40804"},{"taxonomy":"post_tag","embeddable":true,"href":"https:\/\/eltrabajo.cl\/portal\/wp-json\/wp\/v2\/tags?post=40804"}],"curies":[{"name":"wp","href":"https:\/\/api.w.org\/{rel}","templated":true}]}}