{"id":40813,"date":"2013-12-18T09:35:57","date_gmt":"2013-12-18T12:35:57","guid":{"rendered":"http:\/\/www.eltrabajo.cl\/portal\/?p=40813"},"modified":"2013-12-18T09:35:57","modified_gmt":"2013-12-18T12:35:57","slug":"escuela-carolina-ocampo-de-bellavista-hizo-fiesta-en-su-ultimo-dia-de-clases","status":"publish","type":"post","link":"https:\/\/eltrabajo.cl\/portal\/escuela-carolina-ocampo-de-bellavista-hizo-fiesta-en-su-ultimo-dia-de-clases\/","title":{"rendered":"Escuela Carolina Ocampo de Bellavista hizo fiesta en su \u00faltimo d\u00eda de clases"},"content":{"rendered":"<figure id=\"attachment_40814\" aria-describedby=\"caption-attachment-40814\" style=\"width: 529px\" class=\"wp-caption alignnone\"><a href=\"https:\/\/i0.wp.com\/www.eltrabajo.cl\/portal\/wp-content\/uploads\/2013\/12\/ultimo-dia4.jpg\"><img data-recalc-dims=\"1\" loading=\"lazy\" decoding=\"async\" class=\"size-full wp-image-40814\" title=\"La visita de personajes  infantiles como Barney, Mickey y Minnie, Ben 10, Draculaura, entre muchos otros, fue inolvidable.\" alt=\"La visita de personajes  infantiles como Barney, Mickey y Minnie, Ben 10, Draculaura, entre muchos otros, fue inolvidable.\" src=\"https:\/\/i0.wp.com\/www.eltrabajo.cl\/portal\/wp-content\/uploads\/2013\/12\/ultimo-dia4.jpg?resize=529%2C396\" width=\"529\" height=\"396\" srcset=\"https:\/\/i0.wp.com\/eltrabajo.cl\/portal\/wp-content\/uploads\/2013\/12\/ultimo-dia4.jpg?w=529&amp;ssl=1 529w, https:\/\/i0.wp.com\/eltrabajo.cl\/portal\/wp-content\/uploads\/2013\/12\/ultimo-dia4.jpg?resize=200%2C150&amp;ssl=1 200w, https:\/\/i0.wp.com\/eltrabajo.cl\/portal\/wp-content\/uploads\/2013\/12\/ultimo-dia4.jpg?resize=300%2C224&amp;ssl=1 300w, https:\/\/i0.wp.com\/eltrabajo.cl\/portal\/wp-content\/uploads\/2013\/12\/ultimo-dia4.jpg?resize=150%2C112&amp;ssl=1 150w, https:\/\/i0.wp.com\/eltrabajo.cl\/portal\/wp-content\/uploads\/2013\/12\/ultimo-dia4.jpg?resize=400%2C299&amp;ssl=1 400w\" sizes=\"auto, (max-width: 529px) 100vw, 529px\" \/><\/a><figcaption id=\"caption-attachment-40814\" class=\"wp-caption-text\">La visita de personajes infantiles como Barney, Mickey y Minnie, Ben 10, Draculaura, entre muchos otros, fue inolvidable.<\/figcaption><\/figure>\n<p>Una linda jornada se vivi\u00f3 el jueves pasado en la escuela de Bellavista. Con el lema \u2018\u00faltimo d\u00eda nadie se enoja\u2019, se disfrut\u00f3 todo un d\u00eda dedicado a los m\u00e1s de 60 peque\u00f1os y peque\u00f1as que forman parte de este plantel educativo.<\/p>\n<figure id=\"attachment_40815\" aria-describedby=\"caption-attachment-40815\" style=\"width: 370px\" class=\"wp-caption alignright\"><a href=\"https:\/\/i0.wp.com\/www.eltrabajo.cl\/portal\/wp-content\/uploads\/2013\/12\/ultimo-dia2.jpg\"><img data-recalc-dims=\"1\" loading=\"lazy\" decoding=\"async\" class=\" wp-image-40815 \" title=\"Los disfraces y los pinta caras estuvieron a la orden del d\u00eda.\" alt=\"Los disfraces y los pinta caras estuvieron a la orden del d\u00eda.\" src=\"https:\/\/i0.wp.com\/www.eltrabajo.cl\/portal\/wp-content\/uploads\/2013\/12\/ultimo-dia2.jpg?resize=370%2C277\" width=\"370\" height=\"277\" srcset=\"https:\/\/i0.wp.com\/eltrabajo.cl\/portal\/wp-content\/uploads\/2013\/12\/ultimo-dia2.jpg?w=529&amp;ssl=1 529w, https:\/\/i0.wp.com\/eltrabajo.cl\/portal\/wp-content\/uploads\/2013\/12\/ultimo-dia2.jpg?resize=200%2C150&amp;ssl=1 200w, https:\/\/i0.wp.com\/eltrabajo.cl\/portal\/wp-content\/uploads\/2013\/12\/ultimo-dia2.jpg?resize=300%2C224&amp;ssl=1 300w, https:\/\/i0.wp.com\/eltrabajo.cl\/portal\/wp-content\/uploads\/2013\/12\/ultimo-dia2.jpg?resize=150%2C112&amp;ssl=1 150w, https:\/\/i0.wp.com\/eltrabajo.cl\/portal\/wp-content\/uploads\/2013\/12\/ultimo-dia2.jpg?resize=400%2C299&amp;ssl=1 400w\" sizes=\"auto, (max-width: 370px) 100vw, 370px\" \/><\/a><figcaption id=\"caption-attachment-40815\" class=\"wp-caption-text\">Los disfraces y los pinta caras estuvieron a la orden del d\u00eda.<\/figcaption><\/figure>\n<p>As\u00ed lo inform\u00f3 el profesor de dicho establecimiento educacional, Cristian D\u00edaz Collao, destacando que fue un d\u00eda cargado de colores, sonrisas, disfraces y mucha alegr\u00eda que se vivi\u00f3 desde muy temprano por la ma\u00f1ana, comenzando con competencias de alianzas, en donde rojos y verdes se enfrentaron por puntos y por demostrar que el compa\u00f1erismo va siempre ante todo lo dem\u00e1s. Karaoke, si se la sabe cante, yinkana, carrera de tres pies, lanzar el globo con agua, bailet\u00f3n entre otras competencias se efectuaron para luego dar inicio a la guerra de agua realizada en el patio de la escuela, en donde grandes y chicos disfrutaron y escaparon del calor, actividad que sorprendi\u00f3 a los ni\u00f1os y ni\u00f1as que pudieron refrescarse y de pasada mojar a sus profesores y asistentes.<\/p>\n<p>En la tarde vino lo m\u00e1s esperado por todos, pinta caritas, juegos inflables, cama el\u00e1stica, regalos, helados y la visita inolvidable de personajes infantiles como Barney, Mickey y Minnie, Ben 10, Draculaura entre muchos otros.<\/p>\n<figure id=\"attachment_40816\" aria-describedby=\"caption-attachment-40816\" style=\"width: 422px\" class=\"wp-caption alignleft\"><a href=\"https:\/\/i0.wp.com\/www.eltrabajo.cl\/portal\/wp-content\/uploads\/2013\/12\/ultimo-dia3.jpg\"><img data-recalc-dims=\"1\" loading=\"lazy\" decoding=\"async\" class=\" wp-image-40816 \" title=\"Todo vale. Las bombitas de agua permitieron a los peques mojar a los profesores e inspectores por igual.\" alt=\"Todo vale. Las bombitas de agua permitieron a los peques mojar a los profesores e inspectores por igual.\" src=\"https:\/\/i0.wp.com\/www.eltrabajo.cl\/portal\/wp-content\/uploads\/2013\/12\/ultimo-dia3.jpg?resize=422%2C294\" width=\"422\" height=\"294\" srcset=\"https:\/\/i0.wp.com\/eltrabajo.cl\/portal\/wp-content\/uploads\/2013\/12\/ultimo-dia3.jpg?w=528&amp;ssl=1 528w, https:\/\/i0.wp.com\/eltrabajo.cl\/portal\/wp-content\/uploads\/2013\/12\/ultimo-dia3.jpg?resize=200%2C139&amp;ssl=1 200w, https:\/\/i0.wp.com\/eltrabajo.cl\/portal\/wp-content\/uploads\/2013\/12\/ultimo-dia3.jpg?resize=300%2C209&amp;ssl=1 300w, https:\/\/i0.wp.com\/eltrabajo.cl\/portal\/wp-content\/uploads\/2013\/12\/ultimo-dia3.jpg?resize=150%2C104&amp;ssl=1 150w, https:\/\/i0.wp.com\/eltrabajo.cl\/portal\/wp-content\/uploads\/2013\/12\/ultimo-dia3.jpg?resize=400%2C278&amp;ssl=1 400w\" sizes=\"auto, (max-width: 422px) 100vw, 422px\" \/><\/a><figcaption id=\"caption-attachment-40816\" class=\"wp-caption-text\">Todo vale. Las bombitas de agua permitieron a los peques mojar a los profesores e inspectores por igual.<\/figcaption><\/figure>\n<p>Francisco, alumno de 2\u00b0 a\u00f1o, destac\u00f3 lo bien que lo pas\u00f3: \u201cEste d\u00eda no se me va a olvidar nunca, t\u00edo, lo he pasado bak\u00e1n y lo m\u00e1s genial es que mi mam\u00e1 tambi\u00e9n va a venir\u201d.<\/p>\n<p>Sin duda para este colegio, culminar un a\u00f1o escolar complejo que se vio marcado por un posible cierre de escuela, se convirti\u00f3 en todo un acontecimiento. Al respecto el profesor Cristian D\u00edaz destac\u00f3 la gesti\u00f3n que realiz\u00f3 el equipo, \u201clogrando importante apoyo y colaboraci\u00f3n de empresas que quisieron sumarse a esta linda iniciativa, aportando con un granito de arena para lograr este tan significativo d\u00eda. Agradecemos a Personal grupo N\u00famero 1 mina Rajo abierto Codelco Andina, Sindicatos SUT y SIICE y a supermercados LIDER.<\/p>\n<figure id=\"attachment_40817\" aria-describedby=\"caption-attachment-40817\" style=\"width: 296px\" class=\"wp-caption alignright\"><a href=\"https:\/\/i0.wp.com\/www.eltrabajo.cl\/portal\/wp-content\/uploads\/2013\/12\/ultimo-dia1.jpg\"><img data-recalc-dims=\"1\" loading=\"lazy\" decoding=\"async\" class=\"wp-image-40817  \" title=\"Bebidas y completos fueron la delicia de los alumnos.\" alt=\"Bebidas y completos fueron la delicia de los alumnos.\" src=\"https:\/\/i0.wp.com\/www.eltrabajo.cl\/portal\/wp-content\/uploads\/2013\/12\/ultimo-dia1.jpg?resize=296%2C222\" width=\"296\" height=\"222\" srcset=\"https:\/\/i0.wp.com\/eltrabajo.cl\/portal\/wp-content\/uploads\/2013\/12\/ultimo-dia1.jpg?w=529&amp;ssl=1 529w, https:\/\/i0.wp.com\/eltrabajo.cl\/portal\/wp-content\/uploads\/2013\/12\/ultimo-dia1.jpg?resize=200%2C150&amp;ssl=1 200w, https:\/\/i0.wp.com\/eltrabajo.cl\/portal\/wp-content\/uploads\/2013\/12\/ultimo-dia1.jpg?resize=300%2C224&amp;ssl=1 300w, https:\/\/i0.wp.com\/eltrabajo.cl\/portal\/wp-content\/uploads\/2013\/12\/ultimo-dia1.jpg?resize=150%2C112&amp;ssl=1 150w, https:\/\/i0.wp.com\/eltrabajo.cl\/portal\/wp-content\/uploads\/2013\/12\/ultimo-dia1.jpg?resize=400%2C299&amp;ssl=1 400w\" sizes=\"auto, (max-width: 296px) 100vw, 296px\" \/><\/a><figcaption id=\"caption-attachment-40817\" class=\"wp-caption-text\">Bebidas y completos fueron la delicia de los alumnos.<\/figcaption><\/figure>\n<p>\u201cPara todos nuestros alumnos y apoderados es sin dudas el d\u00eda m\u00e1s llamativo y significativo de todo el a\u00f1o, ya que se pudo disfrutar libremente de juegos y bebidas, helados, pan de pascua, completos, regalitos y golosinas, que aunque suene simple sentir el apoyo de la comunidad para con nosotros nos refuerza e insta a seguir mejorando como escuela y seguir avanzando hacia una mejor calidad en la educaci\u00f3n, logrando un aprendizaje integral donde ni\u00f1os y ni\u00f1as sean m\u00e1s felices, disfruten de sus pares y de la escuela que los ha visto crecer, y esperando que esta iniciativa perdure con los a\u00f1os. Como escuela agradecemos el espacio de compartir este d\u00eda en el cual la simpleza, espontaneidad y alegr\u00eda primaron por nuestros patios\u201d, concluy\u00f3 D\u00edaz.<\/p>\n<p>&nbsp;<\/p>\n","protected":false},"excerpt":{"rendered":"<p>Una linda jornada se vivi\u00f3 el jueves pasado en la escuela de Bellavista. Con el lema \u2018\u00faltimo d\u00eda nadie se enoja\u2019, se disfrut\u00f3 todo un d\u00eda dedicado a los m\u00e1s de 60&#8230;<\/p>\n","protected":false},"author":482,"featured_media":40814,"comment_status":"open","ping_status":"closed","sticky":false,"template":"","format":"standard","meta":{"advanced_seo_description":"","jetpack_seo_html_title":"","jetpack_seo_noindex":false,"_jetpack_memberships_contains_paid_content":false,"footnotes":""},"categories":[15],"tags":[],"class_list":["post-40813","post","type-post","status-publish","format-standard","has-post-thumbnail","hentry","category-comunidad"],"jetpack_featured_media_url":"https:\/\/i0.wp.com\/eltrabajo.cl\/portal\/wp-content\/uploads\/2013\/12\/ultimo-dia4.jpg?fit=529%2C396&ssl=1","jetpack_sharing_enabled":true,"jetpack_likes_enabled":true,"jetpack-related-posts":[],"_links":{"self":[{"href":"https:\/\/eltrabajo.cl\/portal\/wp-json\/wp\/v2\/posts\/40813","targetHints":{"allow":["GET"]}}],"collection":[{"href":"https:\/\/eltrabajo.cl\/portal\/wp-json\/wp\/v2\/posts"}],"about":[{"href":"https:\/\/eltrabajo.cl\/portal\/wp-json\/wp\/v2\/types\/post"}],"author":[{"embeddable":true,"href":"https:\/\/eltrabajo.cl\/portal\/wp-json\/wp\/v2\/users\/482"}],"replies":[{"embeddable":true,"href":"https:\/\/eltrabajo.cl\/portal\/wp-json\/wp\/v2\/comments?post=40813"}],"version-history":[{"count":0,"href":"https:\/\/eltrabajo.cl\/portal\/wp-json\/wp\/v2\/posts\/40813\/revisions"}],"wp:featuredmedia":[{"embeddable":true,"href":"https:\/\/eltrabajo.cl\/portal\/wp-json\/wp\/v2\/media\/40814"}],"wp:attachment":[{"href":"https:\/\/eltrabajo.cl\/portal\/wp-json\/wp\/v2\/media?parent=40813"}],"wp:term":[{"taxonomy":"category","embeddable":true,"href":"https:\/\/eltrabajo.cl\/portal\/wp-json\/wp\/v2\/categories?post=40813"},{"taxonomy":"post_tag","embeddable":true,"href":"https:\/\/eltrabajo.cl\/portal\/wp-json\/wp\/v2\/tags?post=40813"}],"curies":[{"name":"wp","href":"https:\/\/api.w.org\/{rel}","templated":true}]}}