{"id":40822,"date":"2013-12-18T09:37:05","date_gmt":"2013-12-18T12:37:05","guid":{"rendered":"http:\/\/www.eltrabajo.cl\/portal\/?p=40822"},"modified":"2013-12-18T09:37:05","modified_gmt":"2013-12-18T12:37:05","slug":"piden-estudio-para-conocer-niveles-de-contaminacion-del-rio-aconcagua","status":"publish","type":"post","link":"https:\/\/eltrabajo.cl\/portal\/piden-estudio-para-conocer-niveles-de-contaminacion-del-rio-aconcagua\/","title":{"rendered":"Piden estudio para conocer niveles de contaminaci\u00f3n del r\u00edo Aconcagua"},"content":{"rendered":"<figure id=\"attachment_40823\" aria-describedby=\"caption-attachment-40823\" style=\"width: 317px\" class=\"wp-caption alignleft\"><a href=\"https:\/\/i0.wp.com\/www.eltrabajo.cl\/portal\/wp-content\/uploads\/2013\/12\/manuel-arredondo-cambiogob.jpg\"><img data-recalc-dims=\"1\" loading=\"lazy\" decoding=\"async\" class=\" wp-image-40823 \" title=\"Manuel Arredondo, Presidente Junta de Vecinos Las Vizcachas y vocero de la mesa de trabajo del camino internacional.\" alt=\"Manuel Arredondo, Presidente Junta de Vecinos Las Vizcachas y vocero de la mesa de trabajo del camino internacional.\" src=\"https:\/\/i0.wp.com\/www.eltrabajo.cl\/portal\/wp-content\/uploads\/2013\/12\/manuel-arredondo-cambiogob.jpg?resize=317%2C223\" width=\"317\" height=\"223\" srcset=\"https:\/\/i0.wp.com\/eltrabajo.cl\/portal\/wp-content\/uploads\/2013\/12\/manuel-arredondo-cambiogob.jpg?w=529&amp;ssl=1 529w, https:\/\/i0.wp.com\/eltrabajo.cl\/portal\/wp-content\/uploads\/2013\/12\/manuel-arredondo-cambiogob.jpg?resize=200%2C140&amp;ssl=1 200w, https:\/\/i0.wp.com\/eltrabajo.cl\/portal\/wp-content\/uploads\/2013\/12\/manuel-arredondo-cambiogob.jpg?resize=300%2C210&amp;ssl=1 300w, https:\/\/i0.wp.com\/eltrabajo.cl\/portal\/wp-content\/uploads\/2013\/12\/manuel-arredondo-cambiogob.jpg?resize=150%2C105&amp;ssl=1 150w, https:\/\/i0.wp.com\/eltrabajo.cl\/portal\/wp-content\/uploads\/2013\/12\/manuel-arredondo-cambiogob.jpg?resize=400%2C280&amp;ssl=1 400w\" sizes=\"auto, (max-width: 317px) 100vw, 317px\" \/><\/a><figcaption id=\"caption-attachment-40823\" class=\"wp-caption-text\">Manuel Arredondo, Presidente Junta de Vecinos Las Vizcachas y vocero de la mesa de trabajo del camino internacional.<\/figcaption><\/figure>\n<ul>\n<li><strong>Quieren saber a ciencia cierta cu\u00e1les han sido los efectos de la actividad minera en la zona.<\/strong><\/li>\n<\/ul>\n<p><strong>LOS ANDES.<\/strong>&#8211; El Presidente de la Junta de Vecinos de Las Vizcachas y vocero de la mesa de trabajo del camino internacional, Manuel Arredondo, dijo que solicitar\u00e1n al Ministerio de Medioambiente que lleve adelante un estudio serio que permita determinar el real estado de contaminaci\u00f3n que presentan las aguas del r\u00edo Aconcagua.<\/p>\n<p>Ello a ra\u00edz de un diagn\u00f3stico a nivel regional en el que fueron convocados diferentes comit\u00e9s medioambientales, en el cual se abord\u00f3 la realidad que se vive en el sector respecto a la contaminaci\u00f3n de las aguas generadas por la actividad minera.<\/p>\n<p>En este sentido, Arrendo manifest\u00f3 que junto a la contaminaci\u00f3n est\u00e1 el problema de la escasez h\u00eddrica, que no necesariamente pasa por la construcci\u00f3n de un embalse, sino que de otras alternativas perfectamente viables que propusieron en su momento.<\/p>\n<p>Arredondo plante\u00f3 que la idea es que se lleve adelante un estudio serio respecto a la contaminaci\u00f3n que hoy presenta el agua del r\u00edo y que puede estar afectando la agricultura por la posibilidad que tambi\u00e9n las napas subterr\u00e1neas se est\u00e9n contaminando.<\/p>\n<p>Agreg\u00f3 que tambi\u00e9n hay preocupaci\u00f3n por el desarrollo de otros proyectos mineros en el sector de R\u00edo Colorado que podr\u00edan generar m\u00e1s contaminaci\u00f3n, y si \u00e9sta existe que haya una compensaci\u00f3n para todos los afectados.<\/p>\n<p>Por otra parte, el dirigente se\u00f1al\u00f3 que est\u00e1n solicitando a la gobernadora Quiroz reanudar la mesa de trabajo a fin de saber en qu\u00e9 pie se encuentra el petitorio que entregaron al Ministerio de Obras P\u00fablicas, \u201cya que nos preocupa el seguimiento a todos los temas solicitados y esperamos que despu\u00e9s de Navidad se retome la mesa y veamos los avances de los trabajos\u201d.<\/p>\n<p>Al mismo tiempo dijo que les interesa aclarar en qu\u00e9 pie quedar\u00e1 el trabajo realizado hasta ahora con el nuevo gobierno que asumir\u00e1 a partir de marzo y mantener el compromiso que existe con la mesa de trabajo.<\/p>\n<p>Sostuvo que aunque haya un cambio de gobierno van a hacer respetar los acuerdos y el trabajo realizado, \u201cpor lo que confiamos que el futuro gobierno venga a aportar para solucionar los problemas m\u00e1s que a entrabar las situaciones y tenemos muy claro que nuestra bandera de lucha es el camino internacional\u201d.<\/p>\n<p>&nbsp;<\/p>\n","protected":false},"excerpt":{"rendered":"<p>Quieren saber a ciencia cierta cu\u00e1les han sido los efectos de la actividad minera en la zona. LOS ANDES.&#8211; El Presidente de la Junta de Vecinos de Las Vizcachas y vocero de&#8230;<\/p>\n","protected":false},"author":482,"featured_media":40823,"comment_status":"open","ping_status":"closed","sticky":false,"template":"","format":"standard","meta":{"advanced_seo_description":"","jetpack_seo_html_title":"","jetpack_seo_noindex":false,"_jetpack_memberships_contains_paid_content":false,"footnotes":""},"categories":[15],"tags":[],"class_list":["post-40822","post","type-post","status-publish","format-standard","has-post-thumbnail","hentry","category-comunidad"],"jetpack_featured_media_url":"https:\/\/i0.wp.com\/eltrabajo.cl\/portal\/wp-content\/uploads\/2013\/12\/manuel-arredondo-cambiogob.jpg?fit=529%2C371&ssl=1","jetpack_sharing_enabled":true,"jetpack_likes_enabled":true,"jetpack-related-posts":[],"_links":{"self":[{"href":"https:\/\/eltrabajo.cl\/portal\/wp-json\/wp\/v2\/posts\/40822","targetHints":{"allow":["GET"]}}],"collection":[{"href":"https:\/\/eltrabajo.cl\/portal\/wp-json\/wp\/v2\/posts"}],"about":[{"href":"https:\/\/eltrabajo.cl\/portal\/wp-json\/wp\/v2\/types\/post"}],"author":[{"embeddable":true,"href":"https:\/\/eltrabajo.cl\/portal\/wp-json\/wp\/v2\/users\/482"}],"replies":[{"embeddable":true,"href":"https:\/\/eltrabajo.cl\/portal\/wp-json\/wp\/v2\/comments?post=40822"}],"version-history":[{"count":0,"href":"https:\/\/eltrabajo.cl\/portal\/wp-json\/wp\/v2\/posts\/40822\/revisions"}],"wp:featuredmedia":[{"embeddable":true,"href":"https:\/\/eltrabajo.cl\/portal\/wp-json\/wp\/v2\/media\/40823"}],"wp:attachment":[{"href":"https:\/\/eltrabajo.cl\/portal\/wp-json\/wp\/v2\/media?parent=40822"}],"wp:term":[{"taxonomy":"category","embeddable":true,"href":"https:\/\/eltrabajo.cl\/portal\/wp-json\/wp\/v2\/categories?post=40822"},{"taxonomy":"post_tag","embeddable":true,"href":"https:\/\/eltrabajo.cl\/portal\/wp-json\/wp\/v2\/tags?post=40822"}],"curies":[{"name":"wp","href":"https:\/\/api.w.org\/{rel}","templated":true}]}}