{"id":40826,"date":"2013-12-18T09:40:56","date_gmt":"2013-12-18T12:40:56","guid":{"rendered":"http:\/\/www.eltrabajo.cl\/portal\/?p=40826"},"modified":"2013-12-18T09:40:56","modified_gmt":"2013-12-18T12:40:56","slug":"privados-de-libertad-reciben-su-licencia-de-ensenanza-basica","status":"publish","type":"post","link":"https:\/\/eltrabajo.cl\/portal\/privados-de-libertad-reciben-su-licencia-de-ensenanza-basica\/","title":{"rendered":"Privados de libertad reciben su licencia de Ense\u00f1anza B\u00e1sica"},"content":{"rendered":"<figure id=\"attachment_40827\" aria-describedby=\"caption-attachment-40827\" style=\"width: 529px\" class=\"wp-caption alignnone\"><a href=\"https:\/\/i0.wp.com\/www.eltrabajo.cl\/portal\/wp-content\/uploads\/2013\/12\/Egresados1.jpg\"><img data-recalc-dims=\"1\" loading=\"lazy\" decoding=\"async\" class=\"size-full wp-image-40827\" title=\"A SEGUIR ESTUDIANDO.- Ellos son los doce privados de libertad que recibieron su licencia en Educaci\u00f3n B\u00e1sica en una sencilla ceremonia al interior del CCP San Felipe.\" alt=\"A SEGUIR ESTUDIANDO.- Ellos son los doce privados de libertad que recibieron su licencia en Educaci\u00f3n B\u00e1sica en una sencilla ceremonia al interior del CCP San Felipe.\" src=\"https:\/\/i0.wp.com\/www.eltrabajo.cl\/portal\/wp-content\/uploads\/2013\/12\/Egresados1.jpg?resize=529%2C367\" width=\"529\" height=\"367\" srcset=\"https:\/\/i0.wp.com\/eltrabajo.cl\/portal\/wp-content\/uploads\/2013\/12\/Egresados1.jpg?w=529&amp;ssl=1 529w, https:\/\/i0.wp.com\/eltrabajo.cl\/portal\/wp-content\/uploads\/2013\/12\/Egresados1.jpg?resize=200%2C138&amp;ssl=1 200w, https:\/\/i0.wp.com\/eltrabajo.cl\/portal\/wp-content\/uploads\/2013\/12\/Egresados1.jpg?resize=300%2C208&amp;ssl=1 300w, https:\/\/i0.wp.com\/eltrabajo.cl\/portal\/wp-content\/uploads\/2013\/12\/Egresados1.jpg?resize=150%2C104&amp;ssl=1 150w, https:\/\/i0.wp.com\/eltrabajo.cl\/portal\/wp-content\/uploads\/2013\/12\/Egresados1.jpg?resize=400%2C277&amp;ssl=1 400w\" sizes=\"auto, (max-width: 529px) 100vw, 529px\" \/><\/a><figcaption id=\"caption-attachment-40827\" class=\"wp-caption-text\">A SEGUIR ESTUDIANDO.- Ellos son los doce privados de libertad que recibieron su licencia en Educaci\u00f3n B\u00e1sica en una sencilla ceremonia al interior del CCP San Felipe.<\/figcaption><\/figure>\n<ul>\n<li><strong>La tarde del pasado d\u00eda martes, doce alumnos de la Escuela Pedro Nolasco y que funciona en CCP San Felipe, recibieron su diploma de certificaci\u00f3n como estudiantes egresados de ense\u00f1anza b\u00e1sica.<\/strong><\/li>\n<li><\/li>\n<\/ul>\n<p>El establecimiento, que realiza sus funciones al interior del Centro de Cumplimiento Penitenciario de San Felipe, ha colaborado de manera significativa en el sue\u00f1o de muchos Internos de poder terminar su educaci\u00f3n b\u00e1sica, herramienta importante en la dif\u00edcil tarea de la reinserci\u00f3n de quienes purgan condena en dicho recinto.<\/p>\n<figure id=\"attachment_40828\" aria-describedby=\"caption-attachment-40828\" style=\"width: 422px\" class=\"wp-caption alignright\"><a href=\"https:\/\/i0.wp.com\/www.eltrabajo.cl\/portal\/wp-content\/uploads\/2013\/12\/Ceremonia1.jpg\"><img data-recalc-dims=\"1\" loading=\"lazy\" decoding=\"async\" class=\" wp-image-40828 \" title=\"DAEM CERTIFICA.- Autoridades de la Daem asistieron al acto para certificar la validez del trabajo educativo que se viene realizando en ese centro penitenciario.\" alt=\"DAEM CERTIFICA.- Autoridades de la Daem asistieron al acto para certificar la validez del trabajo educativo que se viene realizando en ese centro penitenciario.\" src=\"https:\/\/i0.wp.com\/www.eltrabajo.cl\/portal\/wp-content\/uploads\/2013\/12\/Ceremonia1.jpg?resize=422%2C282\" width=\"422\" height=\"282\" srcset=\"https:\/\/i0.wp.com\/eltrabajo.cl\/portal\/wp-content\/uploads\/2013\/12\/Ceremonia1.jpg?w=528&amp;ssl=1 528w, https:\/\/i0.wp.com\/eltrabajo.cl\/portal\/wp-content\/uploads\/2013\/12\/Ceremonia1.jpg?resize=200%2C133&amp;ssl=1 200w, https:\/\/i0.wp.com\/eltrabajo.cl\/portal\/wp-content\/uploads\/2013\/12\/Ceremonia1.jpg?resize=300%2C200&amp;ssl=1 300w, https:\/\/i0.wp.com\/eltrabajo.cl\/portal\/wp-content\/uploads\/2013\/12\/Ceremonia1.jpg?resize=150%2C100&amp;ssl=1 150w, https:\/\/i0.wp.com\/eltrabajo.cl\/portal\/wp-content\/uploads\/2013\/12\/Ceremonia1.jpg?resize=400%2C267&amp;ssl=1 400w\" sizes=\"auto, (max-width: 422px) 100vw, 422px\" \/><\/a><figcaption id=\"caption-attachment-40828\" class=\"wp-caption-text\">DAEM CERTIFICA.- Autoridades de la Daem asistieron al acto para certificar la validez del trabajo educativo que se viene realizando en ese centro penitenciario.<\/figcaption><\/figure>\n<p>Para Luis Silva, director del establecimiento, esta instancia es de suma importancia debido a que \u00aben muchos de los casos, los alumnos realizan su Educaci\u00f3n B\u00e1sica en sus tres niveles dentro del recinto, y otros de ellos la completan por haber desertado del sistema, siendo en un comienzo, en este a\u00f1o 2013, 16 los Internos que estaban en proceso de regularizaci\u00f3n de sus estudios b\u00e1sicos, pero cuatro de ellos obtuvieron la libertad, con lo que se les entrega las herramientas necesarias para que tengan una buena y r\u00e1pida reinserci\u00f3n, que les permita continuar con sus vidas\u00bb, coment\u00f3 Silva a Diario El Trabajo.<\/p>\n<p>Adem\u00e1s, el docente se refiri\u00f3 a la importancia que reviste para un profesor cumplir labores en una escuela de alg\u00fan recinto penitenciario, se\u00f1alando que \u00abtodos los profesores deber\u00edan por una vez en la vida, cumplir esta tarea en estas condiciones tan especiales, ya que es ac\u00e1, es en donde de verdad se cumple un trabajo social\u00bb.<\/p>\n<figure id=\"attachment_40829\" aria-describedby=\"caption-attachment-40829\" style=\"width: 190px\" class=\"wp-caption alignleft\"><a href=\"https:\/\/i0.wp.com\/www.eltrabajo.cl\/portal\/wp-content\/uploads\/2013\/12\/Luis-Silva.jpg\"><img data-recalc-dims=\"1\" loading=\"lazy\" decoding=\"async\" class=\" wp-image-40829  \" title=\"Luis Silva, Director de la Escuela Pedro Nolasco.\" alt=\"Luis Silva, Director de la Escuela Pedro Nolasco.\" src=\"https:\/\/i0.wp.com\/www.eltrabajo.cl\/portal\/wp-content\/uploads\/2013\/12\/Luis-Silva.jpg?resize=190%2C199\" width=\"190\" height=\"199\" srcset=\"https:\/\/i0.wp.com\/eltrabajo.cl\/portal\/wp-content\/uploads\/2013\/12\/Luis-Silva.jpg?w=529&amp;ssl=1 529w, https:\/\/i0.wp.com\/eltrabajo.cl\/portal\/wp-content\/uploads\/2013\/12\/Luis-Silva.jpg?resize=143%2C150&amp;ssl=1 143w, https:\/\/i0.wp.com\/eltrabajo.cl\/portal\/wp-content\/uploads\/2013\/12\/Luis-Silva.jpg?resize=286%2C300&amp;ssl=1 286w, https:\/\/i0.wp.com\/eltrabajo.cl\/portal\/wp-content\/uploads\/2013\/12\/Luis-Silva.jpg?resize=400%2C418&amp;ssl=1 400w\" sizes=\"auto, (max-width: 190px) 100vw, 190px\" \/><\/a><figcaption id=\"caption-attachment-40829\" class=\"wp-caption-text\">Luis Silva, Director de la Escuela Pedro Nolasco.<\/figcaption><\/figure>\n<p>Por su parte, Andr\u00e9s Romero Fern\u00e1ndez, Mayor de Gendarmer\u00eda y Alcaide del CCP San Felipe, esta es una muy buena instancia para ayudar de manera directa y efectiva a la reinserci\u00f3n de los Internos, \u00abhay Internos que sienten la necesidad de la reinserci\u00f3n a trav\u00e9s de la finalizaci\u00f3n de su educaci\u00f3n B\u00e1sica, estando preparados para el pr\u00f3ximo a\u00f1o, culminar la Educaci\u00f3n Media, cumpliendo con su primer y segundo nivel, siendo de suma importancia, para el trabajo que realiza Gendarmer\u00eda, el poder colaborar con el desarrollo personal de los internos, pudiendo, cualquiera de ellos que lo requiera, postular al beneficio, lo que evidentemente les permitir\u00e1 ir cumpliendo etapas mientras purgan sus condenas\u00bb, se\u00f1al\u00f3 Romero.<\/p>\n<figure id=\"attachment_40830\" aria-describedby=\"caption-attachment-40830\" style=\"width: 191px\" class=\"wp-caption alignright\"><a href=\"https:\/\/i0.wp.com\/www.eltrabajo.cl\/portal\/wp-content\/uploads\/2013\/12\/Andres-Romero.jpg\"><img data-recalc-dims=\"1\" loading=\"lazy\" decoding=\"async\" class=\" wp-image-40830  \" title=\"Andr\u00e9s Romero, Mayor de Gendarmer\u00eda y Alcaide del CCP San Felipe.\" alt=\"Andr\u00e9s Romero, Mayor de Gendarmer\u00eda y Alcaide del CCP San Felipe.\" src=\"https:\/\/i0.wp.com\/www.eltrabajo.cl\/portal\/wp-content\/uploads\/2013\/12\/Andres-Romero.jpg?resize=191%2C191\" width=\"191\" height=\"191\" srcset=\"https:\/\/i0.wp.com\/eltrabajo.cl\/portal\/wp-content\/uploads\/2013\/12\/Andres-Romero.jpg?w=530&amp;ssl=1 530w, https:\/\/i0.wp.com\/eltrabajo.cl\/portal\/wp-content\/uploads\/2013\/12\/Andres-Romero.jpg?resize=150%2C150&amp;ssl=1 150w, https:\/\/i0.wp.com\/eltrabajo.cl\/portal\/wp-content\/uploads\/2013\/12\/Andres-Romero.jpg?resize=300%2C300&amp;ssl=1 300w, https:\/\/i0.wp.com\/eltrabajo.cl\/portal\/wp-content\/uploads\/2013\/12\/Andres-Romero.jpg?resize=400%2C400&amp;ssl=1 400w\" sizes=\"auto, (max-width: 191px) 100vw, 191px\" \/><\/a><figcaption id=\"caption-attachment-40830\" class=\"wp-caption-text\">Andr\u00e9s Romero, Mayor de Gendarmer\u00eda y Alcaide del CCP San Felipe.<\/figcaption><\/figure>\n<p>Iv\u00e1n Silva Padilla Director de la Daem, tambi\u00e9n participo de la actividad y pudo constatar en terreno las ganas que poseen los Internos por mejorar su condici\u00f3n, se\u00f1alando que \u00abquienes est\u00e1n cumpliendo condena, tienen todo el derecho de querer enmendar el rumbo, y para quienes sientan la necesidad de finalizar sus estudios, el sistema de educaci\u00f3n municipal, tambi\u00e9n les brinda una oportunidad, siendo este uno de los compromisos adquiridos por el Alcalde Patricio Freire\u00bb.<\/p>\n<p>&nbsp;<\/p>\n","protected":false},"excerpt":{"rendered":"<p>La tarde del pasado d\u00eda martes, doce alumnos de la Escuela Pedro Nolasco y que funciona en CCP San Felipe, recibieron su diploma de certificaci\u00f3n como estudiantes egresados de ense\u00f1anza b\u00e1sica. El&#8230;<\/p>\n","protected":false},"author":482,"featured_media":40827,"comment_status":"open","ping_status":"closed","sticky":false,"template":"","format":"standard","meta":{"advanced_seo_description":"","jetpack_seo_html_title":"","jetpack_seo_noindex":false,"_jetpack_memberships_contains_paid_content":false,"footnotes":""},"categories":[15],"tags":[],"class_list":["post-40826","post","type-post","status-publish","format-standard","has-post-thumbnail","hentry","category-comunidad"],"jetpack_featured_media_url":"https:\/\/i0.wp.com\/eltrabajo.cl\/portal\/wp-content\/uploads\/2013\/12\/Egresados1.jpg?fit=529%2C367&ssl=1","jetpack_sharing_enabled":true,"jetpack_likes_enabled":true,"jetpack-related-posts":[],"_links":{"self":[{"href":"https:\/\/eltrabajo.cl\/portal\/wp-json\/wp\/v2\/posts\/40826","targetHints":{"allow":["GET"]}}],"collection":[{"href":"https:\/\/eltrabajo.cl\/portal\/wp-json\/wp\/v2\/posts"}],"about":[{"href":"https:\/\/eltrabajo.cl\/portal\/wp-json\/wp\/v2\/types\/post"}],"author":[{"embeddable":true,"href":"https:\/\/eltrabajo.cl\/portal\/wp-json\/wp\/v2\/users\/482"}],"replies":[{"embeddable":true,"href":"https:\/\/eltrabajo.cl\/portal\/wp-json\/wp\/v2\/comments?post=40826"}],"version-history":[{"count":0,"href":"https:\/\/eltrabajo.cl\/portal\/wp-json\/wp\/v2\/posts\/40826\/revisions"}],"wp:featuredmedia":[{"embeddable":true,"href":"https:\/\/eltrabajo.cl\/portal\/wp-json\/wp\/v2\/media\/40827"}],"wp:attachment":[{"href":"https:\/\/eltrabajo.cl\/portal\/wp-json\/wp\/v2\/media?parent=40826"}],"wp:term":[{"taxonomy":"category","embeddable":true,"href":"https:\/\/eltrabajo.cl\/portal\/wp-json\/wp\/v2\/categories?post=40826"},{"taxonomy":"post_tag","embeddable":true,"href":"https:\/\/eltrabajo.cl\/portal\/wp-json\/wp\/v2\/tags?post=40826"}],"curies":[{"name":"wp","href":"https:\/\/api.w.org\/{rel}","templated":true}]}}