{"id":40834,"date":"2013-12-18T09:41:54","date_gmt":"2013-12-18T12:41:54","guid":{"rendered":"http:\/\/www.eltrabajo.cl\/portal\/?p=40834"},"modified":"2013-12-18T09:41:54","modified_gmt":"2013-12-18T12:41:54","slug":"concejo-municipal-de-santa-maria-aprobo-nuevo-plan-regulador-para-la-comuna","status":"publish","type":"post","link":"https:\/\/eltrabajo.cl\/portal\/concejo-municipal-de-santa-maria-aprobo-nuevo-plan-regulador-para-la-comuna\/","title":{"rendered":"Concejo Municipal de Santa Mar\u00eda aprob\u00f3 nuevo Plan Regulador para la comuna"},"content":{"rendered":"<figure id=\"attachment_40835\" aria-describedby=\"caption-attachment-40835\" style=\"width: 528px\" class=\"wp-caption alignnone\"><a href=\"https:\/\/i0.wp.com\/www.eltrabajo.cl\/portal\/wp-content\/uploads\/2013\/12\/aprobac_plan.jpg\"><img data-recalc-dims=\"1\" loading=\"lazy\" decoding=\"async\" class=\"size-full wp-image-40835\" title=\"Concejo Municipal junto a profesionales de la Consultora Urbe y Directores de Unidades de la Municipalidad.\" alt=\"Concejo Municipal junto a profesionales de la Consultora Urbe y Directores de Unidades de la Municipalidad.\" src=\"https:\/\/i0.wp.com\/www.eltrabajo.cl\/portal\/wp-content\/uploads\/2013\/12\/aprobac_plan.jpg?resize=528%2C351\" width=\"528\" height=\"351\" srcset=\"https:\/\/i0.wp.com\/eltrabajo.cl\/portal\/wp-content\/uploads\/2013\/12\/aprobac_plan.jpg?w=528&amp;ssl=1 528w, https:\/\/i0.wp.com\/eltrabajo.cl\/portal\/wp-content\/uploads\/2013\/12\/aprobac_plan.jpg?resize=200%2C132&amp;ssl=1 200w, https:\/\/i0.wp.com\/eltrabajo.cl\/portal\/wp-content\/uploads\/2013\/12\/aprobac_plan.jpg?resize=300%2C199&amp;ssl=1 300w, https:\/\/i0.wp.com\/eltrabajo.cl\/portal\/wp-content\/uploads\/2013\/12\/aprobac_plan.jpg?resize=150%2C99&amp;ssl=1 150w, https:\/\/i0.wp.com\/eltrabajo.cl\/portal\/wp-content\/uploads\/2013\/12\/aprobac_plan.jpg?resize=400%2C265&amp;ssl=1 400w\" sizes=\"auto, (max-width: 528px) 100vw, 528px\" \/><\/a><figcaption id=\"caption-attachment-40835\" class=\"wp-caption-text\">Concejo Municipal junto a profesionales de la Consultora Urbe y Directores de Unidades de la Municipalidad.<\/figcaption><\/figure>\n<p>En el Sal\u00f3n Honor de la Municipalidad, con la presencia de los profesionales de la Consultora Urbe, del representante de la Seremi de Vivienda y Urbanismo, del director de Obras Municipales y del Secretario de Planificaci\u00f3n Comunal, el Concejo Municipal aprob\u00f3 de manera un\u00e1nime el nuevo Plan Regulador Comunal.<\/p>\n<p>La Seremi de Vivienda y Urbanismo para comprobar que este instrumento est\u00e9 acorde a la Ley. Posteriormente, ser\u00e1 enviado a la Contralor\u00eda General de la Rep\u00fablica para realizar la \u00faltima revisi\u00f3n.<\/p>\n<p>El Plan Regulador Comunal vigente es del a\u00f1o 1982, por lo que la introducci\u00f3n de este nuevo instrumento en la planificaci\u00f3n de la comuna, ser\u00e1 un gran avance. Como novedad es necesario mencionar que el sector de El Llano y Las Cadenas ser\u00e1n considerados como zona urbana, con la intenci\u00f3n de controlar y ordenar el crecimiento habitacional de ese sector.<\/p>\n<p>Es importante recordar que durante los meses de septiembre, octubre y noviembre se realizaron diversas actividades para que la comunidad se informara sobre este importante instrumento y desarrollara las observaciones que se consideraran importantes, incluyendo en estas acciones su presentaci\u00f3n a la Uni\u00f3n Comunal de Juntas de Vecinos y ante el Consejo Comunal de Organizaciones de la Sociedad Civil.<\/p>\n<p>El Alcalde Claudio Zurita destac\u00f3 este proceso se\u00f1alando que \u201cesto responde a un largo y exhaustivo proceso y lo hemos hecho con el apoyo de profesionales especializados en esta \u00e1rea y lo m\u00e1s importante de todo, con una alta participaci\u00f3n ciudadana, dando cumplimiento a cada una de las etapas que nos exige la normativa vigente. El nuevo Plan Regulador era una necesidad evidente para la proyecci\u00f3n de la comuna que queremos y necesitamos y se ha trabajo pensando en el crecimiento, ordenamiento y desarrollo urbano de Santa Mar\u00eda para los pr\u00f3ximos a\u00f1os\u201d.<\/p>\n<p>Se calcula que el nuevo Plan Regulador Comunal estar\u00e1 vigente a mediados del pr\u00f3ximo a\u00f1o 2014.<\/p>\n<p>&nbsp;<\/p>\n","protected":false},"excerpt":{"rendered":"<p>En el Sal\u00f3n Honor de la Municipalidad, con la presencia de los profesionales de la Consultora Urbe, del representante de la Seremi de Vivienda y Urbanismo, del director de Obras Municipales y&#8230;<\/p>\n","protected":false},"author":482,"featured_media":40835,"comment_status":"open","ping_status":"closed","sticky":false,"template":"","format":"standard","meta":{"advanced_seo_description":"","jetpack_seo_html_title":"","jetpack_seo_noindex":false,"_jetpack_memberships_contains_paid_content":false,"footnotes":""},"categories":[1],"tags":[],"class_list":["post-40834","post","type-post","status-publish","format-standard","has-post-thumbnail","hentry","category-cronica"],"jetpack_featured_media_url":"https:\/\/i0.wp.com\/eltrabajo.cl\/portal\/wp-content\/uploads\/2013\/12\/aprobac_plan.jpg?fit=528%2C351&ssl=1","jetpack_sharing_enabled":true,"jetpack_likes_enabled":true,"jetpack-related-posts":[],"_links":{"self":[{"href":"https:\/\/eltrabajo.cl\/portal\/wp-json\/wp\/v2\/posts\/40834","targetHints":{"allow":["GET"]}}],"collection":[{"href":"https:\/\/eltrabajo.cl\/portal\/wp-json\/wp\/v2\/posts"}],"about":[{"href":"https:\/\/eltrabajo.cl\/portal\/wp-json\/wp\/v2\/types\/post"}],"author":[{"embeddable":true,"href":"https:\/\/eltrabajo.cl\/portal\/wp-json\/wp\/v2\/users\/482"}],"replies":[{"embeddable":true,"href":"https:\/\/eltrabajo.cl\/portal\/wp-json\/wp\/v2\/comments?post=40834"}],"version-history":[{"count":0,"href":"https:\/\/eltrabajo.cl\/portal\/wp-json\/wp\/v2\/posts\/40834\/revisions"}],"wp:featuredmedia":[{"embeddable":true,"href":"https:\/\/eltrabajo.cl\/portal\/wp-json\/wp\/v2\/media\/40835"}],"wp:attachment":[{"href":"https:\/\/eltrabajo.cl\/portal\/wp-json\/wp\/v2\/media?parent=40834"}],"wp:term":[{"taxonomy":"category","embeddable":true,"href":"https:\/\/eltrabajo.cl\/portal\/wp-json\/wp\/v2\/categories?post=40834"},{"taxonomy":"post_tag","embeddable":true,"href":"https:\/\/eltrabajo.cl\/portal\/wp-json\/wp\/v2\/tags?post=40834"}],"curies":[{"name":"wp","href":"https:\/\/api.w.org\/{rel}","templated":true}]}}