{"id":40837,"date":"2013-12-18T09:45:41","date_gmt":"2013-12-18T12:45:41","guid":{"rendered":"http:\/\/www.eltrabajo.cl\/portal\/?p=40837"},"modified":"2013-12-18T09:45:41","modified_gmt":"2013-12-18T12:45:41","slug":"acuerdan-plan-de-intervencion-integral-de-villa-250-anos","status":"publish","type":"post","link":"https:\/\/eltrabajo.cl\/portal\/acuerdan-plan-de-intervencion-integral-de-villa-250-anos\/","title":{"rendered":"Acuerdan plan de intervenci\u00f3n integral de Villa 250 A\u00f1os"},"content":{"rendered":"<figure id=\"attachment_40838\" aria-describedby=\"caption-attachment-40838\" style=\"width: 529px\" class=\"wp-caption alignnone\"><a href=\"https:\/\/i0.wp.com\/www.eltrabajo.cl\/portal\/wp-content\/uploads\/2013\/12\/reunion-intervencion-250.jpg\"><img data-recalc-dims=\"1\" loading=\"lazy\" decoding=\"async\" class=\"size-full wp-image-40838\" title=\"Autoridades locales se reunieron para definir un plan de acci\u00f3n de Villa 250 A\u00f1os. No llegaron a la cita Bomberos, ni dirigentes vecinales de este sector.\" alt=\"Autoridades locales se reunieron para definir un plan de acci\u00f3n de Villa 250 A\u00f1os. No llegaron a la cita Bomberos, ni dirigentes vecinales de este sector.\" src=\"https:\/\/i0.wp.com\/www.eltrabajo.cl\/portal\/wp-content\/uploads\/2013\/12\/reunion-intervencion-250.jpg?resize=529%2C353\" width=\"529\" height=\"353\" srcset=\"https:\/\/i0.wp.com\/eltrabajo.cl\/portal\/wp-content\/uploads\/2013\/12\/reunion-intervencion-250.jpg?w=529&amp;ssl=1 529w, https:\/\/i0.wp.com\/eltrabajo.cl\/portal\/wp-content\/uploads\/2013\/12\/reunion-intervencion-250.jpg?resize=200%2C133&amp;ssl=1 200w, https:\/\/i0.wp.com\/eltrabajo.cl\/portal\/wp-content\/uploads\/2013\/12\/reunion-intervencion-250.jpg?resize=300%2C200&amp;ssl=1 300w, https:\/\/i0.wp.com\/eltrabajo.cl\/portal\/wp-content\/uploads\/2013\/12\/reunion-intervencion-250.jpg?resize=150%2C100&amp;ssl=1 150w, https:\/\/i0.wp.com\/eltrabajo.cl\/portal\/wp-content\/uploads\/2013\/12\/reunion-intervencion-250.jpg?resize=400%2C266&amp;ssl=1 400w\" sizes=\"auto, (max-width: 529px) 100vw, 529px\" \/><\/a><figcaption id=\"caption-attachment-40838\" class=\"wp-caption-text\">Autoridades locales se reunieron para definir un plan de acci\u00f3n de Villa 250 A\u00f1os. No llegaron a la cita Bomberos, ni dirigentes vecinales de este sector.<\/figcaption><\/figure>\n<ul>\n<li><strong>Se trata de un trabajo que ser\u00e1 de corto, mediano y largo plazo, partiendo por una intervenci\u00f3n policial que realizar\u00e1 Carabineros y PDI.<\/strong><\/li>\n<\/ul>\n<p>No solo a prop\u00f3sito de los hechos registrados hace algunas semanas, cuando una persona muri\u00f3, dos resultaron heridas, cuatro veh\u00edculos fueron quemados y una casa desmantelada, sino que a partir de la problem\u00e1tica delincuencial y de tr\u00e1fico de drogas que ha marcado a Villa 250 A\u00f1os, autoridades encabezadas por la gobernadora provincial Patricia Boffa, acordaron iniciar una intervenci\u00f3n integral de este sector poblacional.<\/p>\n<figure id=\"attachment_40839\" aria-describedby=\"caption-attachment-40839\" style=\"width: 317px\" class=\"wp-caption alignright\"><a href=\"https:\/\/i0.wp.com\/www.eltrabajo.cl\/portal\/wp-content\/uploads\/2013\/12\/Gobernadora.jpg\"><img data-recalc-dims=\"1\" loading=\"lazy\" decoding=\"async\" class=\" wp-image-40839 \" title=\"La gobernadora Boffa manifest\u00f3 que en este sector se debe realizar una intervenci\u00f3n de corto, mediano y largo plazo.\" alt=\"La gobernadora Boffa manifest\u00f3 que en este sector se debe realizar una intervenci\u00f3n de corto, mediano y largo plazo.\" src=\"https:\/\/i0.wp.com\/www.eltrabajo.cl\/portal\/wp-content\/uploads\/2013\/12\/Gobernadora.jpg?resize=317%2C238\" width=\"317\" height=\"238\" srcset=\"https:\/\/i0.wp.com\/eltrabajo.cl\/portal\/wp-content\/uploads\/2013\/12\/Gobernadora.jpg?w=528&amp;ssl=1 528w, https:\/\/i0.wp.com\/eltrabajo.cl\/portal\/wp-content\/uploads\/2013\/12\/Gobernadora.jpg?resize=200%2C150&amp;ssl=1 200w, https:\/\/i0.wp.com\/eltrabajo.cl\/portal\/wp-content\/uploads\/2013\/12\/Gobernadora.jpg?resize=300%2C225&amp;ssl=1 300w, https:\/\/i0.wp.com\/eltrabajo.cl\/portal\/wp-content\/uploads\/2013\/12\/Gobernadora.jpg?resize=150%2C112&amp;ssl=1 150w, https:\/\/i0.wp.com\/eltrabajo.cl\/portal\/wp-content\/uploads\/2013\/12\/Gobernadora.jpg?resize=400%2C300&amp;ssl=1 400w\" sizes=\"auto, (max-width: 317px) 100vw, 317px\" \/><\/a><figcaption id=\"caption-attachment-40839\" class=\"wp-caption-text\">La gobernadora Boffa manifest\u00f3 que en este sector se debe realizar una intervenci\u00f3n de corto, mediano y largo plazo.<\/figcaption><\/figure>\n<p>Lo anterior, tras una reuni\u00f3n realizada en la ma\u00f1ana de ayer, en el gabinete de la gobernadora, donde se plante\u00f3 la problem\u00e1tica que se presenta en este populoso sector poblacional, donde se parte de la premisa que as\u00ed como ah\u00ed habitan personas con antecedentes y conductas delictuales, tambi\u00e9n viven personas muy trabajadoras y de esfuerzo.<\/p>\n<p>La reuni\u00f3n con caracter\u00edsticas de mesa de trabajo, ten\u00eda por objetivo evaluar, estudiar y proponer ideas y programas efectivos, con el fin de activar una masiva intervenci\u00f3n en Villa 250 A\u00f1os de San Felipe.<\/p>\n<p>En este sentido, la autoridad provincial propuso un plan de trabajo que obliga a la participaci\u00f3n a un grupo importantes de servicios p\u00fablicos, a trav\u00e9s de tareas de corto, mediano y largo plazo.<\/p>\n<p>\u201cComo gobierno no nos hemos quedado de brazos cruzados, esto se inici\u00f3 como un hecho policial, sin embargo tom\u00f3 otros ribetes que oblig\u00f3 a nuestra intervenci\u00f3n. En Villa 250 A\u00f1os, hay que hacer de una vez una intervenci\u00f3n seria y que demorar\u00e1 mucho tiempo para tener soluciones, no basta hacer operativos de un rato\u201d, indic\u00f3 la gobernadora.<\/p>\n<figure id=\"attachment_40840\" aria-describedby=\"caption-attachment-40840\" style=\"width: 317px\" class=\"wp-caption alignleft\"><a href=\"https:\/\/i0.wp.com\/www.eltrabajo.cl\/portal\/wp-content\/uploads\/2013\/12\/Cdte.-Castro.jpg\"><img data-recalc-dims=\"1\" loading=\"lazy\" decoding=\"async\" class=\" wp-image-40840 \" title=\"El comandante Francisco Castro anunci\u00f3 una intervenci\u00f3n de ambas polic\u00edas en el sector.\" alt=\"El comandante Francisco Castro anunci\u00f3 una intervenci\u00f3n de ambas polic\u00edas en el sector.\" src=\"https:\/\/i0.wp.com\/www.eltrabajo.cl\/portal\/wp-content\/uploads\/2013\/12\/Cdte.-Castro.jpg?resize=317%2C424\" width=\"317\" height=\"424\" srcset=\"https:\/\/i0.wp.com\/eltrabajo.cl\/portal\/wp-content\/uploads\/2013\/12\/Cdte.-Castro.jpg?w=529&amp;ssl=1 529w, https:\/\/i0.wp.com\/eltrabajo.cl\/portal\/wp-content\/uploads\/2013\/12\/Cdte.-Castro.jpg?resize=112%2C150&amp;ssl=1 112w, https:\/\/i0.wp.com\/eltrabajo.cl\/portal\/wp-content\/uploads\/2013\/12\/Cdte.-Castro.jpg?resize=224%2C300&amp;ssl=1 224w\" sizes=\"auto, (max-width: 317px) 100vw, 317px\" \/><\/a><figcaption id=\"caption-attachment-40840\" class=\"wp-caption-text\">El comandante Francisco Castro anunci\u00f3 una intervenci\u00f3n de ambas polic\u00edas en el sector.<\/figcaption><\/figure>\n<p>En la cita se encontraban presentes el Alcalde Patricio Freire, autoridades de Carabineros, PDI, del Barrio en Paz Residencial y de otros servicios, as\u00ed como consejeros regionales, aun cuando se ech\u00f3 de menos la concurrencia de representantes de Bomberos, que se hab\u00eda invitado, as\u00ed como de dirigentes vecinales, quienes hab\u00edan incluso confirmado su asistencia, pero finalmente no concurrieron.<\/p>\n<p>\u201cHay temas a corto plazo, que dicen relaci\u00f3n con intervenciones policiales que ya se est\u00e1n coordinando. Temas a mediano plazo, como recuperaci\u00f3n de espacios, como \u00e1reas verdes, plazuelas e iluminaci\u00f3n, a prop\u00f3sito de la construcci\u00f3n del tramo de la Ruta 60 C, que pasa por esa poblaci\u00f3n, considerando tambi\u00e9n paneles de ruido para separar la carretera de Villa. Y temas a largo plazo, que seguramente tendr\u00e1n que analizar, desarrollar e implementar las autoridades que lleguen con el nuevo gobierno\u201d, manifest\u00f3 la gobernadora.<\/p>\n<p>En este sentido el alcalde de San Felipe, Patricio Freire, junto con agradecer la invitaci\u00f3n de la Gobernadora, manifest\u00f3 que existe el compromiso del municipio para actuar junto a los vecinos.<\/p>\n<p>\u201cFue una reuni\u00f3n muy provechosa, tomamos una gran cantidad de ideas como medidas a realizar y esperamos lograr de esta Villa 250 A\u00f1os, una mejora en su calidad de vida, sin estigmatizar a sus personas. Queremos trabajar junto a los vecinos\u201d, expres\u00f3 el jefe comunal.<\/p>\n<p>&nbsp;<\/p>\n<p><strong>INTERVENCI\u00d3N POLICIAL<\/strong><\/p>\n<p>Por lo pronto, la intervenci\u00f3n policial es lo m\u00e1s inmediato que se realizar\u00e1 y en este sentido, las autoridades de PDI y Carabineros informaron que se est\u00e1n realizando las coordinaciones para desarrollar operativos focalizados en este sector poblacional.<\/p>\n<p>\u201cFijamos un plan de acci\u00f3n para realizar operativos en conjunto, mediante focalizaci\u00f3n en lugares que consideramos sensibles. Esto lo analizaremos peri\u00f3dicamente, para fijar nuevos cursos de acci\u00f3n. Contaremos con personal anexo al Plan Cuadrante, ser\u00e1n servicios con personal de franco y de oficina, en horarios que consideramos sensibles\u201d, se\u00f1al\u00f3 el comandante Francisco Castro, Subprefecto Operativo de Carabineros.<\/p>\n<p>El alto oficial manifest\u00f3 que no son pocas las veces en que Carabineros no ha sido recibido de buena manera al ingresar a Villa 250 A\u00f1os, lo que obedece a la existencia de grupos incluso armados, as\u00ed como al consumo de alcohol y drogas.<\/p>\n<p>En tanto, el jefe de la Prefectura de la PDI, subprefecto Nelson Loezar, manifest\u00f3 que \u201cbuscamos en definitiva disminuir los delitos que se est\u00e1n produciendo en Villa 250 A\u00f1os, vamos a hacer un trabajo en equipo con Carabineros, cuyo detalle no podemos dar a conocer por razones estrat\u00e9gicas\u201d.<\/p>\n<p>En todo caso, el jefe de la Polic\u00eda Civil en Aconcagua recalc\u00f3 que la intervenci\u00f3n a la Villa no solo puede tener un car\u00e1cter policial, sino que deben realizarse acciones de car\u00e1cter psicosocial y situacional, con la finalidad de enfrentar esta problem\u00e1tica.<\/p>\n<p>&nbsp;<\/p>\n","protected":false},"excerpt":{"rendered":"<p>Se trata de un trabajo que ser\u00e1 de corto, mediano y largo plazo, partiendo por una intervenci\u00f3n policial que realizar\u00e1 Carabineros y PDI. No solo a prop\u00f3sito de los hechos registrados hace&#8230;<\/p>\n","protected":false},"author":482,"featured_media":40838,"comment_status":"open","ping_status":"closed","sticky":false,"template":"","format":"standard","meta":{"advanced_seo_description":"","jetpack_seo_html_title":"","jetpack_seo_noindex":false,"_jetpack_memberships_contains_paid_content":false,"footnotes":""},"categories":[1],"tags":[],"class_list":["post-40837","post","type-post","status-publish","format-standard","has-post-thumbnail","hentry","category-cronica"],"jetpack_featured_media_url":"https:\/\/i0.wp.com\/eltrabajo.cl\/portal\/wp-content\/uploads\/2013\/12\/reunion-intervencion-250.jpg?fit=529%2C353&ssl=1","jetpack_sharing_enabled":true,"jetpack_likes_enabled":true,"jetpack-related-posts":[],"_links":{"self":[{"href":"https:\/\/eltrabajo.cl\/portal\/wp-json\/wp\/v2\/posts\/40837","targetHints":{"allow":["GET"]}}],"collection":[{"href":"https:\/\/eltrabajo.cl\/portal\/wp-json\/wp\/v2\/posts"}],"about":[{"href":"https:\/\/eltrabajo.cl\/portal\/wp-json\/wp\/v2\/types\/post"}],"author":[{"embeddable":true,"href":"https:\/\/eltrabajo.cl\/portal\/wp-json\/wp\/v2\/users\/482"}],"replies":[{"embeddable":true,"href":"https:\/\/eltrabajo.cl\/portal\/wp-json\/wp\/v2\/comments?post=40837"}],"version-history":[{"count":0,"href":"https:\/\/eltrabajo.cl\/portal\/wp-json\/wp\/v2\/posts\/40837\/revisions"}],"wp:featuredmedia":[{"embeddable":true,"href":"https:\/\/eltrabajo.cl\/portal\/wp-json\/wp\/v2\/media\/40838"}],"wp:attachment":[{"href":"https:\/\/eltrabajo.cl\/portal\/wp-json\/wp\/v2\/media?parent=40837"}],"wp:term":[{"taxonomy":"category","embeddable":true,"href":"https:\/\/eltrabajo.cl\/portal\/wp-json\/wp\/v2\/categories?post=40837"},{"taxonomy":"post_tag","embeddable":true,"href":"https:\/\/eltrabajo.cl\/portal\/wp-json\/wp\/v2\/tags?post=40837"}],"curies":[{"name":"wp","href":"https:\/\/api.w.org\/{rel}","templated":true}]}}