{"id":40843,"date":"2013-12-18T09:46:48","date_gmt":"2013-12-18T12:46:48","guid":{"rendered":"http:\/\/www.eltrabajo.cl\/portal\/?p=40843"},"modified":"2013-12-18T09:46:48","modified_gmt":"2013-12-18T12:46:48","slug":"lanzan-bases-festival-palmenia-pizarro-y-su-etapa-local-aconcagua-canta","status":"publish","type":"post","link":"https:\/\/eltrabajo.cl\/portal\/lanzan-bases-festival-palmenia-pizarro-y-su-etapa-local-aconcagua-canta\/","title":{"rendered":"Lanzan bases Festival Palmenia Pizarro y su etapa local \u2018Aconcagua Canta\u2019"},"content":{"rendered":"<figure id=\"attachment_40844\" aria-describedby=\"caption-attachment-40844\" style=\"width: 528px\" class=\"wp-caption alignnone\"><a href=\"https:\/\/i0.wp.com\/www.eltrabajo.cl\/portal\/wp-content\/uploads\/2013\/12\/bases-festival.jpg\"><img data-recalc-dims=\"1\" loading=\"lazy\" decoding=\"async\" class=\"size-full wp-image-40844\" title=\"El Alcalde Patricio Freire, el encargado de Cultura del municipio, Ricardo Ruiz, y el Concejal Dante Rodr\u00edguez dieron a conocer el lanzamiento de las bases.\" alt=\"El Alcalde Patricio Freire, el encargado de Cultura del municipio, Ricardo Ruiz, y el Concejal Dante Rodr\u00edguez dieron a conocer el lanzamiento de las bases.\" src=\"https:\/\/i0.wp.com\/www.eltrabajo.cl\/portal\/wp-content\/uploads\/2013\/12\/bases-festival.jpg?resize=528%2C309\" width=\"528\" height=\"309\" srcset=\"https:\/\/i0.wp.com\/eltrabajo.cl\/portal\/wp-content\/uploads\/2013\/12\/bases-festival.jpg?w=528&amp;ssl=1 528w, https:\/\/i0.wp.com\/eltrabajo.cl\/portal\/wp-content\/uploads\/2013\/12\/bases-festival.jpg?resize=200%2C117&amp;ssl=1 200w, https:\/\/i0.wp.com\/eltrabajo.cl\/portal\/wp-content\/uploads\/2013\/12\/bases-festival.jpg?resize=300%2C175&amp;ssl=1 300w, https:\/\/i0.wp.com\/eltrabajo.cl\/portal\/wp-content\/uploads\/2013\/12\/bases-festival.jpg?resize=150%2C87&amp;ssl=1 150w, https:\/\/i0.wp.com\/eltrabajo.cl\/portal\/wp-content\/uploads\/2013\/12\/bases-festival.jpg?resize=400%2C234&amp;ssl=1 400w\" sizes=\"auto, (max-width: 528px) 100vw, 528px\" \/><\/a><figcaption id=\"caption-attachment-40844\" class=\"wp-caption-text\">El Alcalde Patricio Freire, el encargado de Cultura del municipio, Ricardo Ruiz, y el Concejal Dante Rodr\u00edguez dieron a conocer el lanzamiento de las bases.<\/figcaption><\/figure>\n<p>Desde este martes ya se encuentran disponibles en la p\u00e1gina de la Municipalidad, las bases para participar en el pr\u00f3ximo festival \u2018Aconcagua Canta\u2019, que elegir\u00e1 las dos canciones que representar\u00e1n a esta zona en el pr\u00f3ximo Festival Palmenia Pizarro 2014, uno de los cert\u00e1menes m\u00e1s importantes a nivel nacional.<\/p>\n<p>As\u00ed lo dio a conocer el Alcalde Patricio Freire Canto este martes, quien se\u00f1al\u00f3 que el Municipio ya se encuentra trabajando en las actividades de verano, espec\u00edficamente en el Festival Palmenia Pizarro y en la etapa en que se elegir\u00e1n las canciones representantes de Aconcagua en el certamen de nivel nacional, elecci\u00f3n que se realizar\u00e1 en el marco de la Fiesta de la Chaya, que se efectuar\u00e1 entre el 7 y el 11 de enero pr\u00f3ximo.<\/p>\n<p>Seg\u00fan explic\u00f3 el jefe comunal, el plazo de entrega de las canciones al \u2018Aconcagua Canta\u2019, es el pr\u00f3ximo viernes 3 de enero, hasta las 13:30 horas, entrega que se debe realizar en las oficinas del departamento de Relaciones P\u00fablicas.<\/p>\n<p>Entre las bases del \u2018Aconcagua Canta\u2019, se encuentran que se debe entregar un sobre con un CD con el tema en competencia, el que puede ser acompa\u00f1ado con pistas de varios instrumentos o con un instrumento base, m\u00e1s tres copias de la letra de la canci\u00f3n que participar\u00e1 en el certamen.<\/p>\n<p>El a\u00f1o pasado participaron diez canciones en el \u2018Aconcagua Canta\u2019, de las cuales fueron seleccionadas dos que nos representaron en el Festival Palmenia Pizarro.<\/p>\n<p>Adem\u00e1s ya se encuentran disponibles las bases para el Festival Palmenia Pizarro, tambi\u00e9n en www.municipalidaddesanfelipe.cl, donde est\u00e1 toda la informaci\u00f3n para quienes quieran participar en el m\u00e1s importante certamen del valle de Aconcagua que se realiza en el verano.<\/p>\n<p>El Alcalde Patricio Freire hizo un llamado a los artistas tanto de la zona como a nivel nacional, a participar de la competencia, destacando el alto inter\u00e9s de los m\u00fasicos por participar, lo que ha quedado demostrado en a\u00f1os anteriores, en que artistas de todo el pa\u00eds env\u00edan su material que es seleccionado para la competencia.<\/p>\n<p>\u201cEsperamos a todos los cantantes que quieran participar en el Festival Palmenia Pizarro 2014, y tambi\u00e9n a nivel local, quienes ser\u00e1n parte del \u2018Aconcagua Canta\u2019, donde se eligen dos canciones que representar\u00e1n a esta zona en el certamen del verano, uno de los m\u00e1s importantes que se realizan a nivel nacional\u201d, dijo el jefe comunal.<\/p>\n<p>En tanto, el encargado comunal de Cultura, Ricardo Ruiz, se\u00f1al\u00f3 que las bases ya est\u00e1n disponibles en la p\u00e1gina del municipio, desde donde pueden ser descargadas.<\/p>\n<p>\u201cLa idea es que en la instancia local, los cantantes participen, ellos pueden enviar sus canciones hasta el viernes 3 de enero, que vence el plazo. Ellos van a competir por dos cupos, compitiendo despu\u00e9s en el Festival Palmenia Pizarro. Al igual como ocurri\u00f3 este a\u00f1o 2013, ellos van a competir y de ah\u00ed saldr\u00e1n las dos mejores canciones, luego de que un jurado local los escoja y tendr\u00e1n la posibilidad de competir en el Festival Palmenia Pizarro 2014\u201d, sostuvo Ruiz.<\/p>\n<p>&nbsp;<\/p>\n","protected":false},"excerpt":{"rendered":"<p>Desde este martes ya se encuentran disponibles en la p\u00e1gina de la Municipalidad, las bases para participar en el pr\u00f3ximo festival \u2018Aconcagua Canta\u2019, que elegir\u00e1 las dos canciones que representar\u00e1n a esta&#8230;<\/p>\n","protected":false},"author":482,"featured_media":40844,"comment_status":"open","ping_status":"closed","sticky":false,"template":"","format":"standard","meta":{"advanced_seo_description":"","jetpack_seo_html_title":"","jetpack_seo_noindex":false,"_jetpack_memberships_contains_paid_content":false,"footnotes":""},"categories":[1],"tags":[],"class_list":["post-40843","post","type-post","status-publish","format-standard","has-post-thumbnail","hentry","category-cronica"],"jetpack_featured_media_url":"https:\/\/i0.wp.com\/eltrabajo.cl\/portal\/wp-content\/uploads\/2013\/12\/bases-festival.jpg?fit=528%2C309&ssl=1","jetpack_sharing_enabled":true,"jetpack_likes_enabled":true,"jetpack-related-posts":[],"_links":{"self":[{"href":"https:\/\/eltrabajo.cl\/portal\/wp-json\/wp\/v2\/posts\/40843","targetHints":{"allow":["GET"]}}],"collection":[{"href":"https:\/\/eltrabajo.cl\/portal\/wp-json\/wp\/v2\/posts"}],"about":[{"href":"https:\/\/eltrabajo.cl\/portal\/wp-json\/wp\/v2\/types\/post"}],"author":[{"embeddable":true,"href":"https:\/\/eltrabajo.cl\/portal\/wp-json\/wp\/v2\/users\/482"}],"replies":[{"embeddable":true,"href":"https:\/\/eltrabajo.cl\/portal\/wp-json\/wp\/v2\/comments?post=40843"}],"version-history":[{"count":0,"href":"https:\/\/eltrabajo.cl\/portal\/wp-json\/wp\/v2\/posts\/40843\/revisions"}],"wp:featuredmedia":[{"embeddable":true,"href":"https:\/\/eltrabajo.cl\/portal\/wp-json\/wp\/v2\/media\/40844"}],"wp:attachment":[{"href":"https:\/\/eltrabajo.cl\/portal\/wp-json\/wp\/v2\/media?parent=40843"}],"wp:term":[{"taxonomy":"category","embeddable":true,"href":"https:\/\/eltrabajo.cl\/portal\/wp-json\/wp\/v2\/categories?post=40843"},{"taxonomy":"post_tag","embeddable":true,"href":"https:\/\/eltrabajo.cl\/portal\/wp-json\/wp\/v2\/tags?post=40843"}],"curies":[{"name":"wp","href":"https:\/\/api.w.org\/{rel}","templated":true}]}}