{"id":40851,"date":"2013-12-18T09:51:54","date_gmt":"2013-12-18T12:51:54","guid":{"rendered":"http:\/\/www.eltrabajo.cl\/portal\/?p=40851"},"modified":"2013-12-18T09:51:54","modified_gmt":"2013-12-18T12:51:54","slug":"usuaria-cesfam-putaendo-acusa-mal-trato-por-parte-de-medico-dentista","status":"publish","type":"post","link":"https:\/\/eltrabajo.cl\/portal\/usuaria-cesfam-putaendo-acusa-mal-trato-por-parte-de-medico-dentista\/","title":{"rendered":"Usuaria Cesfam Putaendo acusa mal trato por parte de m\u00e9dico dentista"},"content":{"rendered":"<figure id=\"attachment_40852\" aria-describedby=\"caption-attachment-40852\" style=\"width: 317px\" class=\"wp-caption alignleft\"><a href=\"https:\/\/i0.wp.com\/www.eltrabajo.cl\/portal\/wp-content\/uploads\/2013\/12\/Nora-herrera-denuncia-a-dentista.jpg\"><img data-recalc-dims=\"1\" loading=\"lazy\" decoding=\"async\" class=\" wp-image-40852 \" title=\"Nora Herrera estamp\u00f3 el reclamo en el Cesfam de Putaendo y posteriormente lo reiter\u00f3 en la municipalidad.\" alt=\"Nora Herrera estamp\u00f3 el reclamo en el Cesfam de Putaendo y posteriormente lo reiter\u00f3 en la municipalidad.\" src=\"https:\/\/i0.wp.com\/www.eltrabajo.cl\/portal\/wp-content\/uploads\/2013\/12\/Nora-herrera-denuncia-a-dentista.jpg?resize=317%2C250\" width=\"317\" height=\"250\" srcset=\"https:\/\/i0.wp.com\/eltrabajo.cl\/portal\/wp-content\/uploads\/2013\/12\/Nora-herrera-denuncia-a-dentista.jpg?w=529&amp;ssl=1 529w, https:\/\/i0.wp.com\/eltrabajo.cl\/portal\/wp-content\/uploads\/2013\/12\/Nora-herrera-denuncia-a-dentista.jpg?resize=190%2C150&amp;ssl=1 190w, https:\/\/i0.wp.com\/eltrabajo.cl\/portal\/wp-content\/uploads\/2013\/12\/Nora-herrera-denuncia-a-dentista.jpg?resize=150%2C117&amp;ssl=1 150w, https:\/\/i0.wp.com\/eltrabajo.cl\/portal\/wp-content\/uploads\/2013\/12\/Nora-herrera-denuncia-a-dentista.jpg?resize=400%2C314&amp;ssl=1 400w\" sizes=\"auto, (max-width: 317px) 100vw, 317px\" \/><\/a><figcaption id=\"caption-attachment-40852\" class=\"wp-caption-text\">Nora Herrera estamp\u00f3 el reclamo en el Cesfam de Putaendo y posteriormente lo reiter\u00f3 en la municipalidad.<\/figcaption><\/figure>\n<p><strong>PUTAENDO.<\/strong>&#8211; La se\u00f1ora Nora Herrera Olivares, visiblemente molesta, denunci\u00f3 que recibi\u00f3 un mal trato como usuaria por parte de uno de los m\u00e9dicos dentista que atiende en el Cesfam Valle Los Libertadores de Putaendo.<\/p>\n<p>La se\u00f1ora Nora se acerc\u00f3 a Diario El Trabajo para denunciar p\u00fablicamente la situaci\u00f3n vivida, asegurando que lo hace para que no le ocurra a otra persona y m\u00e1s a\u00fan luego de enterarse que el mismo ortodoncista tambi\u00e9n ha hecho lo mismo con otros usuarios.<\/p>\n<p>La mujer asegura que en horas de la ma\u00f1ana de este martes acudi\u00f3 hasta el Cesfam por un dolor en una de sus muelas y que fue atendida por el dentista de turno, quien le inyect\u00f3 la anestesia, lo que le provoc\u00f3 un dolor que nunca hab\u00eda sentido cuando la hab\u00eda atendido otro m\u00e9dico, por lo que le manifest\u00f3 al dentista que era mucho el dolor que ten\u00eda en su cara, agregando que el profesional se burl\u00f3 de ella, le apret\u00f3 la cara con demasiada fuerza y que comenz\u00f3 a hablarle en forma despectiva, y seg\u00fan su relato, varias incoherencias, recibiendo un muy mal trato y lo m\u00e1s grave, una brusquedad innecesaria por parte del m\u00e9dico.<\/p>\n<p>Nora Herrera estamp\u00f3 el reclamo en el Cesfam de Putaendo y posteriormente acudi\u00f3 a la municipalidad donde tambi\u00e9n present\u00f3 su reclamo ante el administrador municipal Mauricio Quiroz, asegurando en forma categ\u00f3rica que este dentista no est\u00e1 capacitado para atender p\u00fablico, pues es sumamente brusco, atiende de p\u00e9sima manera y se burla de los usuarios.<\/p>\n<p>Diario El Trabajo quiso tener la versi\u00f3n del Cesfam Valle Los Libertadores y se entrevist\u00f3 con el Director (S) Dr. Ronny Z\u00fa\u00f1iga, quien se excus\u00f3 de responder nuestras consultas pues dijo que est\u00e1 a la espera de tener el reclamo formal y reunir los antecedentes antes de poder entregar una versi\u00f3n oficial.<\/p>\n<p>Nuestro medio convers\u00f3 fuera de micr\u00f3fono con varios funcionarios del Cesfam, quienes nos manifestaron su molestia pues los reclamos en contra de este dentista son reiterativos y la gente tiende a pensar que el tema de la mala atenci\u00f3n es generalizado e incluso se\u00f1alaron que el actual Director (S), ya en varias ocasiones le pidi\u00f3 encarecidamente al mencionado dentista que cambiara su modo y forma de atender al p\u00fablico.<\/p>\n<p>Este hecho no es nuevo, pues incluso en m\u00e1s de una ocasi\u00f3n el Concejo Municipal y el propio alcalde han tomado conocimiento de esta situaci\u00f3n y al parecer los hechos denunciados por varios usuarios son similares en cuanto a la forma en que el m\u00e9dico los trat\u00f3 luego de ser atendidos en el Cesfam.<\/p>\n<p>La se\u00f1ora Nora, al igual que varios funcionarios del Cesfam Valle Los Libertadores, esperan que las autoridades de una vez por todas pongan atajo a este tipo de situaciones que claramente ya no son un hecho aislado y se trata de constantes incidentes, de los cuales varios han salido a la opini\u00f3n p\u00fablica.<\/p>\n<p>&nbsp;<\/p>\n","protected":false},"excerpt":{"rendered":"<p>PUTAENDO.&#8211; La se\u00f1ora Nora Herrera Olivares, visiblemente molesta, denunci\u00f3 que recibi\u00f3 un mal trato como usuaria por parte de uno de los m\u00e9dicos dentista que atiende en el Cesfam Valle Los Libertadores&#8230;<\/p>\n","protected":false},"author":482,"featured_media":40852,"comment_status":"open","ping_status":"closed","sticky":false,"template":"","format":"standard","meta":{"advanced_seo_description":"","jetpack_seo_html_title":"","jetpack_seo_noindex":false,"_jetpack_memberships_contains_paid_content":false,"footnotes":""},"categories":[15],"tags":[],"class_list":["post-40851","post","type-post","status-publish","format-standard","has-post-thumbnail","hentry","category-comunidad"],"jetpack_featured_media_url":"https:\/\/i0.wp.com\/eltrabajo.cl\/portal\/wp-content\/uploads\/2013\/12\/Nora-herrera-denuncia-a-dentista.jpg?fit=529%2C416&ssl=1","jetpack_sharing_enabled":true,"jetpack_likes_enabled":true,"jetpack-related-posts":[],"_links":{"self":[{"href":"https:\/\/eltrabajo.cl\/portal\/wp-json\/wp\/v2\/posts\/40851","targetHints":{"allow":["GET"]}}],"collection":[{"href":"https:\/\/eltrabajo.cl\/portal\/wp-json\/wp\/v2\/posts"}],"about":[{"href":"https:\/\/eltrabajo.cl\/portal\/wp-json\/wp\/v2\/types\/post"}],"author":[{"embeddable":true,"href":"https:\/\/eltrabajo.cl\/portal\/wp-json\/wp\/v2\/users\/482"}],"replies":[{"embeddable":true,"href":"https:\/\/eltrabajo.cl\/portal\/wp-json\/wp\/v2\/comments?post=40851"}],"version-history":[{"count":0,"href":"https:\/\/eltrabajo.cl\/portal\/wp-json\/wp\/v2\/posts\/40851\/revisions"}],"wp:featuredmedia":[{"embeddable":true,"href":"https:\/\/eltrabajo.cl\/portal\/wp-json\/wp\/v2\/media\/40852"}],"wp:attachment":[{"href":"https:\/\/eltrabajo.cl\/portal\/wp-json\/wp\/v2\/media?parent=40851"}],"wp:term":[{"taxonomy":"category","embeddable":true,"href":"https:\/\/eltrabajo.cl\/portal\/wp-json\/wp\/v2\/categories?post=40851"},{"taxonomy":"post_tag","embeddable":true,"href":"https:\/\/eltrabajo.cl\/portal\/wp-json\/wp\/v2\/tags?post=40851"}],"curies":[{"name":"wp","href":"https:\/\/api.w.org\/{rel}","templated":true}]}}