{"id":40868,"date":"2013-12-19T09:32:52","date_gmt":"2013-12-19T12:32:52","guid":{"rendered":"http:\/\/www.eltrabajo.cl\/portal\/?p=40868"},"modified":"2013-12-19T09:32:52","modified_gmt":"2013-12-19T12:32:52","slug":"mas-de-140-estudiantes-se-titulan-con-exito-en-el-dario-salas","status":"publish","type":"post","link":"https:\/\/eltrabajo.cl\/portal\/mas-de-140-estudiantes-se-titulan-con-exito-en-el-dario-salas\/","title":{"rendered":"M\u00e1s de 140 estudiantes se titulan con \u00e9xito en el Dar\u00edo Salas"},"content":{"rendered":"<figure id=\"attachment_40869\" aria-describedby=\"caption-attachment-40869\" style=\"width: 528px\" class=\"wp-caption alignnone\"><a href=\"https:\/\/i0.wp.com\/www.eltrabajo.cl\/portal\/wp-content\/uploads\/2013\/12\/Dario-Salas.jpg\"><img data-recalc-dims=\"1\" loading=\"lazy\" decoding=\"async\" class=\"size-full wp-image-40869\" title=\"LA JUVENTUD IMPONE.- Ellos son los j\u00f3venes de 8\u00ba B\u00e1sico del Dar\u00edo Salas, a\u00f1os de sue\u00f1os y anhelos de crecer, es lo que les corona este a\u00f1o escolar a cada uno de ellos.\" alt=\"LA JUVENTUD IMPONE.- Ellos son los j\u00f3venes de 8\u00ba B\u00e1sico del Dar\u00edo Salas, a\u00f1os de sue\u00f1os y anhelos de crecer, es lo que les corona este a\u00f1o escolar a cada uno de ellos.\" src=\"https:\/\/i0.wp.com\/www.eltrabajo.cl\/portal\/wp-content\/uploads\/2013\/12\/Dario-Salas.jpg?resize=528%2C352\" width=\"528\" height=\"352\" srcset=\"https:\/\/i0.wp.com\/eltrabajo.cl\/portal\/wp-content\/uploads\/2013\/12\/Dario-Salas.jpg?w=528&amp;ssl=1 528w, https:\/\/i0.wp.com\/eltrabajo.cl\/portal\/wp-content\/uploads\/2013\/12\/Dario-Salas.jpg?resize=200%2C133&amp;ssl=1 200w, https:\/\/i0.wp.com\/eltrabajo.cl\/portal\/wp-content\/uploads\/2013\/12\/Dario-Salas.jpg?resize=300%2C200&amp;ssl=1 300w, https:\/\/i0.wp.com\/eltrabajo.cl\/portal\/wp-content\/uploads\/2013\/12\/Dario-Salas.jpg?resize=150%2C100&amp;ssl=1 150w, https:\/\/i0.wp.com\/eltrabajo.cl\/portal\/wp-content\/uploads\/2013\/12\/Dario-Salas.jpg?resize=400%2C266&amp;ssl=1 400w\" sizes=\"auto, (max-width: 528px) 100vw, 528px\" \/><\/a><figcaption id=\"caption-attachment-40869\" class=\"wp-caption-text\">LA JUVENTUD IMPONE.- Ellos son los j\u00f3venes de 8\u00ba B\u00e1sico del Dar\u00edo Salas, a\u00f1os de sue\u00f1os y anhelos de crecer, es lo que les corona este a\u00f1o escolar a cada uno de ellos.<\/figcaption><\/figure>\n<p><strong>SANTA MAR\u00cdA.<\/strong>&#8211; Esta semana se titularon decenas de estudiantes en el Liceo Dar\u00edo Salas de Santa Mar\u00eda, fueron muchos a\u00f1os los que cada egresado tuvo que sostener un plan de estudios y mucha perseverancia. De Kinder salieron 28 peque\u00f1itos; de 8\u00ba B\u00e1sico fueron 56 los que abandonaron las aulas; de 4\u00ba Medio unos 34 j\u00f3venes terminaron el proceso y unos 22 egresaron como T\u00e9cnicos en Administraci\u00f3n, Contabilidad.<\/p>\n<figure id=\"attachment_40871\" aria-describedby=\"caption-attachment-40871\" style=\"width: 222px\" class=\"wp-caption alignleft\"><a href=\"https:\/\/i0.wp.com\/www.eltrabajo.cl\/portal\/wp-content\/uploads\/2013\/12\/Titulacion1.jpg\"><img data-recalc-dims=\"1\" loading=\"lazy\" decoding=\"async\" class=\" wp-image-40871  \" title=\"IMPARABLES.- Ellos son de los que no se conformaron con poco, siguieron estudiando y ahora van disparados al mundo laboral.\" alt=\"IMPARABLES.- Ellos son de los que no se conformaron con poco, siguieron estudiando y ahora van disparados al mundo laboral.\" src=\"https:\/\/i0.wp.com\/www.eltrabajo.cl\/portal\/wp-content\/uploads\/2013\/12\/Titulacion1.jpg?resize=222%2C156\" width=\"222\" height=\"156\" srcset=\"https:\/\/i0.wp.com\/eltrabajo.cl\/portal\/wp-content\/uploads\/2013\/12\/Titulacion1.jpg?w=529&amp;ssl=1 529w, https:\/\/i0.wp.com\/eltrabajo.cl\/portal\/wp-content\/uploads\/2013\/12\/Titulacion1.jpg?resize=200%2C140&amp;ssl=1 200w, https:\/\/i0.wp.com\/eltrabajo.cl\/portal\/wp-content\/uploads\/2013\/12\/Titulacion1.jpg?resize=300%2C210&amp;ssl=1 300w, https:\/\/i0.wp.com\/eltrabajo.cl\/portal\/wp-content\/uploads\/2013\/12\/Titulacion1.jpg?resize=150%2C105&amp;ssl=1 150w, https:\/\/i0.wp.com\/eltrabajo.cl\/portal\/wp-content\/uploads\/2013\/12\/Titulacion1.jpg?resize=400%2C281&amp;ssl=1 400w\" sizes=\"auto, (max-width: 222px) 100vw, 222px\" \/><\/a><figcaption id=\"caption-attachment-40871\" class=\"wp-caption-text\">IMPARABLES.- Ellos son de los que no se conformaron con poco, siguieron estudiando y ahora van disparados al mundo laboral.<\/figcaption><\/figure>\n<figure id=\"attachment_40870\" aria-describedby=\"caption-attachment-40870\" style=\"width: 222px\" class=\"wp-caption alignright\"><a href=\"https:\/\/i0.wp.com\/www.eltrabajo.cl\/portal\/wp-content\/uploads\/2013\/12\/Licenciatura1.jpg\"><img data-recalc-dims=\"1\" loading=\"lazy\" decoding=\"async\" class=\" wp-image-40870  \" title=\"COSECHANDO.- La Licenciatura tambi\u00e9n fue muy emotiva, cada uno de los chicos supo disfrutar de los aplausos y abrazos de sus seres queridos en este momento de triunfo.\" alt=\"COSECHANDO.- La Licenciatura tambi\u00e9n fue muy emotiva, cada uno de los chicos supo disfrutar de los aplausos y abrazos de sus seres queridos en este momento de triunfo.\" src=\"https:\/\/i0.wp.com\/www.eltrabajo.cl\/portal\/wp-content\/uploads\/2013\/12\/Licenciatura1.jpg?resize=222%2C152\" width=\"222\" height=\"152\" srcset=\"https:\/\/i0.wp.com\/eltrabajo.cl\/portal\/wp-content\/uploads\/2013\/12\/Licenciatura1.jpg?w=529&amp;ssl=1 529w, https:\/\/i0.wp.com\/eltrabajo.cl\/portal\/wp-content\/uploads\/2013\/12\/Licenciatura1.jpg?resize=200%2C136&amp;ssl=1 200w, https:\/\/i0.wp.com\/eltrabajo.cl\/portal\/wp-content\/uploads\/2013\/12\/Licenciatura1.jpg?resize=300%2C204&amp;ssl=1 300w, https:\/\/i0.wp.com\/eltrabajo.cl\/portal\/wp-content\/uploads\/2013\/12\/Licenciatura1.jpg?resize=150%2C102&amp;ssl=1 150w, https:\/\/i0.wp.com\/eltrabajo.cl\/portal\/wp-content\/uploads\/2013\/12\/Licenciatura1.jpg?resize=400%2C272&amp;ssl=1 400w\" sizes=\"auto, (max-width: 222px) 100vw, 222px\" \/><\/a><figcaption id=\"caption-attachment-40870\" class=\"wp-caption-text\">COSECHANDO.- La Licenciatura tambi\u00e9n fue muy emotiva, cada uno de los chicos supo disfrutar de los aplausos y abrazos de sus seres queridos en este momento de triunfo.<\/figcaption><\/figure>\n<p>El Liceo Dar\u00edo Salas cuenta con una matr\u00edcula de alrededor de 600 alumnos distribuidos desde pre kinder a cuarto a\u00f1o de ense\u00f1anza media t\u00e9cnico profesional. La especialidad de Secretariado dejar\u00e1 de impartirse a partir del a\u00f1o 2014. Tiene convenio de continuidad de estudios con Instituto Profesional de Los Andes y Universidad de Playa Ancha de Ciencias de la Educaci\u00f3n.<\/p>\n<figure id=\"attachment_40874\" aria-describedby=\"caption-attachment-40874\" style=\"width: 222px\" class=\"wp-caption alignleft\"><a href=\"https:\/\/i0.wp.com\/www.eltrabajo.cl\/portal\/wp-content\/uploads\/2013\/12\/Salas1.jpg\"><img data-recalc-dims=\"1\" loading=\"lazy\" decoding=\"async\" class=\"wp-image-40874  \" title=\"LA PARTIDA.- Algunos estudiantes especiales tambi\u00e9n dejaron m\u00e1s que una l\u00e1grima en este liceo, los profesores los despidieron con un gran brazo y mucho cari\u00f1o.\" alt=\"LA PARTIDA.- Algunos estudiantes especiales tambi\u00e9n dejaron m\u00e1s que una l\u00e1grima en este liceo, los profesores los despidieron con un gran brazo y mucho cari\u00f1o.\" src=\"https:\/\/i0.wp.com\/www.eltrabajo.cl\/portal\/wp-content\/uploads\/2013\/12\/Salas1.jpg?resize=222%2C163\" width=\"222\" height=\"163\" srcset=\"https:\/\/i0.wp.com\/eltrabajo.cl\/portal\/wp-content\/uploads\/2013\/12\/Salas1.jpg?w=529&amp;ssl=1 529w, https:\/\/i0.wp.com\/eltrabajo.cl\/portal\/wp-content\/uploads\/2013\/12\/Salas1.jpg?resize=200%2C147&amp;ssl=1 200w, https:\/\/i0.wp.com\/eltrabajo.cl\/portal\/wp-content\/uploads\/2013\/12\/Salas1.jpg?resize=300%2C220&amp;ssl=1 300w, https:\/\/i0.wp.com\/eltrabajo.cl\/portal\/wp-content\/uploads\/2013\/12\/Salas1.jpg?resize=150%2C110&amp;ssl=1 150w, https:\/\/i0.wp.com\/eltrabajo.cl\/portal\/wp-content\/uploads\/2013\/12\/Salas1.jpg?resize=400%2C294&amp;ssl=1 400w\" sizes=\"auto, (max-width: 222px) 100vw, 222px\" \/><\/a><figcaption id=\"caption-attachment-40874\" class=\"wp-caption-text\">LA PARTIDA.- Algunos estudiantes especiales tambi\u00e9n dejaron m\u00e1s que una l\u00e1grima en este liceo, los profesores los despidieron con un gran brazo y mucho cari\u00f1o.<\/figcaption><\/figure>\n<figure id=\"attachment_40872\" aria-describedby=\"caption-attachment-40872\" style=\"width: 222px\" class=\"wp-caption alignright\"><a href=\"https:\/\/i0.wp.com\/www.eltrabajo.cl\/portal\/wp-content\/uploads\/2013\/12\/Kinder1.jpg\"><img data-recalc-dims=\"1\" loading=\"lazy\" decoding=\"async\" class=\"wp-image-40872 \" title=\"EMPEZANDO.- Aqu\u00ed tenemos a los peque\u00f1itos que en 2014 llenar\u00e1n de alegr\u00eda y mucho ruido las aulas del 1\u00ba B\u00e1sico, pues son los que hoy dejan atr\u00e1s el Kinder.\" alt=\"EMPEZANDO.- Aqu\u00ed tenemos a los peque\u00f1itos que en 2014 llenar\u00e1n de alegr\u00eda y mucho ruido las aulas del 1\u00ba B\u00e1sico, pues son los que hoy dejan atr\u00e1s el Kinder.\" src=\"https:\/\/i0.wp.com\/www.eltrabajo.cl\/portal\/wp-content\/uploads\/2013\/12\/Kinder1.jpg?resize=222%2C146\" width=\"222\" height=\"146\" srcset=\"https:\/\/i0.wp.com\/eltrabajo.cl\/portal\/wp-content\/uploads\/2013\/12\/Kinder1.jpg?w=529&amp;ssl=1 529w, https:\/\/i0.wp.com\/eltrabajo.cl\/portal\/wp-content\/uploads\/2013\/12\/Kinder1.jpg?resize=200%2C131&amp;ssl=1 200w, https:\/\/i0.wp.com\/eltrabajo.cl\/portal\/wp-content\/uploads\/2013\/12\/Kinder1.jpg?resize=300%2C197&amp;ssl=1 300w, https:\/\/i0.wp.com\/eltrabajo.cl\/portal\/wp-content\/uploads\/2013\/12\/Kinder1.jpg?resize=150%2C98&amp;ssl=1 150w, https:\/\/i0.wp.com\/eltrabajo.cl\/portal\/wp-content\/uploads\/2013\/12\/Kinder1.jpg?resize=400%2C263&amp;ssl=1 400w\" sizes=\"auto, (max-width: 222px) 100vw, 222px\" \/><\/a><figcaption id=\"caption-attachment-40872\" class=\"wp-caption-text\">EMPEZANDO.- Aqu\u00ed tenemos a los peque\u00f1itos que en 2014 llenar\u00e1n de alegr\u00eda y mucho ruido las aulas del 1\u00ba B\u00e1sico, pues son los que hoy dejan atr\u00e1s el Kinder.<\/figcaption><\/figure>\n<p>Est\u00e1 dotado con una planta docente de 50 profesores, titulados en sus respectivas \u00e1reas y con un alto grado de perfeccionamiento en prestigiosas instituciones de educaci\u00f3n superior.<\/p>\n<p>Roberto Gonz\u00e1lez Short<\/p>\n<p>rgonzalez@eltrabajo.cl<\/p>\n<p>&nbsp;<\/p>\n","protected":false},"excerpt":{"rendered":"<p>SANTA MAR\u00cdA.&#8211; Esta semana se titularon decenas de estudiantes en el Liceo Dar\u00edo Salas de Santa Mar\u00eda, fueron muchos a\u00f1os los que cada egresado tuvo que sostener un plan de estudios y&#8230;<\/p>\n","protected":false},"author":482,"featured_media":40869,"comment_status":"open","ping_status":"closed","sticky":false,"template":"","format":"standard","meta":{"advanced_seo_description":"","jetpack_seo_html_title":"","jetpack_seo_noindex":false,"_jetpack_memberships_contains_paid_content":false,"footnotes":""},"categories":[15],"tags":[],"class_list":["post-40868","post","type-post","status-publish","format-standard","has-post-thumbnail","hentry","category-comunidad"],"jetpack_featured_media_url":"https:\/\/i0.wp.com\/eltrabajo.cl\/portal\/wp-content\/uploads\/2013\/12\/Dario-Salas.jpg?fit=528%2C352&ssl=1","jetpack_sharing_enabled":true,"jetpack_likes_enabled":true,"jetpack-related-posts":[],"_links":{"self":[{"href":"https:\/\/eltrabajo.cl\/portal\/wp-json\/wp\/v2\/posts\/40868","targetHints":{"allow":["GET"]}}],"collection":[{"href":"https:\/\/eltrabajo.cl\/portal\/wp-json\/wp\/v2\/posts"}],"about":[{"href":"https:\/\/eltrabajo.cl\/portal\/wp-json\/wp\/v2\/types\/post"}],"author":[{"embeddable":true,"href":"https:\/\/eltrabajo.cl\/portal\/wp-json\/wp\/v2\/users\/482"}],"replies":[{"embeddable":true,"href":"https:\/\/eltrabajo.cl\/portal\/wp-json\/wp\/v2\/comments?post=40868"}],"version-history":[{"count":0,"href":"https:\/\/eltrabajo.cl\/portal\/wp-json\/wp\/v2\/posts\/40868\/revisions"}],"wp:featuredmedia":[{"embeddable":true,"href":"https:\/\/eltrabajo.cl\/portal\/wp-json\/wp\/v2\/media\/40869"}],"wp:attachment":[{"href":"https:\/\/eltrabajo.cl\/portal\/wp-json\/wp\/v2\/media?parent=40868"}],"wp:term":[{"taxonomy":"category","embeddable":true,"href":"https:\/\/eltrabajo.cl\/portal\/wp-json\/wp\/v2\/categories?post=40868"},{"taxonomy":"post_tag","embeddable":true,"href":"https:\/\/eltrabajo.cl\/portal\/wp-json\/wp\/v2\/tags?post=40868"}],"curies":[{"name":"wp","href":"https:\/\/api.w.org\/{rel}","templated":true}]}}