{"id":40880,"date":"2013-12-19T09:35:49","date_gmt":"2013-12-19T12:35:49","guid":{"rendered":"http:\/\/www.eltrabajo.cl\/portal\/?p=40880"},"modified":"2013-12-19T09:48:48","modified_gmt":"2013-12-19T12:48:48","slug":"peques-y-jovenes-de-la-escuela-el-tambo-siguen-cosechando-triunfos","status":"publish","type":"post","link":"https:\/\/eltrabajo.cl\/portal\/peques-y-jovenes-de-la-escuela-el-tambo-siguen-cosechando-triunfos\/","title":{"rendered":"Peques y j\u00f3venes de la Escuela El Tambo siguen cosechando triunfos"},"content":{"rendered":"<figure id=\"attachment_40881\" aria-describedby=\"caption-attachment-40881\" style=\"width: 529px\" class=\"wp-caption alignnone\"><a href=\"https:\/\/i0.wp.com\/www.eltrabajo.cl\/portal\/wp-content\/uploads\/2013\/12\/Octavo-Tambo.jpg\"><img data-recalc-dims=\"1\" loading=\"lazy\" decoding=\"async\" class=\"size-full wp-image-40881\" title=\"CUMPLIERON.- Los m\u00e1s aplicados terminaron el 8\u00ba B\u00e1sico para ingresar a la educaci\u00f3n Media, Diario El Trabajo les desea lo mejor para 2014.\" alt=\"CUMPLIERON.- Los m\u00e1s aplicados terminaron el 8\u00ba B\u00e1sico para ingresar a la educaci\u00f3n Media, Diario El Trabajo les desea lo mejor para 2014.\" src=\"https:\/\/i0.wp.com\/www.eltrabajo.cl\/portal\/wp-content\/uploads\/2013\/12\/Octavo-Tambo.jpg?resize=529%2C375\" width=\"529\" height=\"375\" srcset=\"https:\/\/i0.wp.com\/eltrabajo.cl\/portal\/wp-content\/uploads\/2013\/12\/Octavo-Tambo.jpg?w=529&amp;ssl=1 529w, https:\/\/i0.wp.com\/eltrabajo.cl\/portal\/wp-content\/uploads\/2013\/12\/Octavo-Tambo.jpg?resize=200%2C141&amp;ssl=1 200w, https:\/\/i0.wp.com\/eltrabajo.cl\/portal\/wp-content\/uploads\/2013\/12\/Octavo-Tambo.jpg?resize=300%2C212&amp;ssl=1 300w, https:\/\/i0.wp.com\/eltrabajo.cl\/portal\/wp-content\/uploads\/2013\/12\/Octavo-Tambo.jpg?resize=150%2C106&amp;ssl=1 150w, https:\/\/i0.wp.com\/eltrabajo.cl\/portal\/wp-content\/uploads\/2013\/12\/Octavo-Tambo.jpg?resize=400%2C283&amp;ssl=1 400w\" sizes=\"auto, (max-width: 529px) 100vw, 529px\" \/><\/a><figcaption id=\"caption-attachment-40881\" class=\"wp-caption-text\">CUMPLIERON.- Los m\u00e1s aplicados terminaron el 8\u00ba B\u00e1sico para ingresar a la educaci\u00f3n Media, Diario El Trabajo les desea lo mejor para 2014.<\/figcaption><\/figure>\n<p>La Escuela Art\u00edstica Rep\u00fablica Argentina, ubicada en El Tambo, camino Tocornal, celebr\u00f3 en grande las licenciaturas de los peques de Kinder y chicos del 6\u00ba B\u00e1sico que este a\u00f1o asumen nuevos roles en su proceso educativo. Es por ello que tambi\u00e9n a ellos en Diario El Trabajo queremos felicitarlos cordialmente por cerrar con Nota 7 esta etapa en su formaci\u00f3n escolar.<\/p>\n<figure id=\"attachment_40882\" aria-describedby=\"caption-attachment-40882\" style=\"width: 370px\" class=\"wp-caption alignright\"><a href=\"https:\/\/i0.wp.com\/www.eltrabajo.cl\/portal\/wp-content\/uploads\/2013\/12\/Kinder-Tambo.jpg\"><img data-recalc-dims=\"1\" loading=\"lazy\" decoding=\"async\" class=\" wp-image-40882 \" title=\"TRAEN DINAMITA.- Aqu\u00ed Est\u00e1n los regalones de Kinder, que en 2014 calentar\u00e1n el ambiente en 1\u00ba B\u00e1sico. \u00a1Felicidades chiquillos!\" alt=\"TRAEN DINAMITA.- Aqu\u00ed Est\u00e1n los regalones de Kinder, que en 2014 calentar\u00e1n el ambiente en 1\u00ba B\u00e1sico. \u00a1Felicidades chiquillos!\" src=\"https:\/\/i0.wp.com\/www.eltrabajo.cl\/portal\/wp-content\/uploads\/2013\/12\/Kinder-Tambo.jpg?resize=370%2C268\" width=\"370\" height=\"268\" srcset=\"https:\/\/i0.wp.com\/eltrabajo.cl\/portal\/wp-content\/uploads\/2013\/12\/Kinder-Tambo.jpg?w=529&amp;ssl=1 529w, https:\/\/i0.wp.com\/eltrabajo.cl\/portal\/wp-content\/uploads\/2013\/12\/Kinder-Tambo.jpg?resize=200%2C144&amp;ssl=1 200w, https:\/\/i0.wp.com\/eltrabajo.cl\/portal\/wp-content\/uploads\/2013\/12\/Kinder-Tambo.jpg?resize=300%2C217&amp;ssl=1 300w, https:\/\/i0.wp.com\/eltrabajo.cl\/portal\/wp-content\/uploads\/2013\/12\/Kinder-Tambo.jpg?resize=150%2C108&amp;ssl=1 150w, https:\/\/i0.wp.com\/eltrabajo.cl\/portal\/wp-content\/uploads\/2013\/12\/Kinder-Tambo.jpg?resize=400%2C289&amp;ssl=1 400w\" sizes=\"auto, (max-width: 370px) 100vw, 370px\" \/><\/a><figcaption id=\"caption-attachment-40882\" class=\"wp-caption-text\">TRAEN DINAMITA.- Aqu\u00ed Est\u00e1n los regalones de Kinder, que en 2014 calentar\u00e1n el ambiente en 1\u00ba B\u00e1sico. \u00a1Felicidades chiquillos!<\/figcaption><\/figure>\n<p>La Escuela Mixta N\u00ba17, actual Rep\u00fablica Argentina, naci\u00f3 al a\u00f1o siguiente de haber terminado la II Guerra Mundial, el 7 de abril de 1946 en la localidad de El Tambo de San Felipe, en una casona particular del sector que queda ubicada al costado de Calle Tocornal. En aquel tiempo la incomodidad del lugar donde se hac\u00edan clases era notoria, pues el establecimiento era muy peque\u00f1o e inc\u00f3modo, urg\u00eda en forma inmediata tener un mejor espacio para educar a los ni\u00f1os de aquel entonces. No obstante, Dios toc\u00f3 el coraz\u00f3n de un hombre llamado Pedro \u00c1ngel Zamora Cer\u00f3n, quien don\u00f3 los terrenos en 1960 para que la escuelita pudiera realizar sus funciones educativas, dando as\u00ed a la re-fundaci\u00f3n en 1963 de la Escuela Rep\u00fablica Argentina, desde el a\u00f1o 2008 esta escuela comienza a trabajar su proyecto educativo institucional basadas en el desarrollo de las artes y la cultura, donde comenz\u00f3 a llamarse Escuela Art\u00edstica Rep\u00fablica Argentina.<\/p>\n<p>&nbsp;<\/p>\n","protected":false},"excerpt":{"rendered":"<p>La Escuela Art\u00edstica Rep\u00fablica Argentina, ubicada en El Tambo, camino Tocornal, celebr\u00f3 en grande las licenciaturas de los peques de Kinder y chicos del 6\u00ba B\u00e1sico que este a\u00f1o asumen nuevos roles&#8230;<\/p>\n","protected":false},"author":482,"featured_media":40881,"comment_status":"open","ping_status":"closed","sticky":false,"template":"","format":"standard","meta":{"advanced_seo_description":"","jetpack_seo_html_title":"","jetpack_seo_noindex":false,"_jetpack_memberships_contains_paid_content":false,"footnotes":""},"categories":[15],"tags":[],"class_list":["post-40880","post","type-post","status-publish","format-standard","has-post-thumbnail","hentry","category-comunidad"],"jetpack_featured_media_url":"https:\/\/i0.wp.com\/eltrabajo.cl\/portal\/wp-content\/uploads\/2013\/12\/Octavo-Tambo.jpg?fit=529%2C375&ssl=1","jetpack_sharing_enabled":true,"jetpack_likes_enabled":true,"jetpack-related-posts":[],"_links":{"self":[{"href":"https:\/\/eltrabajo.cl\/portal\/wp-json\/wp\/v2\/posts\/40880","targetHints":{"allow":["GET"]}}],"collection":[{"href":"https:\/\/eltrabajo.cl\/portal\/wp-json\/wp\/v2\/posts"}],"about":[{"href":"https:\/\/eltrabajo.cl\/portal\/wp-json\/wp\/v2\/types\/post"}],"author":[{"embeddable":true,"href":"https:\/\/eltrabajo.cl\/portal\/wp-json\/wp\/v2\/users\/482"}],"replies":[{"embeddable":true,"href":"https:\/\/eltrabajo.cl\/portal\/wp-json\/wp\/v2\/comments?post=40880"}],"version-history":[{"count":0,"href":"https:\/\/eltrabajo.cl\/portal\/wp-json\/wp\/v2\/posts\/40880\/revisions"}],"wp:featuredmedia":[{"embeddable":true,"href":"https:\/\/eltrabajo.cl\/portal\/wp-json\/wp\/v2\/media\/40881"}],"wp:attachment":[{"href":"https:\/\/eltrabajo.cl\/portal\/wp-json\/wp\/v2\/media?parent=40880"}],"wp:term":[{"taxonomy":"category","embeddable":true,"href":"https:\/\/eltrabajo.cl\/portal\/wp-json\/wp\/v2\/categories?post=40880"},{"taxonomy":"post_tag","embeddable":true,"href":"https:\/\/eltrabajo.cl\/portal\/wp-json\/wp\/v2\/tags?post=40880"}],"curies":[{"name":"wp","href":"https:\/\/api.w.org\/{rel}","templated":true}]}}