{"id":40885,"date":"2013-12-19T09:37:22","date_gmt":"2013-12-19T12:37:22","guid":{"rendered":"http:\/\/www.eltrabajo.cl\/portal\/?p=40885"},"modified":"2013-12-19T09:37:22","modified_gmt":"2013-12-19T12:37:22","slug":"ministro-chadwick-instruye-a-los-gobernadores-hacer-acto-de-cambio-de-mando","status":"publish","type":"post","link":"https:\/\/eltrabajo.cl\/portal\/ministro-chadwick-instruye-a-los-gobernadores-hacer-acto-de-cambio-de-mando\/","title":{"rendered":"Ministro Chadwick instruye a los gobernadores hacer acto de cambio de mando"},"content":{"rendered":"<figure id=\"attachment_40886\" aria-describedby=\"caption-attachment-40886\" style=\"width: 317px\" class=\"wp-caption alignleft\"><a href=\"https:\/\/i0.wp.com\/www.eltrabajo.cl\/portal\/wp-content\/uploads\/2013\/12\/Andres-Chadwick.jpg\"><img data-recalc-dims=\"1\" loading=\"lazy\" decoding=\"async\" class=\" wp-image-40886 \" title=\"El Ministro del Interior, Andr\u00e9s Chadwick, se comunic\u00f3 por video conferencia con las gobernaciones del pa\u00eds para instruir sobre el cambio de mando a las nuevas autoridades.\" alt=\"El Ministro del Interior, Andr\u00e9s Chadwick, se comunic\u00f3 por video conferencia con las gobernaciones del pa\u00eds para instruir sobre el cambio de mando a las nuevas autoridades.\" src=\"https:\/\/i0.wp.com\/www.eltrabajo.cl\/portal\/wp-content\/uploads\/2013\/12\/Andres-Chadwick.jpg?resize=317%2C185\" width=\"317\" height=\"185\" srcset=\"https:\/\/i0.wp.com\/eltrabajo.cl\/portal\/wp-content\/uploads\/2013\/12\/Andres-Chadwick.jpg?w=528&amp;ssl=1 528w, https:\/\/i0.wp.com\/eltrabajo.cl\/portal\/wp-content\/uploads\/2013\/12\/Andres-Chadwick.jpg?resize=200%2C116&amp;ssl=1 200w, https:\/\/i0.wp.com\/eltrabajo.cl\/portal\/wp-content\/uploads\/2013\/12\/Andres-Chadwick.jpg?resize=300%2C175&amp;ssl=1 300w, https:\/\/i0.wp.com\/eltrabajo.cl\/portal\/wp-content\/uploads\/2013\/12\/Andres-Chadwick.jpg?resize=150%2C87&amp;ssl=1 150w, https:\/\/i0.wp.com\/eltrabajo.cl\/portal\/wp-content\/uploads\/2013\/12\/Andres-Chadwick.jpg?resize=400%2C233&amp;ssl=1 400w\" sizes=\"auto, (max-width: 317px) 100vw, 317px\" \/><\/a><figcaption id=\"caption-attachment-40886\" class=\"wp-caption-text\">El Ministro del Interior, Andr\u00e9s Chadwick, se comunic\u00f3 por video conferencia con las gobernaciones del pa\u00eds para instruir sobre el cambio de mando a las nuevas autoridades.<\/figcaption><\/figure>\n<p>En reuni\u00f3n mediante el sistema de videoconferencia, el ministro del Interior Andr\u00e9s Chadwick, instruy\u00f3 a los gobernadores de todo el pa\u00eds, realizar ceremonias de entrega del mando provincial a quienes ser\u00e1n sus sucesores nombrados por la electa presidenta Michelle Bachelet, en actos que se realizar\u00edan el 10 \u00f3 el 11 de marzo del pr\u00f3ximo a\u00f1o.<\/p>\n<p>As\u00ed lo dio a conocer la gobernadora provincial de San Felipe, Patricia Boffa, quien se\u00f1al\u00f3 que a diferencia de lo que ha ocurrido con otros gobernadores, que normalmente se retiran del cargo previo a la asunci\u00f3n del nuevo gobernador, ella entregar\u00e1 oficialmente el mando de la Gobernaci\u00f3n, ya que su premisa es la de acompa\u00f1ar al Presidente Sebasti\u00e1n Pi\u00f1era hasta el \u00faltimo d\u00eda de su gesti\u00f3n.<\/p>\n<p>La autoridad provincial manifest\u00f3 que en la reuni\u00f3n por videoconferencia, se les entregaron los lineamientos de lo que ser\u00e1n estos casi ochenta d\u00edas de gobierno que restan a la administraci\u00f3n de Sebasti\u00e1n Pi\u00f1era, y en ese sentido, se les solicit\u00f3 continuar desarrollando un trabajo de cercan\u00eda con la gente y resolviendo sus problem\u00e1ticas.<\/p>\n<p>\u201cLo primero es seguir trabajando, en terreno, buscando resolver los conflictos y donde la gente nos necesita. Asimismo, tenemos que entregar la gobernaci\u00f3n de San Felipe, as\u00ed como todas las gobernaciones e intendencias del pa\u00eds. Se nos se\u00f1al\u00f3 que una vez nombradas las autoridades provinciales, proyectado seg\u00fan se nos dice, para mediados de febrero, tenemos que reunirnos con ellas, para coordinar una entrega como corresponde, y cumplir lo que dijimos al llegar, que vamos a trabajar hasta el \u00faltimo d\u00eda de gobierno, con las mismas ganas, el mismo empuje y el mismo compromiso, entregando como corresponde la Gobernaci\u00f3n Provincial\u201d, se\u00f1al\u00f3 la gobernadora Patricia Boffa.<\/p>\n<p>La autoridad manifest\u00f3 que si bien, a lo largo de los \u00faltimos a\u00f1os se ha visto que normalmente un gobernador subrogante (casi siempre el abogado Adolfo Pizarro) es quien hace entrega de la gobernaci\u00f3n al nuevo jefe provincial, en su caso ser\u00e1 ella quien lo haga.<\/p>\n<p>\u201cNosotros queremos dar esta se\u00f1al de transparencia, de compromiso con la comunidad y demostrando a la gente que nos vamos con la frente en alto, que somos capaces de entregar la administraci\u00f3n, esperando que a las nuevas autoridades les vaya bien, ya que si esto es as\u00ed, a los vecinos y vecinas tambi\u00e9n les ir\u00e1 bien\u201d, manifest\u00f3 la autoridad provincial.<\/p>\n<p>En este mismo tenor, se ha instruido a los gobernadores realizar cuentas p\u00fablicas de la gesti\u00f3n de los cuatro a\u00f1os de gobierno, la que en el caso de San Felipe se ha programado para la segunda quincena de enero.<\/p>\n<p>La gobernadora manifest\u00f3 que esta cuenta p\u00fablica local, considera obviamente la gesti\u00f3n de su antecesor, Rodolfo Silva, \u201cya que \u00e9stos no son compromisos personales, son compromisos institucionales y yo siempre he resaltado la labor que realiz\u00f3 el ex gobernador Rodolfo Silva, ya que no nos podemos guiar por ego\u00edsmos, los proyectos son institucionales y es necesario referirnos al trabajo anterior que se realiz\u00f3. Eso habla de la grandeza de las personas\u201d, indic\u00f3.<\/p>\n<p>&nbsp;<\/p>\n","protected":false},"excerpt":{"rendered":"<p>En reuni\u00f3n mediante el sistema de videoconferencia, el ministro del Interior Andr\u00e9s Chadwick, instruy\u00f3 a los gobernadores de todo el pa\u00eds, realizar ceremonias de entrega del mando provincial a quienes ser\u00e1n sus&#8230;<\/p>\n","protected":false},"author":482,"featured_media":40886,"comment_status":"open","ping_status":"closed","sticky":false,"template":"","format":"standard","meta":{"advanced_seo_description":"","jetpack_seo_html_title":"","jetpack_seo_noindex":false,"_jetpack_memberships_contains_paid_content":false,"footnotes":""},"categories":[1],"tags":[],"class_list":["post-40885","post","type-post","status-publish","format-standard","has-post-thumbnail","hentry","category-cronica"],"jetpack_featured_media_url":"https:\/\/i0.wp.com\/eltrabajo.cl\/portal\/wp-content\/uploads\/2013\/12\/Andres-Chadwick.jpg?fit=528%2C308&ssl=1","jetpack_sharing_enabled":true,"jetpack_likes_enabled":true,"jetpack-related-posts":[],"_links":{"self":[{"href":"https:\/\/eltrabajo.cl\/portal\/wp-json\/wp\/v2\/posts\/40885","targetHints":{"allow":["GET"]}}],"collection":[{"href":"https:\/\/eltrabajo.cl\/portal\/wp-json\/wp\/v2\/posts"}],"about":[{"href":"https:\/\/eltrabajo.cl\/portal\/wp-json\/wp\/v2\/types\/post"}],"author":[{"embeddable":true,"href":"https:\/\/eltrabajo.cl\/portal\/wp-json\/wp\/v2\/users\/482"}],"replies":[{"embeddable":true,"href":"https:\/\/eltrabajo.cl\/portal\/wp-json\/wp\/v2\/comments?post=40885"}],"version-history":[{"count":0,"href":"https:\/\/eltrabajo.cl\/portal\/wp-json\/wp\/v2\/posts\/40885\/revisions"}],"wp:featuredmedia":[{"embeddable":true,"href":"https:\/\/eltrabajo.cl\/portal\/wp-json\/wp\/v2\/media\/40886"}],"wp:attachment":[{"href":"https:\/\/eltrabajo.cl\/portal\/wp-json\/wp\/v2\/media?parent=40885"}],"wp:term":[{"taxonomy":"category","embeddable":true,"href":"https:\/\/eltrabajo.cl\/portal\/wp-json\/wp\/v2\/categories?post=40885"},{"taxonomy":"post_tag","embeddable":true,"href":"https:\/\/eltrabajo.cl\/portal\/wp-json\/wp\/v2\/tags?post=40885"}],"curies":[{"name":"wp","href":"https:\/\/api.w.org\/{rel}","templated":true}]}}