{"id":40888,"date":"2013-12-19T09:39:25","date_gmt":"2013-12-19T12:39:25","guid":{"rendered":"http:\/\/www.eltrabajo.cl\/portal\/?p=40888"},"modified":"2013-12-19T09:39:25","modified_gmt":"2013-12-19T12:39:25","slug":"avanzan-obras-de-recuperacion-de-espacio-publico-en-las-acacias-iii","status":"publish","type":"post","link":"https:\/\/eltrabajo.cl\/portal\/avanzan-obras-de-recuperacion-de-espacio-publico-en-las-acacias-iii\/","title":{"rendered":"Avanzan obras de recuperaci\u00f3n de espacio p\u00fablico en Las Acacias III"},"content":{"rendered":"<figure id=\"attachment_40889\" aria-describedby=\"caption-attachment-40889\" style=\"width: 529px\" class=\"wp-caption alignnone\"><a href=\"https:\/\/i0.wp.com\/www.eltrabajo.cl\/portal\/wp-content\/uploads\/2013\/12\/Alcalde-con-vecinos-Las-Acacias-III.jpg\"><img data-recalc-dims=\"1\" loading=\"lazy\" decoding=\"async\" class=\"size-full wp-image-40889\" title=\"El alcalde Patricio Freire, junto a dirigentes de la Villa Las Acacias III Etapa y el jefe de la Secpla, Claudio Paredes.\" alt=\"El alcalde Patricio Freire, junto a dirigentes de la Villa Las Acacias III Etapa y el jefe de la Secpla, Claudio Paredes.\" src=\"https:\/\/i0.wp.com\/www.eltrabajo.cl\/portal\/wp-content\/uploads\/2013\/12\/Alcalde-con-vecinos-Las-Acacias-III.jpg?resize=529%2C397\" width=\"529\" height=\"397\" srcset=\"https:\/\/i0.wp.com\/eltrabajo.cl\/portal\/wp-content\/uploads\/2013\/12\/Alcalde-con-vecinos-Las-Acacias-III.jpg?w=529&amp;ssl=1 529w, https:\/\/i0.wp.com\/eltrabajo.cl\/portal\/wp-content\/uploads\/2013\/12\/Alcalde-con-vecinos-Las-Acacias-III.jpg?resize=200%2C150&amp;ssl=1 200w, https:\/\/i0.wp.com\/eltrabajo.cl\/portal\/wp-content\/uploads\/2013\/12\/Alcalde-con-vecinos-Las-Acacias-III.jpg?resize=300%2C225&amp;ssl=1 300w, https:\/\/i0.wp.com\/eltrabajo.cl\/portal\/wp-content\/uploads\/2013\/12\/Alcalde-con-vecinos-Las-Acacias-III.jpg?resize=150%2C112&amp;ssl=1 150w, https:\/\/i0.wp.com\/eltrabajo.cl\/portal\/wp-content\/uploads\/2013\/12\/Alcalde-con-vecinos-Las-Acacias-III.jpg?resize=400%2C300&amp;ssl=1 400w\" sizes=\"auto, (max-width: 529px) 100vw, 529px\" \/><\/a><figcaption id=\"caption-attachment-40889\" class=\"wp-caption-text\">El alcalde Patricio Freire, junto a dirigentes de la Villa Las Acacias III Etapa y el jefe de la Secpla, Claudio Paredes.<\/figcaption><\/figure>\n<p>Una visita inspectiva realiz\u00f3 el alcalde de San Felipe, Patricio Freire, junto al jefe de la Secpla de la municipalidad, Claudio Paredes, a fin de constatar el avance de las obras de recuperaci\u00f3n de un espacio p\u00fablico en la poblaci\u00f3n Las Acacias, correspondiente a una plazoleta que da hacia el sector del Estero de Quilpu\u00e9.<\/p>\n<figure id=\"attachment_40890\" aria-describedby=\"caption-attachment-40890\" style=\"width: 317px\" class=\"wp-caption alignright\"><a href=\"https:\/\/i0.wp.com\/www.eltrabajo.cl\/portal\/wp-content\/uploads\/2013\/12\/Jessica-Leiva.jpg\"><img data-recalc-dims=\"1\" loading=\"lazy\" decoding=\"async\" class=\" wp-image-40890 \" title=\"Jessica Leiva, presidenta de la Junta de Vecinos Las Acacias III Etapa.\" alt=\"Jessica Leiva, presidenta de la Junta de Vecinos Las Acacias III Etapa.\" src=\"https:\/\/i0.wp.com\/www.eltrabajo.cl\/portal\/wp-content\/uploads\/2013\/12\/Jessica-Leiva.jpg?resize=317%2C238\" width=\"317\" height=\"238\" srcset=\"https:\/\/i0.wp.com\/eltrabajo.cl\/portal\/wp-content\/uploads\/2013\/12\/Jessica-Leiva.jpg?w=528&amp;ssl=1 528w, https:\/\/i0.wp.com\/eltrabajo.cl\/portal\/wp-content\/uploads\/2013\/12\/Jessica-Leiva.jpg?resize=200%2C150&amp;ssl=1 200w, https:\/\/i0.wp.com\/eltrabajo.cl\/portal\/wp-content\/uploads\/2013\/12\/Jessica-Leiva.jpg?resize=300%2C225&amp;ssl=1 300w, https:\/\/i0.wp.com\/eltrabajo.cl\/portal\/wp-content\/uploads\/2013\/12\/Jessica-Leiva.jpg?resize=150%2C112&amp;ssl=1 150w, https:\/\/i0.wp.com\/eltrabajo.cl\/portal\/wp-content\/uploads\/2013\/12\/Jessica-Leiva.jpg?resize=400%2C300&amp;ssl=1 400w\" sizes=\"auto, (max-width: 317px) 100vw, 317px\" \/><\/a><figcaption id=\"caption-attachment-40890\" class=\"wp-caption-text\">Jessica Leiva, presidenta de la Junta de Vecinos Las Acacias III Etapa.<\/figcaption><\/figure>\n<p>Se trata de un proyecto enmarcado en el programa de Recuperaci\u00f3n de Barrios que ejecuta el Ministerio de Vivienda y que asciende a los 33 millones de pesos, el que ha sido muy valorado por los vecinos, ya que no solo ha permitido mejorar este punto espec\u00edfico de Las Acacias, sino tambi\u00e9n favorecer iniciativas para una mejor calidad de vida.<\/p>\n<p>As\u00ed al menos lo dio a conocer la presidenta de la Junta de Vecinos de Las Acacias III Etapa, Jessica Leiva, quien manifest\u00f3 que este trabajo que comenz\u00f3 hace poco m\u00e1s de un a\u00f1o, ha significado avanzar en la poblaci\u00f3n y por ejemplo, retomar las confianzas de los vecinos con sus dirigentes, as\u00ed como desarrollar acciones que han favorecido mayor seguridad y menor delincuencia.<\/p>\n<p>\u201cA nosotros nos ha cambiado la vida. Todas estas obras que se est\u00e1n haciendo en esta villa, son muy buenas. Hace muchos a\u00f1os que no se hac\u00eda nada ac\u00e1 y ahora estamos retomando las confianzas entre vecinos y dirigentes, pero adem\u00e1s, empoderarnos de los espacios p\u00fablicos. Yo creo que el gobierno y el municipio, no se imaginan el cambio positivo que se ha producido en nuestra villa\u201d, se\u00f1al\u00f3 la dirigente.<\/p>\n<p>En tanto, el jefe de la Secpla, Claudio Paredes, se\u00f1al\u00f3 que son dos plazas las que se est\u00e1n mejorando, la Plaza del Monolito y la Plaza La Palmera, con un mejoramiento sustantivo, que representa una inversi\u00f3n de 33 millones de pesos, aportados gracias al Programa de Recuperaci\u00f3n de Barrios, que impulsa el Ministerio de la Vivienda.<\/p>\n<p>\u201cEsta iniciativa es parte de un convenio que est\u00e1 ejecutando la municipalidad de San Felipe y considera el mejoramiento de dos plazas en la villa, de car\u00e1cter integral, ya que se mejorar\u00e1 la iluminaci\u00f3n, el mobiliario urbano, pavimentaci\u00f3n y \u00e1reas verdes\u201d.<\/p>\n<p>Finalmente, el alcalde Patricio Freire, manifest\u00f3 que gracias a este convenio entre el Minvu y el municipio de San Felipe, se est\u00e1 desarrollando este proyecto y otros que est\u00e1n redundando en una mejor calidad de vida para los vecinos que habitan en este sector.<\/p>\n<p>\u201cSe est\u00e1n arreglando estas plazas, d\u00e1ndole seguridad a los barrios. Esta Plaza la Palmera, considera la instalaci\u00f3n de siete luminarias, riego tecnificado en las \u00e1reas verdes y en definitiva, un proyecto que dejar\u00e1 en muy buenas condiciones este lugar, para beneficio de los vecinos, que es lo que todos buscamos\u201d, manifest\u00f3 el alcalde Freire.<\/p>\n<p>Cabe considerar que el borde del Estero de Quilpu\u00e9 tambi\u00e9n es parte de un proyecto que se est\u00e1 desarrollando e impulsando principalmente el gobierno, a trav\u00e9s de este programa de Recuperaci\u00f3n de Barrios con la finalidad de dar vida a este sector y favorecer una mejor calidad de vida para los vecinos.<\/p>\n<p>&nbsp;<\/p>\n","protected":false},"excerpt":{"rendered":"<p>Una visita inspectiva realiz\u00f3 el alcalde de San Felipe, Patricio Freire, junto al jefe de la Secpla de la municipalidad, Claudio Paredes, a fin de constatar el avance de las obras de&#8230;<\/p>\n","protected":false},"author":482,"featured_media":40889,"comment_status":"open","ping_status":"closed","sticky":false,"template":"","format":"standard","meta":{"advanced_seo_description":"","jetpack_seo_html_title":"","jetpack_seo_noindex":false,"_jetpack_memberships_contains_paid_content":false,"footnotes":""},"categories":[1],"tags":[],"class_list":["post-40888","post","type-post","status-publish","format-standard","has-post-thumbnail","hentry","category-cronica"],"jetpack_featured_media_url":"https:\/\/i0.wp.com\/eltrabajo.cl\/portal\/wp-content\/uploads\/2013\/12\/Alcalde-con-vecinos-Las-Acacias-III.jpg?fit=529%2C397&ssl=1","jetpack_sharing_enabled":true,"jetpack_likes_enabled":true,"jetpack-related-posts":[],"_links":{"self":[{"href":"https:\/\/eltrabajo.cl\/portal\/wp-json\/wp\/v2\/posts\/40888","targetHints":{"allow":["GET"]}}],"collection":[{"href":"https:\/\/eltrabajo.cl\/portal\/wp-json\/wp\/v2\/posts"}],"about":[{"href":"https:\/\/eltrabajo.cl\/portal\/wp-json\/wp\/v2\/types\/post"}],"author":[{"embeddable":true,"href":"https:\/\/eltrabajo.cl\/portal\/wp-json\/wp\/v2\/users\/482"}],"replies":[{"embeddable":true,"href":"https:\/\/eltrabajo.cl\/portal\/wp-json\/wp\/v2\/comments?post=40888"}],"version-history":[{"count":0,"href":"https:\/\/eltrabajo.cl\/portal\/wp-json\/wp\/v2\/posts\/40888\/revisions"}],"wp:featuredmedia":[{"embeddable":true,"href":"https:\/\/eltrabajo.cl\/portal\/wp-json\/wp\/v2\/media\/40889"}],"wp:attachment":[{"href":"https:\/\/eltrabajo.cl\/portal\/wp-json\/wp\/v2\/media?parent=40888"}],"wp:term":[{"taxonomy":"category","embeddable":true,"href":"https:\/\/eltrabajo.cl\/portal\/wp-json\/wp\/v2\/categories?post=40888"},{"taxonomy":"post_tag","embeddable":true,"href":"https:\/\/eltrabajo.cl\/portal\/wp-json\/wp\/v2\/tags?post=40888"}],"curies":[{"name":"wp","href":"https:\/\/api.w.org\/{rel}","templated":true}]}}