{"id":40893,"date":"2013-12-19T09:43:08","date_gmt":"2013-12-19T12:43:08","guid":{"rendered":"http:\/\/www.eltrabajo.cl\/portal\/?p=40893"},"modified":"2013-12-19T09:43:08","modified_gmt":"2013-12-19T12:43:08","slug":"vecinos-de-las-coimas-aseguran-estar-hastiados-por-constante-falta-de-agua","status":"publish","type":"post","link":"https:\/\/eltrabajo.cl\/portal\/vecinos-de-las-coimas-aseguran-estar-hastiados-por-constante-falta-de-agua\/","title":{"rendered":"Vecinos de Las Coimas aseguran estar hastiados por constante falta de agua"},"content":{"rendered":"<figure id=\"attachment_40894\" aria-describedby=\"caption-attachment-40894\" style=\"width: 529px\" class=\"wp-caption alignnone\"><a href=\"https:\/\/i0.wp.com\/www.eltrabajo.cl\/portal\/wp-content\/uploads\/2013\/12\/maria-cerda.jpg\"><img data-recalc-dims=\"1\" loading=\"lazy\" decoding=\"async\" class=\"size-full wp-image-40894\" title=\"Maria Cerda, una de las vecinas de las coimas que denuncia falta de agua.\" alt=\"Maria Cerda, una de las vecinas de las coimas que denuncia falta de agua.\" src=\"https:\/\/i0.wp.com\/www.eltrabajo.cl\/portal\/wp-content\/uploads\/2013\/12\/maria-cerda.jpg?resize=529%2C353\" width=\"529\" height=\"353\" srcset=\"https:\/\/i0.wp.com\/eltrabajo.cl\/portal\/wp-content\/uploads\/2013\/12\/maria-cerda.jpg?w=529&amp;ssl=1 529w, https:\/\/i0.wp.com\/eltrabajo.cl\/portal\/wp-content\/uploads\/2013\/12\/maria-cerda.jpg?resize=200%2C133&amp;ssl=1 200w, https:\/\/i0.wp.com\/eltrabajo.cl\/portal\/wp-content\/uploads\/2013\/12\/maria-cerda.jpg?resize=300%2C200&amp;ssl=1 300w, https:\/\/i0.wp.com\/eltrabajo.cl\/portal\/wp-content\/uploads\/2013\/12\/maria-cerda.jpg?resize=150%2C100&amp;ssl=1 150w, https:\/\/i0.wp.com\/eltrabajo.cl\/portal\/wp-content\/uploads\/2013\/12\/maria-cerda.jpg?resize=400%2C266&amp;ssl=1 400w\" sizes=\"auto, (max-width: 529px) 100vw, 529px\" \/><\/a><figcaption id=\"caption-attachment-40894\" class=\"wp-caption-text\">Maria Cerda, una de las vecinas de las coimas que denuncia falta de agua.<\/figcaption><\/figure>\n<ul>\n<li><strong>Pese a que dirigente del APR asegur\u00f3 que se trata de una situaci\u00f3n puntual, vecinos aseguran que a\u00fan no tienen una real soluci\u00f3n.<\/strong><\/li>\n<\/ul>\n<p><strong>PUTAENDO<\/strong>.- Algunos vecinos de Las Coimas manifestaron p\u00fablicamente su descontento por la constante falta de agua potable que les afecta y se\u00f1alaron sentirse hastiados de una situaci\u00f3n que les aseguraron, se solucionar\u00eda definitivamente.<\/p>\n<p>Espec\u00edficamente los vecinos que residen en el sector cercano al paradero 21, conocido como Las Cabritas, se\u00f1alan que no cuentan con un buen servicio de agua potable desde hace a lo menos un mes y que a diario sufren el rigor de la falta de agua que no tan solo tiene que ver con una baja de presi\u00f3n, sino que en el \u00faltimo tiempo definitivamente ya no sale agua desde las llaves, lo que ha llevado a que estos vecinos, seg\u00fan su testimonio, deban quedarse hasta altas horas de la madrugada para llenar estanques y bidones, ya que aseguran que es en esa instancia cuando solo tienen agua como corresponde.<\/p>\n<p>Contactamos telef\u00f3nicamente a la presidenta del Comit\u00e9 de Agua Potable Rural (APR), J\u00e9ssica Vega, quien por motivos de salud se excus\u00f3 de darnos una entrevista formal, eso s\u00ed, indic\u00f3 brevemente que los inconvenientes que se han registrado en ese y otros sectores de Las Coimas obedecen a algunos problemas el\u00e9ctricos que lamentablemente han afectado en forma simult\u00e1nea, incluso el pozo nuevo desde donde se bombea agua, pero que se trata de situaciones aisladas y solo de un par de d\u00edas.<\/p>\n<p>Diario El Trabajo recorri\u00f3 el sector donde los vecinos manifiestan una opini\u00f3n totalmente distinta a lo se\u00f1alado por la dirigente, y fue as\u00ed como la se\u00f1ora Mar\u00eda Cerda nos se\u00f1al\u00f3 que desde hace mucho tiempo cuenta con un estanque en altura y algunos bidones que debe llenar durante la noche, para luego, a trav\u00e9s de una motobomba elevar el agua para tener la posibilidad de hacer funcionar su calef\u00f3n y su lavadora, ya que asegura que durante el d\u00eda solo a momentos sale agua en muy peque\u00f1as cantidades, pero que la mayor parte del d\u00eda el agua permanece cortada.<\/p>\n<p>En tanto, la se\u00f1ora Jacqueline Mora Navarro dice que la situaci\u00f3n ya es insoportable y que lo que m\u00e1s le molesta es que nadie d\u00e9 una explicaci\u00f3n referente a lo que est\u00e1 pasando con el tema del agua, y que la actual presidenta del APR nunca ha ido al lugar a ver en terreno como est\u00e1n viviendo sin agua, por lo que espera que la directiva busque una soluci\u00f3n al cr\u00edtico momento que est\u00e1n viviendo.<\/p>\n<p>Ana Mar\u00eda Hurtado vive en el sector Los Manantiales, en la parte alta de Las Coimas, e indica que tambi\u00e9n tiene inconvenientes con la presi\u00f3n del agua, adem\u00e1s en lo que considera un excesivo aumento en las cuentas del agua y agreg\u00f3 que tambi\u00e9n ha buscado una soluci\u00f3n y que nadie del APR se ha tomado un tiempo para ver lo que est\u00e1 ocurriendo a pesar que le prometieron que su medidor ser\u00eda cambiado.<\/p>\n<p>Por su parte, Juan Carlos Marchant, que vive a un costado de la carretera en el sector Las Coimas se\u00f1al\u00f3 que nadie da soluciones y que hace un mes el problema se agudiz\u00f3 y que es totalmente falso que este inconveniente solo sea de un par de d\u00edas y que debi\u00f3 invertir una importante cantidad de dinero hace m\u00e1s de un a\u00f1o para comprar estanques y bombas para asegurar el suministro de agua.<\/p>\n<p>En el mismo sector, don Mario Pereira dijo que recuerda como la misma presidenta en ejercicio criticaba duramente a la antigua directiva del APR y que incluso la presidenta particip\u00f3 en protestas por el tema del agua, y que hoy nada ha cambiado pues todo sigue igual, adem\u00e1s se\u00f1al\u00f3 que lamentablemente no es mucho lo que se puede conversar con ella, pues asegur\u00f3 que no siempre contesta de la mejor manera, agregando que la soluci\u00f3n definitiva para quienes viven en el sector Las Cabritas pasa por la instalaci\u00f3n de uno o dos estanques acumuladores de agua como los que instalaron en la parte alta de Los Manantiales.<\/p>\n<p>Finalmente, la se\u00f1ora Mar\u00eda Silva, quien se desplaza con mucha dificultad por su discapacidad f\u00edsica, dijo que con todo lo que para ella significa caminar, muchas veces debe recurrir donde vecinos para que le faciliten un poco de agua, pues no cuenta con los recursos para tener estanques ni bombas de impulso y que la falta de agua en su casa es una situaci\u00f3n desesperante.<\/p>\n<p>Lo concreto es que es nuestra obligaci\u00f3n dar tribuna a quienes aburridos por esta situaci\u00f3n claman por una soluci\u00f3n definitiva, lo que demuestra que a pesar de las inversiones, construcciones de pozos y una nueva administraci\u00f3n, hoy son varios los vecinos de Las Coimas que siguen soportando los mismos inconvenientes que se anunciaron, desaparecer\u00edan definitivamente.<\/p>\n<p>Patricio Gallardo M.<\/p>\n<p>&nbsp;<\/p>\n","protected":false},"excerpt":{"rendered":"<p>Pese a que dirigente del APR asegur\u00f3 que se trata de una situaci\u00f3n puntual, vecinos aseguran que a\u00fan no tienen una real soluci\u00f3n. PUTAENDO.- Algunos vecinos de Las Coimas manifestaron p\u00fablicamente su&#8230;<\/p>\n","protected":false},"author":482,"featured_media":40894,"comment_status":"open","ping_status":"closed","sticky":false,"template":"","format":"standard","meta":{"advanced_seo_description":"","jetpack_seo_html_title":"","jetpack_seo_noindex":false,"_jetpack_memberships_contains_paid_content":false,"footnotes":""},"categories":[15],"tags":[],"class_list":["post-40893","post","type-post","status-publish","format-standard","has-post-thumbnail","hentry","category-comunidad"],"jetpack_featured_media_url":"https:\/\/i0.wp.com\/eltrabajo.cl\/portal\/wp-content\/uploads\/2013\/12\/maria-cerda.jpg?fit=529%2C353&ssl=1","jetpack_sharing_enabled":true,"jetpack_likes_enabled":true,"jetpack-related-posts":[],"_links":{"self":[{"href":"https:\/\/eltrabajo.cl\/portal\/wp-json\/wp\/v2\/posts\/40893","targetHints":{"allow":["GET"]}}],"collection":[{"href":"https:\/\/eltrabajo.cl\/portal\/wp-json\/wp\/v2\/posts"}],"about":[{"href":"https:\/\/eltrabajo.cl\/portal\/wp-json\/wp\/v2\/types\/post"}],"author":[{"embeddable":true,"href":"https:\/\/eltrabajo.cl\/portal\/wp-json\/wp\/v2\/users\/482"}],"replies":[{"embeddable":true,"href":"https:\/\/eltrabajo.cl\/portal\/wp-json\/wp\/v2\/comments?post=40893"}],"version-history":[{"count":0,"href":"https:\/\/eltrabajo.cl\/portal\/wp-json\/wp\/v2\/posts\/40893\/revisions"}],"wp:featuredmedia":[{"embeddable":true,"href":"https:\/\/eltrabajo.cl\/portal\/wp-json\/wp\/v2\/media\/40894"}],"wp:attachment":[{"href":"https:\/\/eltrabajo.cl\/portal\/wp-json\/wp\/v2\/media?parent=40893"}],"wp:term":[{"taxonomy":"category","embeddable":true,"href":"https:\/\/eltrabajo.cl\/portal\/wp-json\/wp\/v2\/categories?post=40893"},{"taxonomy":"post_tag","embeddable":true,"href":"https:\/\/eltrabajo.cl\/portal\/wp-json\/wp\/v2\/tags?post=40893"}],"curies":[{"name":"wp","href":"https:\/\/api.w.org\/{rel}","templated":true}]}}