{"id":40896,"date":"2013-12-19T09:44:58","date_gmt":"2013-12-19T12:44:58","guid":{"rendered":"http:\/\/www.eltrabajo.cl\/portal\/?p=40896"},"modified":"2013-12-19T09:44:58","modified_gmt":"2013-12-19T12:44:58","slug":"a-partir-de-enero-echaran-a-andar-nuevamente-pozos-que-nos-llevan-el-agua","status":"publish","type":"post","link":"https:\/\/eltrabajo.cl\/portal\/a-partir-de-enero-echaran-a-andar-nuevamente-pozos-que-nos-llevan-el-agua\/","title":{"rendered":"A partir de enero echar\u00e1n a andar nuevamente pozos que nos llevan el agua"},"content":{"rendered":"<figure id=\"attachment_40897\" aria-describedby=\"caption-attachment-40897\" style=\"width: 529px\" class=\"wp-caption alignnone\"><a href=\"https:\/\/i0.wp.com\/www.eltrabajo.cl\/portal\/wp-content\/uploads\/2013\/12\/reunion-pozos..jpg\"><img data-recalc-dims=\"1\" loading=\"lazy\" decoding=\"async\" class=\"size-full wp-image-40897\" title=\"El Alcalde Patricio Freire plante\u00f3 la necesidad de obtener medidas de mitigaci\u00f3n por la extracci\u00f3n de agua de los diferentes pozos en Aconcagua. \" alt=\"El Alcalde Patricio Freire plante\u00f3 la necesidad de obtener medidas de mitigaci\u00f3n por la extracci\u00f3n de agua de los diferentes pozos en Aconcagua. \" src=\"https:\/\/i0.wp.com\/www.eltrabajo.cl\/portal\/wp-content\/uploads\/2013\/12\/reunion-pozos..jpg?resize=529%2C362\" width=\"529\" height=\"362\" srcset=\"https:\/\/i0.wp.com\/eltrabajo.cl\/portal\/wp-content\/uploads\/2013\/12\/reunion-pozos..jpg?w=529&amp;ssl=1 529w, https:\/\/i0.wp.com\/eltrabajo.cl\/portal\/wp-content\/uploads\/2013\/12\/reunion-pozos..jpg?resize=200%2C136&amp;ssl=1 200w, https:\/\/i0.wp.com\/eltrabajo.cl\/portal\/wp-content\/uploads\/2013\/12\/reunion-pozos..jpg?resize=300%2C205&amp;ssl=1 300w, https:\/\/i0.wp.com\/eltrabajo.cl\/portal\/wp-content\/uploads\/2013\/12\/reunion-pozos..jpg?resize=150%2C102&amp;ssl=1 150w, https:\/\/i0.wp.com\/eltrabajo.cl\/portal\/wp-content\/uploads\/2013\/12\/reunion-pozos..jpg?resize=400%2C273&amp;ssl=1 400w\" sizes=\"auto, (max-width: 529px) 100vw, 529px\" \/><\/a><figcaption id=\"caption-attachment-40897\" class=\"wp-caption-text\">El Alcalde Patricio Freire plante\u00f3 la necesidad de obtener medidas de mitigaci\u00f3n por la extracci\u00f3n de agua de los diferentes pozos en Aconcagua.<\/figcaption><\/figure>\n<ul>\n<li><strong>Alcalde Freire reiter\u00f3 solicitud de profundizar pozos que surten de agua distintos sectores de la comuna.<\/strong><\/li>\n<\/ul>\n<p>Este mi\u00e9rcoles el Alcalde Patricio Freire se reuni\u00f3 con una delegaci\u00f3n de la Direcci\u00f3n General de Aguas y la Direcci\u00f3n de Obras Hidr\u00e1ulicas, entidad que est\u00e1 a cargo de la explotaci\u00f3n de los pozos que se ubican en Curim\u00f3n, Panquehue y Lla Llay, quienes realizaron una serie de reuniones con los ediles de Aconcagua, con el objetivo de conocer su postura respecto de la explotaci\u00f3n de estos pozos, que deber\u00edan comenzar su funcionamiento la primera semana de enero.<\/p>\n<p>Seg\u00fan se\u00f1al\u00f3 Cristi\u00e1n V\u00e9liz, en su calidad de Coordinador H\u00eddrico de la Quinta Regi\u00f3n, junto con entregar la informaci\u00f3n a los ediles respecto de la explotaci\u00f3n de estos pozos, la idea era se\u00f1alar la posibilidad de realizar algunas obras de mitigaci\u00f3n que sean necesarias, tanto en la zona donde se extrae el agua como en los lugares donde va a llegar este elemento.<\/p>\n<p>\u201cLa primera semana de enero comenzar\u00eda la explotaci\u00f3n de los pozos, que ser\u00eda coincidente con la \u00e9poca de los deshielos, ya que actualmente existe la suficiente agua para no tener que explotar los pozos, pero la primera semana de enero deber\u00edamos comenzar a exhibir una disminuci\u00f3n debido a que la nieve se agota\u201d, dijo V\u00e9liz.<\/p>\n<p>El Alcalde Patricio Freire recibi\u00f3 estos planteamientos y pidi\u00f3 que en el caso de que se realice la extracci\u00f3n de agua, se haga en forma segura, especialmente en el sector de la villa 250 A\u00f1os, y plante\u00f3 la urgencia de profundizar los pozos hist\u00f3ricos que tiene el municipio, una situaci\u00f3n que el jefe comunal ha planteado en reiteradas ocasiones durante el a\u00f1o, incluso al Intendente.<\/p>\n<p>\u201cEfectivamente nos reunimos con esta delegaci\u00f3n, que tambi\u00e9n se reuni\u00f3 con los Alcaldes de Aconcagua informando de la puesta en marcha de los pozos que existen en esta zona, y queremos se\u00f1alar que en el caso de que sea necesario ponerlos en funcionamiento, estamos solicitando que se haga de forma segura, a lo que se suman las obras de mitigaci\u00f3n que nos han dicho que se realizar\u00e1n, como es el caso de la protecci\u00f3n del canal\u00f3n a la altura de la villa 250 A\u00f1os, donde nos preocupa enormemente que los ni\u00f1os se vayan a ba\u00f1ar a esa obra y pueda producirse alguna desgracia. Adem\u00e1s hemos reiterado la petici\u00f3n de profundizar los pozos que tiene el municipio, porque ya no podemos seguir esperando y viendo como se secan los \u00e1rboles de la Plaza de Armas y el pasto en los estadios Municipal y Fiscal, porque no podemos regarlos, ya que los pozos no tienen agua. Estamos consientes que la tercera secci\u00f3n del r\u00edo Aconcagua y Valpara\u00edso necesitan agua, pero no vamos a permitir que pase el agua por el canal\u00f3n, mientras nuestra ciudad se est\u00e1 secando\u201d, dijo el Alcalde Freire.<\/p>\n<p>Seg\u00fan se\u00f1al\u00f3 V\u00e9liz, se accedi\u00f3 a realizar los estudios para ejecutar estas peticiones y se buscar\u00e1 la forma de financiarlas, respuesta que ser\u00eda comunicada al Alcalde Freire este jueves.<\/p>\n<p>En el caso de las obras de mitigaci\u00f3n para la villa 250 A\u00f1os, V\u00e9liz sostuvo que los dirigentes han se\u00f1alado la necesidad de enrejar el canal\u00f3n, que actualmente no cuenta con ninguna protecci\u00f3n, colocando una reja met\u00e1lica, como una forma de evitar que los ni\u00f1os lleguen a ba\u00f1arse en el lugar.<\/p>\n<p>&nbsp;<\/p>\n","protected":false},"excerpt":{"rendered":"<p>Alcalde Freire reiter\u00f3 solicitud de profundizar pozos que surten de agua distintos sectores de la comuna. Este mi\u00e9rcoles el Alcalde Patricio Freire se reuni\u00f3 con una delegaci\u00f3n de la Direcci\u00f3n General de&#8230;<\/p>\n","protected":false},"author":482,"featured_media":40897,"comment_status":"open","ping_status":"closed","sticky":false,"template":"","format":"standard","meta":{"advanced_seo_description":"","jetpack_seo_html_title":"","jetpack_seo_noindex":false,"_jetpack_memberships_contains_paid_content":false,"footnotes":""},"categories":[1],"tags":[],"class_list":["post-40896","post","type-post","status-publish","format-standard","has-post-thumbnail","hentry","category-cronica"],"jetpack_featured_media_url":"https:\/\/i0.wp.com\/eltrabajo.cl\/portal\/wp-content\/uploads\/2013\/12\/reunion-pozos..jpg?fit=529%2C362&ssl=1","jetpack_sharing_enabled":true,"jetpack_likes_enabled":true,"jetpack-related-posts":[],"_links":{"self":[{"href":"https:\/\/eltrabajo.cl\/portal\/wp-json\/wp\/v2\/posts\/40896","targetHints":{"allow":["GET"]}}],"collection":[{"href":"https:\/\/eltrabajo.cl\/portal\/wp-json\/wp\/v2\/posts"}],"about":[{"href":"https:\/\/eltrabajo.cl\/portal\/wp-json\/wp\/v2\/types\/post"}],"author":[{"embeddable":true,"href":"https:\/\/eltrabajo.cl\/portal\/wp-json\/wp\/v2\/users\/482"}],"replies":[{"embeddable":true,"href":"https:\/\/eltrabajo.cl\/portal\/wp-json\/wp\/v2\/comments?post=40896"}],"version-history":[{"count":0,"href":"https:\/\/eltrabajo.cl\/portal\/wp-json\/wp\/v2\/posts\/40896\/revisions"}],"wp:featuredmedia":[{"embeddable":true,"href":"https:\/\/eltrabajo.cl\/portal\/wp-json\/wp\/v2\/media\/40897"}],"wp:attachment":[{"href":"https:\/\/eltrabajo.cl\/portal\/wp-json\/wp\/v2\/media?parent=40896"}],"wp:term":[{"taxonomy":"category","embeddable":true,"href":"https:\/\/eltrabajo.cl\/portal\/wp-json\/wp\/v2\/categories?post=40896"},{"taxonomy":"post_tag","embeddable":true,"href":"https:\/\/eltrabajo.cl\/portal\/wp-json\/wp\/v2\/tags?post=40896"}],"curies":[{"name":"wp","href":"https:\/\/api.w.org\/{rel}","templated":true}]}}