{"id":40920,"date":"2013-12-20T09:29:42","date_gmt":"2013-12-20T12:29:42","guid":{"rendered":"http:\/\/www.eltrabajo.cl\/portal\/?p=40920"},"modified":"2013-12-20T09:29:42","modified_gmt":"2013-12-20T12:29:42","slug":"tradicional-show-pirotecnico-dara-bienvenida-al-2014-en-llay-llay","status":"publish","type":"post","link":"https:\/\/eltrabajo.cl\/portal\/tradicional-show-pirotecnico-dara-bienvenida-al-2014-en-llay-llay\/","title":{"rendered":"Tradicional show pirot\u00e9cnico dar\u00e1 bienvenida al 2014 en Llay Llay"},"content":{"rendered":"<figure id=\"attachment_40921\" aria-describedby=\"caption-attachment-40921\" style=\"width: 529px\" class=\"wp-caption alignnone\"><a href=\"https:\/\/i0.wp.com\/www.eltrabajo.cl\/portal\/wp-content\/uploads\/2013\/12\/Plano-de-lanzamiento-Dic-2013-1.jpg\"><img data-recalc-dims=\"1\" loading=\"lazy\" decoding=\"async\" class=\"size-full wp-image-40921\" title=\"En este lugar se emplazar\u00e1n los fuegos artificiales para su lanzamiento.\" alt=\"En este lugar se emplazar\u00e1n los fuegos artificiales para su lanzamiento.\" src=\"https:\/\/i0.wp.com\/www.eltrabajo.cl\/portal\/wp-content\/uploads\/2013\/12\/Plano-de-lanzamiento-Dic-2013-1.jpg?resize=529%2C245\" width=\"529\" height=\"245\" srcset=\"https:\/\/i0.wp.com\/eltrabajo.cl\/portal\/wp-content\/uploads\/2013\/12\/Plano-de-lanzamiento-Dic-2013-1.jpg?w=529&amp;ssl=1 529w, https:\/\/i0.wp.com\/eltrabajo.cl\/portal\/wp-content\/uploads\/2013\/12\/Plano-de-lanzamiento-Dic-2013-1.jpg?resize=200%2C92&amp;ssl=1 200w, https:\/\/i0.wp.com\/eltrabajo.cl\/portal\/wp-content\/uploads\/2013\/12\/Plano-de-lanzamiento-Dic-2013-1.jpg?resize=300%2C138&amp;ssl=1 300w, https:\/\/i0.wp.com\/eltrabajo.cl\/portal\/wp-content\/uploads\/2013\/12\/Plano-de-lanzamiento-Dic-2013-1.jpg?resize=150%2C69&amp;ssl=1 150w, https:\/\/i0.wp.com\/eltrabajo.cl\/portal\/wp-content\/uploads\/2013\/12\/Plano-de-lanzamiento-Dic-2013-1.jpg?resize=400%2C185&amp;ssl=1 400w\" sizes=\"auto, (max-width: 529px) 100vw, 529px\" \/><\/a><figcaption id=\"caption-attachment-40921\" class=\"wp-caption-text\">En este lugar se emplazar\u00e1n los fuegos artificiales para su lanzamiento.<\/figcaption><\/figure>\n<p>Desde 1996 la comuna de Llay Llay recibe cada a\u00f1o nuevo con un hermoso espect\u00e1culo pirot\u00e9cnico, el cual se torn\u00f3 una tradici\u00f3n en la comuna.<\/p>\n<p>En esta oportunidad el espect\u00e1culo comenzar\u00e1 a las 12:05 minutos y tendr\u00e1 una duraci\u00f3n de 15 a 20 minutos aproximados, el cual ser\u00e1 lanzado desde el sector de la antigua cuesta Lo Campo, frente a la Poblaci\u00f3n de Santa Teresa, lugar escogido por seguridad, seg\u00fan explic\u00f3 el Secretario Municipal y encargado de la log\u00edstica del evento, Luis Soto.<\/p>\n<p>\u201cEn a\u00f1os anteriores se lanzaban desde la Copa de Agua, pero ese lugar tiene mucha cercan\u00eda con poblaciones aleda\u00f1as, lo que constituye un riesgo, es por ello que \u00faltimamente hemos privilegiado este cerro, adem\u00e1s vez se va a privilegiar los fuegos de mayor altura, para que puedan ser visibles desde pr\u00e1cticamente toda la comuna, y tambi\u00e9n para evitar problemas en el lugar\u201d, agreg\u00f3 Soto.<\/p>\n<p>Durante la ma\u00f1ana del d\u00eda mi\u00e9rcoles 18 de diciembre se realiz\u00f3 la visita a terreno, con la empresa a cargo (Rayo F\u00e9nix LTDA), los calculista de los fuegos artificiales, la 3\u00aa Comisar\u00eda Fiscalizadora de Carabineros que es la que tiene a cargo la inspecci\u00f3n y quien autoriza la realizaci\u00f3n del evento, y la Municipalidad y Bomberos, sumando adem\u00e1s que esta vez se trabajar\u00e1 con el Samu, para contar con las m\u00e1ximas medidas de seguridad, para minimizar cualquier riesgo asociado.<\/p>\n<p>El costo que tendr\u00e1 el show pirot\u00e9cnico este a\u00f1o para el municipio es de 18 millones de pesos.<\/p>\n<p>&nbsp;<\/p>\n","protected":false},"excerpt":{"rendered":"<p>Desde 1996 la comuna de Llay Llay recibe cada a\u00f1o nuevo con un hermoso espect\u00e1culo pirot\u00e9cnico, el cual se torn\u00f3 una tradici\u00f3n en la comuna. En esta oportunidad el espect\u00e1culo comenzar\u00e1 a&#8230;<\/p>\n","protected":false},"author":482,"featured_media":40921,"comment_status":"open","ping_status":"closed","sticky":false,"template":"","format":"standard","meta":{"advanced_seo_description":"","jetpack_seo_html_title":"","jetpack_seo_noindex":false,"_jetpack_memberships_contains_paid_content":false,"footnotes":""},"categories":[15],"tags":[],"class_list":["post-40920","post","type-post","status-publish","format-standard","has-post-thumbnail","hentry","category-comunidad"],"jetpack_featured_media_url":"https:\/\/i0.wp.com\/eltrabajo.cl\/portal\/wp-content\/uploads\/2013\/12\/Plano-de-lanzamiento-Dic-2013-1.jpg?fit=529%2C245&ssl=1","jetpack_sharing_enabled":true,"jetpack_likes_enabled":true,"jetpack-related-posts":[],"_links":{"self":[{"href":"https:\/\/eltrabajo.cl\/portal\/wp-json\/wp\/v2\/posts\/40920","targetHints":{"allow":["GET"]}}],"collection":[{"href":"https:\/\/eltrabajo.cl\/portal\/wp-json\/wp\/v2\/posts"}],"about":[{"href":"https:\/\/eltrabajo.cl\/portal\/wp-json\/wp\/v2\/types\/post"}],"author":[{"embeddable":true,"href":"https:\/\/eltrabajo.cl\/portal\/wp-json\/wp\/v2\/users\/482"}],"replies":[{"embeddable":true,"href":"https:\/\/eltrabajo.cl\/portal\/wp-json\/wp\/v2\/comments?post=40920"}],"version-history":[{"count":0,"href":"https:\/\/eltrabajo.cl\/portal\/wp-json\/wp\/v2\/posts\/40920\/revisions"}],"wp:featuredmedia":[{"embeddable":true,"href":"https:\/\/eltrabajo.cl\/portal\/wp-json\/wp\/v2\/media\/40921"}],"wp:attachment":[{"href":"https:\/\/eltrabajo.cl\/portal\/wp-json\/wp\/v2\/media?parent=40920"}],"wp:term":[{"taxonomy":"category","embeddable":true,"href":"https:\/\/eltrabajo.cl\/portal\/wp-json\/wp\/v2\/categories?post=40920"},{"taxonomy":"post_tag","embeddable":true,"href":"https:\/\/eltrabajo.cl\/portal\/wp-json\/wp\/v2\/tags?post=40920"}],"curies":[{"name":"wp","href":"https:\/\/api.w.org\/{rel}","templated":true}]}}