{"id":40927,"date":"2013-12-20T09:37:02","date_gmt":"2013-12-20T12:37:02","guid":{"rendered":"http:\/\/www.eltrabajo.cl\/portal\/?p=40927"},"modified":"2013-12-20T09:37:02","modified_gmt":"2013-12-20T12:37:02","slug":"ordenan-sumario-contra-dentista-del-cesfam-putaendo-tras-grave-denuncia","status":"publish","type":"post","link":"https:\/\/eltrabajo.cl\/portal\/ordenan-sumario-contra-dentista-del-cesfam-putaendo-tras-grave-denuncia\/","title":{"rendered":"Ordenan sumario contra dentista del Cesfam Putaendo tras grave denuncia"},"content":{"rendered":"<figure id=\"attachment_40928\" aria-describedby=\"caption-attachment-40928\" style=\"width: 190px\" class=\"wp-caption alignleft\"><a href=\"https:\/\/i0.wp.com\/www.eltrabajo.cl\/portal\/wp-content\/uploads\/2013\/12\/guillermo-reyes.jpg\"><img data-recalc-dims=\"1\" loading=\"lazy\" decoding=\"async\" class=\" wp-image-40928  \" title=\"Alcalde Guillermo Reyes: \u201cNo estamos protegiendo ni tampoco culpando a alguien, pero los hechos denunciados son graves\u201d.\" alt=\"Alcalde Guillermo Reyes: \u201cNo estamos protegiendo ni tampoco culpando a alguien, pero los hechos denunciados son graves\u201d.\" src=\"https:\/\/i0.wp.com\/www.eltrabajo.cl\/portal\/wp-content\/uploads\/2013\/12\/guillermo-reyes.jpg?resize=190%2C172\" width=\"190\" height=\"172\" srcset=\"https:\/\/i0.wp.com\/eltrabajo.cl\/portal\/wp-content\/uploads\/2013\/12\/guillermo-reyes.jpg?w=529&amp;ssl=1 529w, https:\/\/i0.wp.com\/eltrabajo.cl\/portal\/wp-content\/uploads\/2013\/12\/guillermo-reyes.jpg?resize=166%2C150&amp;ssl=1 166w, https:\/\/i0.wp.com\/eltrabajo.cl\/portal\/wp-content\/uploads\/2013\/12\/guillermo-reyes.jpg?resize=300%2C271&amp;ssl=1 300w, https:\/\/i0.wp.com\/eltrabajo.cl\/portal\/wp-content\/uploads\/2013\/12\/guillermo-reyes.jpg?resize=150%2C135&amp;ssl=1 150w, https:\/\/i0.wp.com\/eltrabajo.cl\/portal\/wp-content\/uploads\/2013\/12\/guillermo-reyes.jpg?resize=400%2C361&amp;ssl=1 400w\" sizes=\"auto, (max-width: 190px) 100vw, 190px\" \/><\/a><figcaption id=\"caption-attachment-40928\" class=\"wp-caption-text\">Alcalde Guillermo Reyes: \u201cNo estamos protegiendo ni tampoco culpando a alguien, pero los hechos denunciados son graves\u201d.<\/figcaption><\/figure>\n<p><strong>PUTAENDO<\/strong>.- Luego de conocida la denuncia hecha por la se\u00f1ora Nora Herrera a trav\u00e9s de Diario El Trabajo, el Alcalde Guillermo Reyes confirm\u00f3 que ha ordenado el inicio de un sumario para investigar la grave denuncia realizada contra el Dr. Javier Hern\u00e1ndez.<\/p>\n<p>La primera autoridad comunal dijo que se reuni\u00f3 personalmente con la se\u00f1ora Nora Herrera y que hoy puede decir con mucha claridad que los hechos denunciados son totalmente graves, por lo que el mi\u00e9rcoles reci\u00e9n pasado ha firmado el decreto que da inicio a un sumario donde el fiscal deber\u00e1 investigar la denuncia.<\/p>\n<p>El edil adelant\u00f3 que en este caso aparece la figura de un testigo muy importante que estaba en el lugar mientras la se\u00f1ora Nora era atendida por el denunciado, lo que facilitar\u00e1 la investigaci\u00f3n, a diferencia de otros reclamos donde no existieron pruebas o testimonios m\u00e1s s\u00f3lidos en otras denuncias.<\/p>\n<p>\u201cDe modo alguno estamos protegiendo ni tampoco culpando a alguien, los hechos denunciados son graves, por lo que en forma inmediata he ordenado un sumario y como alcalde me he interiorizado de los pormenores de este hecho, y quiero dejar en claro que aqu\u00ed no existen redes de protecci\u00f3n a favor del m\u00e9dico, pero tambi\u00e9n existe el debido proceso que establece un sumario para investigar esta acusaci\u00f3n, aunque debo se\u00f1alar con franqueza que las personas que se atienden en el Cesfam no son clientes, son usuarios que son nuestros vecinos y que se merecen un trato digno y respetuoso, por lo que al escuchar a la se\u00f1ora Nora no tengo por qu\u00e9 poner en duda sus dichos, pero no puedo como patr\u00f3n de fundo despedir, sacar a alguien y poner a otro. Aqu\u00ed tambi\u00e9n el m\u00e9dico tendr\u00e1 la oportunidad de hacer sus descargos y el fiscal en la investigaci\u00f3n debe esclarecer como ocurrieron los hechos, y es por esto que le pido a la comunidad que conf\u00ede en la transparencia con la que siempre este alcalde y el municipio ha actuado\u201d.<\/p>\n<p>Patricio Gallardo M.<\/p>\n<p>&nbsp;<\/p>\n","protected":false},"excerpt":{"rendered":"<p>PUTAENDO.- Luego de conocida la denuncia hecha por la se\u00f1ora Nora Herrera a trav\u00e9s de Diario El Trabajo, el Alcalde Guillermo Reyes confirm\u00f3 que ha ordenado el inicio de un sumario para&#8230;<\/p>\n","protected":false},"author":482,"featured_media":40928,"comment_status":"open","ping_status":"closed","sticky":false,"template":"","format":"standard","meta":{"advanced_seo_description":"","jetpack_seo_html_title":"","jetpack_seo_noindex":false,"_jetpack_memberships_contains_paid_content":false,"footnotes":""},"categories":[1],"tags":[],"class_list":["post-40927","post","type-post","status-publish","format-standard","has-post-thumbnail","hentry","category-cronica"],"jetpack_featured_media_url":"https:\/\/i0.wp.com\/eltrabajo.cl\/portal\/wp-content\/uploads\/2013\/12\/guillermo-reyes.jpg?fit=529%2C478&ssl=1","jetpack_sharing_enabled":true,"jetpack_likes_enabled":true,"jetpack-related-posts":[],"_links":{"self":[{"href":"https:\/\/eltrabajo.cl\/portal\/wp-json\/wp\/v2\/posts\/40927","targetHints":{"allow":["GET"]}}],"collection":[{"href":"https:\/\/eltrabajo.cl\/portal\/wp-json\/wp\/v2\/posts"}],"about":[{"href":"https:\/\/eltrabajo.cl\/portal\/wp-json\/wp\/v2\/types\/post"}],"author":[{"embeddable":true,"href":"https:\/\/eltrabajo.cl\/portal\/wp-json\/wp\/v2\/users\/482"}],"replies":[{"embeddable":true,"href":"https:\/\/eltrabajo.cl\/portal\/wp-json\/wp\/v2\/comments?post=40927"}],"version-history":[{"count":0,"href":"https:\/\/eltrabajo.cl\/portal\/wp-json\/wp\/v2\/posts\/40927\/revisions"}],"wp:featuredmedia":[{"embeddable":true,"href":"https:\/\/eltrabajo.cl\/portal\/wp-json\/wp\/v2\/media\/40928"}],"wp:attachment":[{"href":"https:\/\/eltrabajo.cl\/portal\/wp-json\/wp\/v2\/media?parent=40927"}],"wp:term":[{"taxonomy":"category","embeddable":true,"href":"https:\/\/eltrabajo.cl\/portal\/wp-json\/wp\/v2\/categories?post=40927"},{"taxonomy":"post_tag","embeddable":true,"href":"https:\/\/eltrabajo.cl\/portal\/wp-json\/wp\/v2\/tags?post=40927"}],"curies":[{"name":"wp","href":"https:\/\/api.w.org\/{rel}","templated":true}]}}